{"id":153173,"date":"2020-04-24T09:40:32","date_gmt":"2020-04-24T06:40:32","guid":{"rendered":"http:\/\/arantv.az\/?p=153173"},"modified":"2020-04-24T09:40:32","modified_gmt":"2020-04-24T06:40:32","slug":"vilay%c9%99t-eyvazovdan-yeni-t%c9%99yinat-43","status":"publish","type":"post","link":"https:\/\/arantv.az\/?p=153173","title":{"rendered":"Vilay\u0259t Eyvazovdan yeni T\u018fY\u0130NAT"},"content":{"rendered":"<p>Daxili \u0130\u015fl\u0259r orqanlar\u0131nda yeni kadr d\u0259yi\u015fikliyi olub.Bu bar\u0259d\u0259 nazir, general-polkovnik Vilay\u0259t Eyvazov \u0259mr imzalay\u0131b.<\/p>\n<p>\u018fmr\u0259 \u0259sas\u0259n, polis mayoru M\u0259h\u0259mm\u0259d \u018fhm\u0259db\u0259yli Suraxan\u0131 Rayon Polis \u0130dar\u0259sinin 32-ci Polis B\u00f6lm\u0259sinin r\u0259isi v\u0259zif\u0259sin\u0259 t\u0259yinat al\u0131b.<\/p>\n<p>Qeyd ed\u0259k ki, \u00f6t\u0259n g\u00fcn Suraxan\u0131 RP\u0130-nin 32-ci Polis B\u00f6lm\u0259sinin r\u0259isi, polis mayoru R\u0259\u015fad Quliyevin i\u015fd\u0259n azad olunmas\u0131 bar\u0259d\u0259\u00a0<a href=\"https:\/\/oxu.az\/society\/383048\" target=\"_blank\" rel=\"noopener\">m\u0259lumat<\/a>\u00a0yaym\u0131\u015fd\u0131q. oxu.az<\/p>\n","protected":false},"excerpt":{"rendered":"<p>Daxili \u0130\u015fl\u0259r orqanlar\u0131nda yeni kadr d\u0259yi\u015fikliyi olub.Bu bar\u0259d\u0259 nazir, general-polkovnik Vilay\u0259t Eyvazov \u0259mr imzalay\u0131b. \u018fmr\u0259 \u0259sas\u0259n, polis mayoru M\u0259h\u0259mm\u0259d \u018fhm\u0259db\u0259yli Suraxan\u0131 Rayon Polis \u0130dar\u0259sinin 32-ci Polis B\u00f6lm\u0259sinin r\u0259isi v\u0259zif\u0259sin\u0259 t\u0259yinat al\u0131b. Qeyd ed\u0259k ki, \u00f6t\u0259n g\u00fcn Suraxan\u0131 RP\u0130-nin 32-ci Polis B\u00f6lm\u0259sinin r\u0259isi, polis mayoru R\u0259\u015fad Quliyevin i\u015fd\u0259n azad olunmas\u0131 bar\u0259d\u0259\u00a0m\u0259lumat\u00a0yaym\u0131\u015fd\u0131q. oxu.az<\/p>\n","protected":false},"author":2,"featured_media":153174,"comment_status":"closed","ping_status":"closed","sticky":false,"template":"","format":"standard","meta":{"om_disable_all_campaigns":false,"_monsterinsights_skip_tracking":false,"_monsterinsights_sitenote_active":false,"_monsterinsights_sitenote_note":"","_monsterinsights_sitenote_category":0},"categories":[19],"tags":[],"aioseo_notices":[],"gutentor_comment":0,"rttpg_featured_image_url":{"full":["https:\/\/arantv.az\/wp-content\/uploads\/2020\/04\/nazir.jpg",620,388,false],"landscape":["https:\/\/arantv.az\/wp-content\/uploads\/2020\/04\/nazir.jpg",620,388,false],"portraits":["https:\/\/arantv.az\/wp-content\/uploads\/2020\/04\/nazir.jpg",620,388,false],"thumbnail":["https:\/\/arantv.az\/wp-content\/uploads\/2020\/04\/nazir-150x150.jpg",150,150,true],"medium":["https:\/\/arantv.az\/wp-content\/uploads\/2020\/04\/nazir-300x188.jpg",300,188,true],"large":["https:\/\/arantv.az\/wp-content\/uploads\/2020\/04\/nazir.jpg",620,388,false],"1536x1536":["https:\/\/arantv.az\/wp-content\/uploads\/2020\/04\/nazir.jpg",620,388,false],"2048x2048":["https:\/\/arantv.az\/wp-content\/uploads\/2020\/04\/nazir.jpg",620,388,false],"post-thumbnail":["https:\/\/arantv.az\/wp-content\/uploads\/2020\/04\/nazir-240x172.jpg",240,172,true],"advps-thumb-one":["https:\/\/arantv.az\/wp-content\/uploads\/2020\/04\/nazir.jpg",620,388,false]},"rttpg_author":{"display_name":"V\u00fcsal Rafiqo\u011flu","author_link":"https:\/\/arantv.az\/?author=2"},"rttpg_comment":0,"rttpg_category":"<a href=\"https:\/\/arantv.az\/?cat=19\" rel=\"category\">G\u00fcnd\u0259m<\/a>","rttpg_excerpt":"Daxili \u0130\u015fl\u0259r orqanlar\u0131nda yeni kadr d\u0259yi\u015fikliyi olub.Bu bar\u0259d\u0259 nazir, general-polkovnik Vilay\u0259t Eyvazov \u0259mr imzalay\u0131b. \u018fmr\u0259 \u0259sas\u0259n, polis mayoru M\u0259h\u0259mm\u0259d \u018fhm\u0259db\u0259yli Suraxan\u0131 Rayon Polis \u0130dar\u0259sinin 32-ci Polis B\u00f6lm\u0259sinin r\u0259isi v\u0259zif\u0259sin\u0259 t\u0259yinat al\u0131b. Qeyd ed\u0259k ki, \u00f6t\u0259n g\u00fcn Suraxan\u0131 RP\u0130-nin 32-ci Polis B\u00f6lm\u0259sinin r\u0259isi, polis mayoru R\u0259\u015fad Quliyevin i\u015fd\u0259n azad olunmas\u0131 bar\u0259d\u0259\u00a0m\u0259lumat\u00a0yaym\u0131\u015fd\u0131q. oxu.az","_links":{"self":[{"href":"https:\/\/arantv.az\/index.php?rest_route=\/wp\/v2\/posts\/153173"}],"collection":[{"href":"https:\/\/arantv.az\/index.php?rest_route=\/wp\/v2\/posts"}],"about":[{"href":"https:\/\/arantv.az\/index.php?rest_route=\/wp\/v2\/types\/post"}],"author":[{"embeddable":true,"href":"https:\/\/arantv.az\/index.php?rest_route=\/wp\/v2\/users\/2"}],"replies":[{"embeddable":true,"href":"https:\/\/arantv.az\/index.php?rest_route=%2Fwp%2Fv2%2Fcomments&post=153173"}],"version-history":[{"count":0,"href":"https:\/\/arantv.az\/index.php?rest_route=\/wp\/v2\/posts\/153173\/revisions"}],"wp:featuredmedia":[{"embeddable":true,"href":"https:\/\/arantv.az\/index.php?rest_route=\/wp\/v2\/media\/153174"}],"wp:attachment":[{"href":"https:\/\/arantv.az\/index.php?rest_route=%2Fwp%2Fv2%2Fmedia&parent=153173"}],"wp:term":[{"taxonomy":"category","embeddable":true,"href":"https:\/\/arantv.az\/index.php?rest_route=%2Fwp%2Fv2%2Fcategories&post=153173"},{"taxonomy":"post_tag","embeddable":true,"href":"https:\/\/arantv.az\/index.php?rest_route=%2Fwp%2Fv2%2Ftags&post=153173"}],"curies":[{"name":"wp","href":"https:\/\/api.w.org\/{rel}","templated":true}]}}