{"id":153218,"date":"2020-04-24T10:25:09","date_gmt":"2020-04-24T07:25:09","guid":{"rendered":"http:\/\/arantv.az\/?p=153218"},"modified":"2020-04-24T10:25:09","modified_gmt":"2020-04-24T07:25:09","slug":"az%c9%99rbaycan-aviatorlari-qanverm%c9%99-aksiyasinda-istirak-etdil%c9%99r-foto","status":"publish","type":"post","link":"https:\/\/arantv.az\/?p=153218","title":{"rendered":"Az\u0259rbaycan aviatorlar\u0131 qanverm\u0259 aksiyas\u0131nda i\u015ftirak etdil\u0259r &#8211; FOTO"},"content":{"rendered":"<article class=\"news\">\n<div class=\"news-inner\">\n<p>Az\u0259rbaycan\u0131n milli aviada\u015f\u0131y\u0131c\u0131s\u0131 Birinci vitse-prezident, Heyd\u0259r \u018fliyev Fondunun prezidenti Mehriban \u018fliyevan\u0131n t\u0259\u015f\u0259bb\u00fcs\u00fc il\u0259 ba\u015flanan qanverm\u0259 aksiyas\u0131na qo\u015fulub.<\/p>\n<p>Bu m\u0259rh\u0259l\u0259d\u0259 300-d\u0259n \u00e7ox Az\u0259rbaycan aviatoru\u00a0qanverm\u0259 aksiyas\u0131nda i\u015ftirak edib.<\/p>\n<div id=\"AdviadNativeVideo0\" class=\"AdviadNativeVideo\">\n<div id=\"NMCallButton-box\">\n<div><\/div>\n<\/div>\n<\/div>\n<p>Qan\u0131n verilm\u0259si x\u00fcsusi c\u0259dv\u0259l\u0259 \u0259sas\u0259n, karantin rejiminin t\u0259l\u0259bl\u0259rin\u0259 riay\u0259t olunmaqla h\u0259yata ke\u00e7irilib.<\/p>\n<p>Qeyd ed\u0259k ki, k\u00f6n\u00fcll\u00fc qanverm\u0259 aksiyas\u0131 irsi qan x\u0259st\u0259likl\u0259rind\u0259n, x\u00fcsus\u0259n talassemiyadan \u0259ziyy\u0259t \u00e7\u0259k\u0259n insanlara k\u00f6m\u0259k etm\u0259k m\u0259qs\u0259dil\u0259 Heyd\u0259r \u018fliyev Fondu t\u0259r\u0259find\u0259n ba\u015flan\u0131b.<\/p>\n<div class=\"gallery\">\n<div class=\"gallery-i\"><img src=\"https:\/\/cdn.oxu.az\/uploads\/W1siZiIsIjIwMjAvMDQvMjQvMTAvNDUvMTEvMjNmYzIwYWItZjg1Ni00OTQwLWJmYjQtNDkzMmI1OWE4ZjkzL0FaQUxfYmxvb2RfMS5KUEciXSxbInAiLCJlbmNvZGUiLCJqcGciLCItcXVhbGl0eSA4MCJdLFsicCIsInRodW1iIiwiNTkweDU5MFx1MDAzZSJdXQ?sha=e0fb8aea0adf7af0\" alt=\"\" \/><\/p>\n<div class=\"gallery-i-caption\"><\/div>\n<\/div>\n<\/div>\n<\/div>\n<\/article>\n","protected":false},"excerpt":{"rendered":"<p>Az\u0259rbaycan\u0131n milli aviada\u015f\u0131y\u0131c\u0131s\u0131 Birinci vitse-prezident, Heyd\u0259r \u018fliyev Fondunun prezidenti Mehriban \u018fliyevan\u0131n t\u0259\u015f\u0259bb\u00fcs\u00fc il\u0259 ba\u015flanan qanverm\u0259 aksiyas\u0131na qo\u015fulub. Bu m\u0259rh\u0259l\u0259d\u0259 300-d\u0259n \u00e7ox Az\u0259rbaycan aviatoru\u00a0qanverm\u0259 aksiyas\u0131nda i\u015ftirak edib. Qan\u0131n verilm\u0259si x\u00fcsusi c\u0259dv\u0259l\u0259 \u0259sas\u0259n, karantin rejiminin t\u0259l\u0259bl\u0259rin\u0259 riay\u0259t olunmaqla h\u0259yata ke\u00e7irilib. Qeyd ed\u0259k ki, k\u00f6n\u00fcll\u00fc qanverm\u0259 aksiyas\u0131 irsi qan x\u0259st\u0259likl\u0259rind\u0259n, x\u00fcsus\u0259n talassemiyadan \u0259ziyy\u0259t \u00e7\u0259k\u0259n insanlara k\u00f6m\u0259k etm\u0259k m\u0259qs\u0259dil\u0259 Heyd\u0259r \u018fliyev Fondu t\u0259r\u0259find\u0259n ba\u015flan\u0131b.<\/p>\n","protected":false},"author":2,"featured_media":153219,"comment_status":"closed","ping_status":"closed","sticky":false,"template":"","format":"standard","meta":{"om_disable_all_campaigns":false,"_monsterinsights_skip_tracking":false,"_monsterinsights_sitenote_active":false,"_monsterinsights_sitenote_note":"","_monsterinsights_sitenote_category":0},"categories":[19],"tags":[],"aioseo_notices":[],"gutentor_comment":0,"rttpg_featured_image_url":{"full":["https:\/\/arantv.az\/wp-content\/uploads\/2020\/04\/AZAL_blood_2.jpg",620,413,false],"landscape":["https:\/\/arantv.az\/wp-content\/uploads\/2020\/04\/AZAL_blood_2.jpg",620,413,false],"portraits":["https:\/\/arantv.az\/wp-content\/uploads\/2020\/04\/AZAL_blood_2.jpg",620,413,false],"thumbnail":["https:\/\/arantv.az\/wp-content\/uploads\/2020\/04\/AZAL_blood_2-150x150.jpg",150,150,true],"medium":["https:\/\/arantv.az\/wp-content\/uploads\/2020\/04\/AZAL_blood_2-300x200.jpg",300,200,true],"large":["https:\/\/arantv.az\/wp-content\/uploads\/2020\/04\/AZAL_blood_2.jpg",620,413,false],"1536x1536":["https:\/\/arantv.az\/wp-content\/uploads\/2020\/04\/AZAL_blood_2.jpg",620,413,false],"2048x2048":["https:\/\/arantv.az\/wp-content\/uploads\/2020\/04\/AZAL_blood_2.jpg",620,413,false],"post-thumbnail":["https:\/\/arantv.az\/wp-content\/uploads\/2020\/04\/AZAL_blood_2-240x172.jpg",240,172,true],"advps-thumb-one":["https:\/\/arantv.az\/wp-content\/uploads\/2020\/04\/AZAL_blood_2.jpg",620,413,false]},"rttpg_author":{"display_name":"V\u00fcsal Rafiqo\u011flu","author_link":"https:\/\/arantv.az\/?author=2"},"rttpg_comment":0,"rttpg_category":"<a href=\"https:\/\/arantv.az\/?cat=19\" rel=\"category\">G\u00fcnd\u0259m<\/a>","rttpg_excerpt":"Az\u0259rbaycan\u0131n milli aviada\u015f\u0131y\u0131c\u0131s\u0131 Birinci vitse-prezident, Heyd\u0259r \u018fliyev Fondunun prezidenti Mehriban \u018fliyevan\u0131n t\u0259\u015f\u0259bb\u00fcs\u00fc il\u0259 ba\u015flanan qanverm\u0259 aksiyas\u0131na qo\u015fulub. Bu m\u0259rh\u0259l\u0259d\u0259 300-d\u0259n \u00e7ox Az\u0259rbaycan aviatoru\u00a0qanverm\u0259 aksiyas\u0131nda i\u015ftirak edib. Qan\u0131n verilm\u0259si x\u00fcsusi c\u0259dv\u0259l\u0259 \u0259sas\u0259n, karantin rejiminin t\u0259l\u0259bl\u0259rin\u0259 riay\u0259t olunmaqla h\u0259yata ke\u00e7irilib. Qeyd ed\u0259k ki, k\u00f6n\u00fcll\u00fc qanverm\u0259 aksiyas\u0131 irsi qan x\u0259st\u0259likl\u0259rind\u0259n, x\u00fcsus\u0259n talassemiyadan \u0259ziyy\u0259t \u00e7\u0259k\u0259n insanlara k\u00f6m\u0259k etm\u0259k m\u0259qs\u0259dil\u0259&hellip;","_links":{"self":[{"href":"https:\/\/arantv.az\/index.php?rest_route=\/wp\/v2\/posts\/153218"}],"collection":[{"href":"https:\/\/arantv.az\/index.php?rest_route=\/wp\/v2\/posts"}],"about":[{"href":"https:\/\/arantv.az\/index.php?rest_route=\/wp\/v2\/types\/post"}],"author":[{"embeddable":true,"href":"https:\/\/arantv.az\/index.php?rest_route=\/wp\/v2\/users\/2"}],"replies":[{"embeddable":true,"href":"https:\/\/arantv.az\/index.php?rest_route=%2Fwp%2Fv2%2Fcomments&post=153218"}],"version-history":[{"count":0,"href":"https:\/\/arantv.az\/index.php?rest_route=\/wp\/v2\/posts\/153218\/revisions"}],"wp:featuredmedia":[{"embeddable":true,"href":"https:\/\/arantv.az\/index.php?rest_route=\/wp\/v2\/media\/153219"}],"wp:attachment":[{"href":"https:\/\/arantv.az\/index.php?rest_route=%2Fwp%2Fv2%2Fmedia&parent=153218"}],"wp:term":[{"taxonomy":"category","embeddable":true,"href":"https:\/\/arantv.az\/index.php?rest_route=%2Fwp%2Fv2%2Fcategories&post=153218"},{"taxonomy":"post_tag","embeddable":true,"href":"https:\/\/arantv.az\/index.php?rest_route=%2Fwp%2Fv2%2Ftags&post=153218"}],"curies":[{"name":"wp","href":"https:\/\/api.w.org\/{rel}","templated":true}]}}