{"id":153222,"date":"2020-04-24T10:26:03","date_gmt":"2020-04-24T07:26:03","guid":{"rendered":"http:\/\/arantv.az\/?p=153222"},"modified":"2020-04-24T10:26:03","modified_gmt":"2020-04-24T07:26:03","slug":"tacikistan-prezidenti-orucu-daha-%c9%99lverisli-vaxta-kecir%c9%99k","status":"publish","type":"post","link":"https:\/\/arantv.az\/?p=153222","title":{"rendered":"Tacikistan prezidenti: \u201cOrucu daha \u0259lveri\u015fli vaxta ke\u00e7ir\u0259k\u201d"},"content":{"rendered":"<p>Tacikistan Prezidenti Emomali R\u0259hmon m\u00fcs\u0259lmanlar\u0131 Ramazan ay\u0131n\u0131n g\u0259li\u015fi m\u00fcnasib\u0259til\u0259 t\u0259brik edib v\u0259 eyni zamanda, orucu daha \u0259lveri\u015fli vaxtda tutma\u011f\u0131 t\u0259klif edib.<\/p>\n<p>Bu bar\u0259d\u0259 \u201cRavdio Ozodi\u201d x\u0259b\u0259r yay\u0131b.<\/p>\n<p>Tacikistanda koronavirusa bir yoluxma hal\u0131n\u0131n bel\u0259 olmad\u0131\u011f\u0131n\u0131 vur\u011fulayan Emomali R\u0259hmon h\u0259mv\u0259t\u0259nl\u0259rini evd\u0259 gigiyena qaydalar\u0131na daha \u00e7ox \u0259h\u0259miyy\u0259t verm\u0259y\u0259, evl\u0259rini, i\u015f yerl\u0259rini v\u0259 ictimai yerl\u0259ri t\u0259miz saxlama\u011fa, \u00f6zl\u0259rini, ail\u0259 \u00fczvl\u0259rini\u00a0v\u0259 \u00fcmumilikd\u0259, b\u00fct\u00fcn c\u0259miyy\u0259ti qorumaq \u00fc\u00e7\u00fcn s\u0259y g\u00f6st\u0259rm\u0259y\u0259 \u00e7a\u011f\u0131r\u0131b.<\/p>\n<div id=\"AdviadNativeVideo0\" class=\"AdviadNativeVideo\">\n<div id=\"NMCallButton-box\">\n<div><\/div>\n<\/div>\n<\/div>\n<p>Tacikistan prezidentinin s\u00f6zl\u0259rin\u0259 g\u00f6r\u0259, bu il Ramazan ay\u0131\u00a0t\u0259hl\u00fck\u0259li koronavirus pandemiyas\u0131 il\u0259 yana\u015f\u0131, yaz-tarla i\u015fl\u0259ri d\u00f6vr\u00fcn\u0259 t\u0259sad\u00fcf edir. Bu s\u0259b\u0259bd\u0259n o, fermerl\u0259ri, heyvandarl\u0131qla m\u0259\u015f\u011ful olanlar\u0131 v\u0259 \u0259kin\u00e7il\u0259ri oruc tutma\u011f\u0131 ba\u015fqa \u0259lveri\u015fli vaxta ke\u00e7irm\u0259y\u0259 \u00e7a\u011f\u0131r\u0131b.<\/p>\n<p>\u201cRamazan ay\u0131 il\u0259 \u0259laq\u0259dar i\u00e7m\u0259li su v\u0259 yem\u0259kd\u0259n imtina etm\u0259kl\u0259 \u015f\u00fcurlu \u015f\u0259kild\u0259 sa\u011flaml\u0131\u011f\u0131m\u0131za z\u0259r\u0259r verm\u0259m\u0259li v\u0259 intihar etm\u0259m\u0259liyik. \u00c7\u00fcnki g\u00fcn \u0259rzind\u0259 oruc tutmaqla immunitet z\u0259ifl\u0259yir v\u0259 onu yoluxucu x\u0259st\u0259likl\u0259r\u0259 daha h\u0259ssas edir\u201d.<\/p>\n<p>Qeyd ed\u0259k ki, Tacikistanda koronavirus epidemiyas\u0131na qar\u015f\u0131 t\u0259dbirl\u0259r \u00e7\u0259r\u00e7iv\u0259sind\u0259 m\u0259scidl\u0259rd\u0259 camaat namaz\u0131 m\u0259hdudla\u015fd\u0131r\u0131l\u0131b. Bundan ba\u015fqa,\u00a0kollektiv iftarlar, bayram g\u0259zintil\u0259ri qada\u011fan edilib.<\/p>\n","protected":false},"excerpt":{"rendered":"<p>Tacikistan Prezidenti Emomali R\u0259hmon m\u00fcs\u0259lmanlar\u0131 Ramazan ay\u0131n\u0131n g\u0259li\u015fi m\u00fcnasib\u0259til\u0259 t\u0259brik edib v\u0259 eyni zamanda, orucu daha \u0259lveri\u015fli vaxtda tutma\u011f\u0131 t\u0259klif edib. Bu bar\u0259d\u0259 \u201cRavdio Ozodi\u201d x\u0259b\u0259r yay\u0131b. Tacikistanda koronavirusa bir yoluxma hal\u0131n\u0131n bel\u0259 olmad\u0131\u011f\u0131n\u0131 vur\u011fulayan Emomali R\u0259hmon h\u0259mv\u0259t\u0259nl\u0259rini evd\u0259 gigiyena qaydalar\u0131na daha \u00e7ox \u0259h\u0259miyy\u0259t verm\u0259y\u0259, evl\u0259rini, i\u015f yerl\u0259rini v\u0259 ictimai yerl\u0259ri t\u0259miz saxlama\u011fa, \u00f6zl\u0259rini, ail\u0259 \u00fczvl\u0259rini\u00a0v\u0259 \u00fcmumilikd\u0259, b\u00fct\u00fcn c\u0259miyy\u0259ti qorumaq \u00fc\u00e7\u00fcn s\u0259y g\u00f6st\u0259rm\u0259y\u0259 \u00e7a\u011f\u0131r\u0131b. Tacikistan prezidentinin s\u00f6zl\u0259rin\u0259 g\u00f6r\u0259, bu il Ramazan ay\u0131\u00a0t\u0259hl\u00fck\u0259li koronavirus pandemiyas\u0131 il\u0259 yana\u015f\u0131, yaz-tarla i\u015fl\u0259ri d\u00f6vr\u00fcn\u0259 t\u0259sad\u00fcf edir. Bu s\u0259b\u0259bd\u0259n o, fermerl\u0259ri, heyvandarl\u0131qla m\u0259\u015f\u011ful olanlar\u0131 v\u0259 \u0259kin\u00e7il\u0259ri&hellip;<\/p>\n","protected":false},"author":2,"featured_media":153223,"comment_status":"closed","ping_status":"closed","sticky":false,"template":"","format":"standard","meta":{"om_disable_all_campaigns":false,"_monsterinsights_skip_tracking":false,"_monsterinsights_sitenote_active":false,"_monsterinsights_sitenote_note":"","_monsterinsights_sitenote_category":0},"categories":[7],"tags":[],"aioseo_notices":[],"gutentor_comment":0,"rttpg_featured_image_url":{"full":["https:\/\/arantv.az\/wp-content\/uploads\/2020\/04\/B0D88E3F-0256-4D97-B0B1-13C214024999_cx0_cy1_cw0_w1200_r1.jpg",620,349,false],"landscape":["https:\/\/arantv.az\/wp-content\/uploads\/2020\/04\/B0D88E3F-0256-4D97-B0B1-13C214024999_cx0_cy1_cw0_w1200_r1.jpg",620,349,false],"portraits":["https:\/\/arantv.az\/wp-content\/uploads\/2020\/04\/B0D88E3F-0256-4D97-B0B1-13C214024999_cx0_cy1_cw0_w1200_r1.jpg",620,349,false],"thumbnail":["https:\/\/arantv.az\/wp-content\/uploads\/2020\/04\/B0D88E3F-0256-4D97-B0B1-13C214024999_cx0_cy1_cw0_w1200_r1-150x150.jpg",150,150,true],"medium":["https:\/\/arantv.az\/wp-content\/uploads\/2020\/04\/B0D88E3F-0256-4D97-B0B1-13C214024999_cx0_cy1_cw0_w1200_r1-300x169.jpg",300,169,true],"large":["https:\/\/arantv.az\/wp-content\/uploads\/2020\/04\/B0D88E3F-0256-4D97-B0B1-13C214024999_cx0_cy1_cw0_w1200_r1.jpg",620,349,false],"1536x1536":["https:\/\/arantv.az\/wp-content\/uploads\/2020\/04\/B0D88E3F-0256-4D97-B0B1-13C214024999_cx0_cy1_cw0_w1200_r1.jpg",620,349,false],"2048x2048":["https:\/\/arantv.az\/wp-content\/uploads\/2020\/04\/B0D88E3F-0256-4D97-B0B1-13C214024999_cx0_cy1_cw0_w1200_r1.jpg",620,349,false],"post-thumbnail":["https:\/\/arantv.az\/wp-content\/uploads\/2020\/04\/B0D88E3F-0256-4D97-B0B1-13C214024999_cx0_cy1_cw0_w1200_r1-240x172.jpg",240,172,true],"advps-thumb-one":["https:\/\/arantv.az\/wp-content\/uploads\/2020\/04\/B0D88E3F-0256-4D97-B0B1-13C214024999_cx0_cy1_cw0_w1200_r1.jpg",620,349,false]},"rttpg_author":{"display_name":"V\u00fcsal Rafiqo\u011flu","author_link":"https:\/\/arantv.az\/?author=2"},"rttpg_comment":0,"rttpg_category":"<a href=\"https:\/\/arantv.az\/?cat=7\" rel=\"category\">D\u00fcnya<\/a>","rttpg_excerpt":"Tacikistan Prezidenti Emomali R\u0259hmon m\u00fcs\u0259lmanlar\u0131 Ramazan ay\u0131n\u0131n g\u0259li\u015fi m\u00fcnasib\u0259til\u0259 t\u0259brik edib v\u0259 eyni zamanda, orucu daha \u0259lveri\u015fli vaxtda tutma\u011f\u0131 t\u0259klif edib. Bu bar\u0259d\u0259 \u201cRavdio Ozodi\u201d x\u0259b\u0259r yay\u0131b. Tacikistanda koronavirusa bir yoluxma hal\u0131n\u0131n bel\u0259 olmad\u0131\u011f\u0131n\u0131 vur\u011fulayan Emomali R\u0259hmon h\u0259mv\u0259t\u0259nl\u0259rini evd\u0259 gigiyena qaydalar\u0131na daha \u00e7ox \u0259h\u0259miyy\u0259t verm\u0259y\u0259, evl\u0259rini, i\u015f yerl\u0259rini v\u0259 ictimai yerl\u0259ri t\u0259miz saxlama\u011fa, \u00f6zl\u0259rini, ail\u0259&hellip;","_links":{"self":[{"href":"https:\/\/arantv.az\/index.php?rest_route=\/wp\/v2\/posts\/153222"}],"collection":[{"href":"https:\/\/arantv.az\/index.php?rest_route=\/wp\/v2\/posts"}],"about":[{"href":"https:\/\/arantv.az\/index.php?rest_route=\/wp\/v2\/types\/post"}],"author":[{"embeddable":true,"href":"https:\/\/arantv.az\/index.php?rest_route=\/wp\/v2\/users\/2"}],"replies":[{"embeddable":true,"href":"https:\/\/arantv.az\/index.php?rest_route=%2Fwp%2Fv2%2Fcomments&post=153222"}],"version-history":[{"count":0,"href":"https:\/\/arantv.az\/index.php?rest_route=\/wp\/v2\/posts\/153222\/revisions"}],"wp:featuredmedia":[{"embeddable":true,"href":"https:\/\/arantv.az\/index.php?rest_route=\/wp\/v2\/media\/153223"}],"wp:attachment":[{"href":"https:\/\/arantv.az\/index.php?rest_route=%2Fwp%2Fv2%2Fmedia&parent=153222"}],"wp:term":[{"taxonomy":"category","embeddable":true,"href":"https:\/\/arantv.az\/index.php?rest_route=%2Fwp%2Fv2%2Fcategories&post=153222"},{"taxonomy":"post_tag","embeddable":true,"href":"https:\/\/arantv.az\/index.php?rest_route=%2Fwp%2Fv2%2Ftags&post=153222"}],"curies":[{"name":"wp","href":"https:\/\/api.w.org\/{rel}","templated":true}]}}