{"id":153300,"date":"2020-04-24T12:28:47","date_gmt":"2020-04-24T09:28:47","guid":{"rendered":"http:\/\/arantv.az\/?p=153300"},"modified":"2020-04-24T12:28:47","modified_gmt":"2020-04-24T09:28:47","slug":"milli-m%c9%99clis-ombudsmanin-hesabatini-q%c9%99bul-etdi","status":"publish","type":"post","link":"https:\/\/arantv.az\/?p=153300","title":{"rendered":"Milli M\u0259clis Ombudsman\u0131n hesabat\u0131n\u0131 q\u0259bul etdi"},"content":{"rendered":"<p><strong>Milli M\u0259clisin bu g\u00fcn ke\u00e7iril\u0259n plenar iclas\u0131nda \u0130nsan H\u00fcquqlar\u0131 \u00fczr\u0259 M\u00fcv\u0259kkilin (Ombudsman) 2019-cu il \u00fczr\u0259 illik m\u0259ruz\u0259si dinl\u0259nilib.<\/strong><\/p>\n<p><strong>ARANTV.AZ<\/strong>\u00a0<a href=\"https:\/\/az.trend.az\/\" target=\"_blank\" rel=\"noopener\">Trend<\/a>-\u0259 istinad\u0259n x\u0259b\u0259r verir ki, iclasda Ombudsman S\u0259bin\u0259 \u018fliyeva m\u0259ruz\u0259 il\u0259 \u00e7\u0131x\u0131\u015f edib.<\/p>\n<p>S.\u018fliyeva bildirib ki, hesabat ili Az\u0259rbaycanda insan h\u00fcquq v\u0259 azadl\u0131qlar\u0131n\u0131n qorunmas\u0131 bax\u0131m\u0131ndan u\u011furlu bir il olub.<\/p>\n<p>O \u0259lav\u0259 edib ki, Prezident \u0130lham \u018fliyevin r\u0259hb\u0259rliyi il\u0259 Az\u0259rbaycanda h\u0259yata ke\u00e7iril\u0259n islahatlar insan h\u00fcquq v\u0259 azadl\u0131qlar\u0131n\u0131n etibarl\u0131 m\u00fcdafi\u0259si istiqam\u0259tind\u0259 ombudsman \u00fc\u00e7\u00fcn \u0259lveri\u015fli \u015f\u0259rait yarad\u0131b.<\/p>\n<p>M\u0259ruz\u0259d\u0259 qeyd edilib ki, Az\u0259rbaycandak\u0131 m\u0259hk\u0259m\u0259l\u0259rd\u0259n \u0130nsan H\u00fcquqlar\u0131 \u00fczr\u0259 M\u00fcv\u0259kkil\u0259 (Ombudsman) xeyli \u015fikay\u0259t daxil olub. M\u00fcraci\u0259tl\u0259rin t\u0259hlili \u0259sas\u0131nda b\u0259zi hallarda m\u0259hk\u0259m\u0259l\u0259rin \u00fcz\u0259rin\u0259 d\u00fc\u015f\u0259n v\u0259zif\u0259l\u0259ri vaxt\u0131nda v\u0259 ya oldu\u011fu kimi yerin\u0259 yetirm\u0259m\u0259si m\u0259lum olub.<\/p>\n<p>Bildirilir ki, \u00fcmumiyy\u0259tl\u0259 m\u0259hk\u0259m\u0259 q\u0259rar\u0131n\u0131n t\u0259r\u0259fl\u0259r\u0259 vaxt\u0131nda g\u00f6nd\u0259rilm\u0259m\u0259si h\u0259m s\u00fcr\u00fcnd\u00fcrm\u0259\u00e7iliy\u0259, h\u0259m d\u0259 vaxt itkisin\u0259 s\u0259b\u0259b olur. \u015eikay\u0259tl\u0259rd\u0259 icra m\u0259murlar\u0131n\u0131n etik davran\u0131\u015f qaydalar\u0131n\u0131 pozduqlar\u0131 da bildirilir. M\u0259hk\u0259m\u0259l\u0259r t\u0259r\u0259find\u0259n m\u00fc\u0259yy\u0259n aliment m\u0259bl\u0259\u011finin a\u015fa\u011f\u0131 h\u0259ddi u\u015faqlar \u00fc\u00e7\u00fcn ya\u015fay\u0131\u015f minimumunun miqdar\u0131ndan az olmamal\u0131d\u0131r. Qeyd olunub ki, bu m\u0259qs\u0259dl\u0259 m\u00fcvafiq qanunvericilik aktlar\u0131nda \u0259lav\u0259 v\u0259 d\u0259yi\u015fiklik olmal\u0131d\u0131r.<\/p>\n<p>Bunlarla yana\u015f\u0131, alimentl\u0259r, \u0259mlak, pul t\u0259l\u0259bi, \u0259m\u0259k haqq\u0131 \u00fczr\u0259 borcun \u00f6d\u0259nilm\u0259m\u0259si ba\u011fl\u0131 m\u0259hk\u0259m\u0259 q\u0259rarlar\u0131ndan da \u015fikay\u0259t verilib. Alimentl\u0259 ba\u011fl\u0131 m\u0259hk\u0259m\u0259 q\u0259rarlar\u0131n\u0131n icra edilm\u0259m\u0259si il\u0259 ba\u011fl\u0131 \u015fikay\u0259tl\u0259r is\u0259 \u00e7oxluq t\u0259\u015fkil edib. Ombudsman\u0131n n\u00f6qsanlar\u0131 aradan qald\u0131rmaq \u00fc\u00e7\u00fcn bir s\u0131ra t\u0259dbirl\u0259r g\u00f6rd\u00fcy\u00fc d\u0259 qeyd olunub.<\/p>\n<p>M\u0259ruz\u0259d\u0259, h\u0259m\u00e7inin bildirilib ki, u\u015fa\u011fa bilavasit\u0259 qulluq ed\u0259n ana buna g\u00f6r\u0259 \u00e7evik m\u0259zuniyy\u0259t g\u00f6t\u00fcrm\u0259k imkan\u0131na da malik olmal\u0131d\u0131r. Hesabatda, h\u0259m\u00e7inin, u\u015fa\u011fa qulluq ed\u0259n anan\u0131n m\u0259zuniyy\u0259t m\u00fcdd\u0259tini se\u00e7m\u0259k v\u0259 m\u00fc\u0259yy\u0259n edilmi\u015f m\u0259bl\u0259\u011fd\u0259 veril\u0259n m\u00fcavin\u0259tin h\u0259ddini h\u0259min m\u00fcdd\u0259t\u0259 uy\u011funla\u015fd\u0131rmaq h\u00fcququnun olmas\u0131 da vur\u011fulan\u0131r.<\/p>\n<p>M\u00fczakir\u0259l\u0259rd\u0259n sonra m\u0259ruz\u0259 s\u0259sverm\u0259y\u0259 qoyularaq q\u0259bul edilib.<\/p>\n","protected":false},"excerpt":{"rendered":"<p>Milli M\u0259clisin bu g\u00fcn ke\u00e7iril\u0259n plenar iclas\u0131nda \u0130nsan H\u00fcquqlar\u0131 \u00fczr\u0259 M\u00fcv\u0259kkilin (Ombudsman) 2019-cu il \u00fczr\u0259 illik m\u0259ruz\u0259si dinl\u0259nilib. ARANTV.AZ\u00a0Trend-\u0259 istinad\u0259n x\u0259b\u0259r verir ki, iclasda Ombudsman S\u0259bin\u0259 \u018fliyeva m\u0259ruz\u0259 il\u0259 \u00e7\u0131x\u0131\u015f edib. S.\u018fliyeva bildirib ki, hesabat ili Az\u0259rbaycanda insan h\u00fcquq v\u0259 azadl\u0131qlar\u0131n\u0131n qorunmas\u0131 bax\u0131m\u0131ndan u\u011furlu bir il olub. O \u0259lav\u0259 edib ki, Prezident \u0130lham \u018fliyevin r\u0259hb\u0259rliyi il\u0259 Az\u0259rbaycanda h\u0259yata ke\u00e7iril\u0259n islahatlar insan h\u00fcquq v\u0259 azadl\u0131qlar\u0131n\u0131n etibarl\u0131 m\u00fcdafi\u0259si istiqam\u0259tind\u0259 ombudsman \u00fc\u00e7\u00fcn \u0259lveri\u015fli \u015f\u0259rait yarad\u0131b. M\u0259ruz\u0259d\u0259 qeyd edilib ki, Az\u0259rbaycandak\u0131 m\u0259hk\u0259m\u0259l\u0259rd\u0259n \u0130nsan H\u00fcquqlar\u0131 \u00fczr\u0259 M\u00fcv\u0259kkil\u0259 (Ombudsman) xeyli \u015fikay\u0259t daxil olub. M\u00fcraci\u0259tl\u0259rin t\u0259hlili \u0259sas\u0131nda&hellip;<\/p>\n","protected":false},"author":2,"featured_media":153304,"comment_status":"closed","ping_status":"closed","sticky":false,"template":"","format":"standard","meta":{"om_disable_all_campaigns":false,"_monsterinsights_skip_tracking":false,"_monsterinsights_sitenote_active":false,"_monsterinsights_sitenote_note":"","_monsterinsights_sitenote_category":0},"categories":[19],"tags":[],"aioseo_notices":[],"gutentor_comment":0,"rttpg_featured_image_url":{"full":["https:\/\/arantv.az\/wp-content\/uploads\/2020\/04\/844794.jpg",800,600,false],"landscape":["https:\/\/arantv.az\/wp-content\/uploads\/2020\/04\/844794.jpg",800,600,false],"portraits":["https:\/\/arantv.az\/wp-content\/uploads\/2020\/04\/844794.jpg",800,600,false],"thumbnail":["https:\/\/arantv.az\/wp-content\/uploads\/2020\/04\/844794-150x150.jpg",150,150,true],"medium":["https:\/\/arantv.az\/wp-content\/uploads\/2020\/04\/844794-300x225.jpg",300,225,true],"large":["https:\/\/arantv.az\/wp-content\/uploads\/2020\/04\/844794.jpg",640,480,false],"1536x1536":["https:\/\/arantv.az\/wp-content\/uploads\/2020\/04\/844794.jpg",800,600,false],"2048x2048":["https:\/\/arantv.az\/wp-content\/uploads\/2020\/04\/844794.jpg",800,600,false],"post-thumbnail":["https:\/\/arantv.az\/wp-content\/uploads\/2020\/04\/844794-240x172.jpg",240,172,true],"advps-thumb-one":["https:\/\/arantv.az\/wp-content\/uploads\/2020\/04\/844794.jpg",800,600,false]},"rttpg_author":{"display_name":"V\u00fcsal Rafiqo\u011flu","author_link":"https:\/\/arantv.az\/?author=2"},"rttpg_comment":0,"rttpg_category":"<a href=\"https:\/\/arantv.az\/?cat=19\" rel=\"category\">G\u00fcnd\u0259m<\/a>","rttpg_excerpt":"Milli M\u0259clisin bu g\u00fcn ke\u00e7iril\u0259n plenar iclas\u0131nda \u0130nsan H\u00fcquqlar\u0131 \u00fczr\u0259 M\u00fcv\u0259kkilin (Ombudsman) 2019-cu il \u00fczr\u0259 illik m\u0259ruz\u0259si dinl\u0259nilib. ARANTV.AZ\u00a0Trend-\u0259 istinad\u0259n x\u0259b\u0259r verir ki, iclasda Ombudsman S\u0259bin\u0259 \u018fliyeva m\u0259ruz\u0259 il\u0259 \u00e7\u0131x\u0131\u015f edib. S.\u018fliyeva bildirib ki, hesabat ili Az\u0259rbaycanda insan h\u00fcquq v\u0259 azadl\u0131qlar\u0131n\u0131n qorunmas\u0131 bax\u0131m\u0131ndan u\u011furlu bir il olub. O \u0259lav\u0259 edib ki, Prezident \u0130lham \u018fliyevin r\u0259hb\u0259rliyi&hellip;","_links":{"self":[{"href":"https:\/\/arantv.az\/index.php?rest_route=\/wp\/v2\/posts\/153300"}],"collection":[{"href":"https:\/\/arantv.az\/index.php?rest_route=\/wp\/v2\/posts"}],"about":[{"href":"https:\/\/arantv.az\/index.php?rest_route=\/wp\/v2\/types\/post"}],"author":[{"embeddable":true,"href":"https:\/\/arantv.az\/index.php?rest_route=\/wp\/v2\/users\/2"}],"replies":[{"embeddable":true,"href":"https:\/\/arantv.az\/index.php?rest_route=%2Fwp%2Fv2%2Fcomments&post=153300"}],"version-history":[{"count":0,"href":"https:\/\/arantv.az\/index.php?rest_route=\/wp\/v2\/posts\/153300\/revisions"}],"wp:featuredmedia":[{"embeddable":true,"href":"https:\/\/arantv.az\/index.php?rest_route=\/wp\/v2\/media\/153304"}],"wp:attachment":[{"href":"https:\/\/arantv.az\/index.php?rest_route=%2Fwp%2Fv2%2Fmedia&parent=153300"}],"wp:term":[{"taxonomy":"category","embeddable":true,"href":"https:\/\/arantv.az\/index.php?rest_route=%2Fwp%2Fv2%2Fcategories&post=153300"},{"taxonomy":"post_tag","embeddable":true,"href":"https:\/\/arantv.az\/index.php?rest_route=%2Fwp%2Fv2%2Ftags&post=153300"}],"curies":[{"name":"wp","href":"https:\/\/api.w.org\/{rel}","templated":true}]}}