{"id":153308,"date":"2020-04-24T12:54:20","date_gmt":"2020-04-24T09:54:20","guid":{"rendered":"http:\/\/arantv.az\/?p=153308"},"modified":"2020-04-24T12:54:20","modified_gmt":"2020-04-24T09:54:20","slug":"sevil-mikayilova-olk%c9%99-daxilind%c9%99-insan-huquqlarinin-muv%c9%99killiyi-h%c9%99rt%c9%99r%c9%99fli-v%c9%99-q%c9%99na%c9%99tb%c9%99xsdir","status":"publish","type":"post","link":"https:\/\/arantv.az\/?p=153308","title":{"rendered":"Sevil Mikay\u0131lova: &#8220;\u00d6lk\u0259 daxilind\u0259 insan h\u00fcquqlar\u0131n\u0131n m\u00fcv\u0259killiyi h\u0259rt\u0259r\u0259fli v\u0259 q\u0259na\u0259tb\u0259x\u015fdir&#8221;"},"content":{"rendered":"<blockquote><p><em><strong>Ombudsman\u0131n illik m\u0259ruz\u0259si \u0259hat\u0259li v\u0259 m\u0259zmunludur. M\u0259ruz\u0259d\u0259 insan h\u00fcquq v\u0259 azadl\u0131qlar\u0131n\u0131n t\u0259minat\u0131 v\u0259 qorunmas\u0131 il\u0259 ba\u011fl\u0131 f\u0259aliyy\u0259tl\u0259rin b\u00fct\u00fcn istiqam\u0259tl\u0259ri laz\u0131mi q\u0259d\u0259r t\u0259hlil olunub.<\/strong><\/em><\/p><\/blockquote>\n<p><strong>ARANTV.AZ<\/strong> x\u0259b\u0259r verir ki, bunu\u00a0<a href=\"https:\/\/az.trend.az\/\" target=\"_blank\" rel=\"noopener\">Trend<\/a>-\u0259 a\u00e7\u0131qlamas\u0131nda Milli M\u0259clisin deputat\u0131 Sevil Mikay\u0131lova deyib.<\/p>\n<p>O bildirib ki, x\u00fcsusil\u0259 beyn\u0259lxalq t\u0259\u015fkilatlarla i\u015f v\u0259 beyn\u0259lxalq m\u00fcnasib\u0259tl\u0259rin inki\u015faf etdirilm\u0259si il\u0259 ba\u011fl\u0131 g\u00f6r\u00fclm\u00fc\u015f i\u015fl\u0259rin vacibliyini vur\u011fulamaq ist\u0259yir:<\/p>\n<p>&#8220;Bu sah\u0259d\u0259, xan\u0131m Ombudsman q\u0131sa m\u00fcdd\u0259td\u0259 \u00e7ox f\u0259al i\u015f g\u00f6rm\u0259y\u0259 nail olub. Az\u0259rbaycan d\u00f6vl\u0259ti \u00f6lk\u0259d\u0259 fundamental insan h\u00fcquq v\u0259 azadl\u0131qlar\u0131n\u0131n t\u0259minat\u00e7\u0131s\u0131d\u0131r v\u0259 v\u0259t\u0259nda\u015flar\u0131n b\u00fct\u00fcn h\u00fcquqlar\u0131 m\u00fcvafiq qanunvericilik aktlar\u0131 v\u0259 s\u0259n\u0259dl\u0259ri il\u0259 tam \u015f\u0259kild\u0259 qorunur, bu istiqam\u0259td\u0259 t\u0259kmill\u0259\u015fdirm\u0259 i\u015fl\u0259ri davam etdirilir. \u00d6lk\u0259 daxilind\u0259 insan h\u00fcquqlar\u0131n\u0131n m\u00fcv\u0259killiyi h\u0259rt\u0259r\u0259fli v\u0259 q\u0259na\u0259tb\u0259x\u015fdir. Lakin xarici \u0259laq\u0259l\u0259rin qurulmas\u0131 v\u0259 d\u0259rinl\u0259\u015fdirilm\u0259si m\u00fcst\u0259sna \u0259h\u0259miyy\u0259t k\u0259sb edir. Bel\u0259 ki, m\u00fct\u0259madi \u015f\u0259kild\u0259 haqs\u0131z v\u0259 \u0259sass\u0131z olaraq Az\u0259rbaycana qar\u015f\u0131 b\u0259yanatlar s\u0259sl\u0259ndir\u0259n b\u0259zi beyn\u0259lxalq t\u0259\u015fkilatlar Erm\u0259nistan\u0131n Az\u0259rbaycan torpaqlar\u0131n\u0131 i\u015f\u011fal etm\u0259si v\u0259 xalq\u0131m\u0131za qar\u015f\u0131 etnik t\u0259mizl\u0259m\u0259 siyas\u0259ti h\u0259yata ke\u00e7irm\u0259si n\u0259tic\u0259sind\u0259 1 milyondan art\u0131q qa\u00e7q\u0131n v\u0259 m\u0259cburi k\u00f6\u00e7k\u00fcn v\u0259ziyy\u0259tin\u0259 d\u00fc\u015fm\u00fc\u015f soyda\u015f\u0131m\u0131za qar\u015f\u0131 beyn\u0259lxalq h\u00fcquq v\u0259 normalar\u0131n b\u00fct\u00fcn prinsipl\u0259rinin kobudcas\u0131na pozulmas\u0131na, onlar\u0131n elementar insan haqqlar\u0131n\u0131n tapdalanmas\u0131na g\u00f6z yumurlar. M\u0259hz bu anlamda, Ombudsman Aparat\u0131n\u0131n xarici \u0259laq\u0259l\u0259ri, beyn\u0259lxalq m\u00fcst\u0259vid\u0259 h\u0259qiq\u0259ti anlatmaq, haqq s\u0259simizin daha y\u00fcks\u0259kd\u0259n e\u015fidilm\u0259si \u00fc\u00e7\u00fcn apard\u0131\u011f\u0131 i\u015f m\u00fch\u00fcm \u0259h\u0259miyy\u0259t k\u0259sb edir&#8221;.<\/p>\n<p>Mill\u0259t v\u0259kili \u0259lav\u0259 edib ki, xan\u0131m Ombudsman bir s\u0131ra m\u00fch\u00fcm t\u0259klifl\u0259rl\u0259 \u00e7\u0131x\u0131\u015f edib:<\/p>\n<p>&#8220;Bu t\u0259klifl\u0259rin h\u0259r birinin aktuall\u0131\u011f\u0131n\u0131 qeyd etm\u0259k ist\u0259rdim. Onlardan birinin \u00fcz\u0259rind\u0259 x\u00fcsusi olaraq dayanmaq ist\u0259yir\u0259m. Bu da d\u00f6vl\u0259t hesab\u0131na maliyy\u0259l\u0259\u015f\u0259n X\u00fcsusi Aliment Fondunun yarad\u0131lmas\u0131 m\u0259s\u0259l\u0259sidir. Bu t\u0259klif \u0259vv\u0259ll\u0259r d\u0259 s\u0259sl\u0259ndirilib, ancaq xan\u0131m Ombudsman\u0131n bu m\u0259s\u0259l\u0259ni yenid\u0259n \u00f6n\u0259 \u00e7\u0259km\u0259si onun \u00f6n\u0259mini bir daha g\u00f6st\u0259rir. \u018flb\u0259tt\u0259 ki, maliyy\u0259 m\u0259nb\u0259l\u0259ri v\u0259 i\u015fl\u0259m\u0259 mexanizml\u0259ri bar\u0259d\u0259 d\u00fc\u015f\u00fcnm\u0259k laz\u0131md\u0131r. Ancaq m\u0259s\u0259l\u0259 bar\u0259d\u0259 m\u00fczakir\u0259 aparmaq olar. Bel\u0259 bir t\u0259sisat valideyni i\u015fl\u0259m\u0259y\u0259n u\u015faqlar\u0131n t\u0259minat\u0131 \u00fc\u00e7\u00fcn \u0259v\u0259zsiz k\u00f6m\u0259k olar. Bu, d\u00f6vl\u0259timizin h\u0259r zaman apard\u0131\u011f\u0131 sosial y\u00f6n\u00fcml\u00fc siyas\u0259tin r\u0259hnin\u0259 d\u0259 uy\u011fundur. C\u0259miyy\u0259timizd\u0259 h\u0259r zaman ail\u0259-u\u015faq probleml\u0259rin\u0259 x\u00fcsusi h\u0259ssasl\u0131q olub. D\u00fc\u015f\u00fcn\u00fcr\u0259m ki, bel\u0259 bir Fondun f\u0259aliyy\u0259ti bir s\u0131ra sosial probleml\u0259rin h\u0259llind\u0259 k\u00f6kl\u00fc d\u00f6n\u00fc\u015f yarada bil\u0259r&#8221;.<\/p>\n","protected":false},"excerpt":{"rendered":"<p>Ombudsman\u0131n illik m\u0259ruz\u0259si \u0259hat\u0259li v\u0259 m\u0259zmunludur. M\u0259ruz\u0259d\u0259 insan h\u00fcquq v\u0259 azadl\u0131qlar\u0131n\u0131n t\u0259minat\u0131 v\u0259 qorunmas\u0131 il\u0259 ba\u011fl\u0131 f\u0259aliyy\u0259tl\u0259rin b\u00fct\u00fcn istiqam\u0259tl\u0259ri laz\u0131mi q\u0259d\u0259r t\u0259hlil olunub. ARANTV.AZ x\u0259b\u0259r verir ki, bunu\u00a0Trend-\u0259 a\u00e7\u0131qlamas\u0131nda Milli M\u0259clisin deputat\u0131 Sevil Mikay\u0131lova deyib. O bildirib ki, x\u00fcsusil\u0259 beyn\u0259lxalq t\u0259\u015fkilatlarla i\u015f v\u0259 beyn\u0259lxalq m\u00fcnasib\u0259tl\u0259rin inki\u015faf etdirilm\u0259si il\u0259 ba\u011fl\u0131 g\u00f6r\u00fclm\u00fc\u015f i\u015fl\u0259rin vacibliyini vur\u011fulamaq ist\u0259yir: &#8220;Bu sah\u0259d\u0259, xan\u0131m Ombudsman q\u0131sa m\u00fcdd\u0259td\u0259 \u00e7ox f\u0259al i\u015f g\u00f6rm\u0259y\u0259 nail olub. Az\u0259rbaycan d\u00f6vl\u0259ti \u00f6lk\u0259d\u0259 fundamental insan h\u00fcquq v\u0259 azadl\u0131qlar\u0131n\u0131n t\u0259minat\u00e7\u0131s\u0131d\u0131r v\u0259 v\u0259t\u0259nda\u015flar\u0131n b\u00fct\u00fcn h\u00fcquqlar\u0131 m\u00fcvafiq qanunvericilik aktlar\u0131 v\u0259 s\u0259n\u0259dl\u0259ri il\u0259 tam \u015f\u0259kild\u0259 qorunur, bu istiqam\u0259td\u0259&hellip;<\/p>\n","protected":false},"author":2,"featured_media":153313,"comment_status":"closed","ping_status":"closed","sticky":false,"template":"","format":"standard","meta":{"om_disable_all_campaigns":false,"_monsterinsights_skip_tracking":false,"_monsterinsights_sitenote_active":false,"_monsterinsights_sitenote_note":"","_monsterinsights_sitenote_category":0},"categories":[19],"tags":[],"aioseo_notices":[],"gutentor_comment":0,"rttpg_featured_image_url":{"full":["https:\/\/arantv.az\/wp-content\/uploads\/2020\/04\/844798.jpg",800,600,false],"landscape":["https:\/\/arantv.az\/wp-content\/uploads\/2020\/04\/844798.jpg",800,600,false],"portraits":["https:\/\/arantv.az\/wp-content\/uploads\/2020\/04\/844798.jpg",800,600,false],"thumbnail":["https:\/\/arantv.az\/wp-content\/uploads\/2020\/04\/844798-150x150.jpg",150,150,true],"medium":["https:\/\/arantv.az\/wp-content\/uploads\/2020\/04\/844798-300x225.jpg",300,225,true],"large":["https:\/\/arantv.az\/wp-content\/uploads\/2020\/04\/844798.jpg",640,480,false],"1536x1536":["https:\/\/arantv.az\/wp-content\/uploads\/2020\/04\/844798.jpg",800,600,false],"2048x2048":["https:\/\/arantv.az\/wp-content\/uploads\/2020\/04\/844798.jpg",800,600,false],"post-thumbnail":["https:\/\/arantv.az\/wp-content\/uploads\/2020\/04\/844798-240x172.jpg",240,172,true],"advps-thumb-one":["https:\/\/arantv.az\/wp-content\/uploads\/2020\/04\/844798.jpg",800,600,false]},"rttpg_author":{"display_name":"V\u00fcsal Rafiqo\u011flu","author_link":"https:\/\/arantv.az\/?author=2"},"rttpg_comment":0,"rttpg_category":"<a href=\"https:\/\/arantv.az\/?cat=19\" rel=\"category\">G\u00fcnd\u0259m<\/a>","rttpg_excerpt":"Ombudsman\u0131n illik m\u0259ruz\u0259si \u0259hat\u0259li v\u0259 m\u0259zmunludur. M\u0259ruz\u0259d\u0259 insan h\u00fcquq v\u0259 azadl\u0131qlar\u0131n\u0131n t\u0259minat\u0131 v\u0259 qorunmas\u0131 il\u0259 ba\u011fl\u0131 f\u0259aliyy\u0259tl\u0259rin b\u00fct\u00fcn istiqam\u0259tl\u0259ri laz\u0131mi q\u0259d\u0259r t\u0259hlil olunub. ARANTV.AZ x\u0259b\u0259r verir ki, bunu\u00a0Trend-\u0259 a\u00e7\u0131qlamas\u0131nda Milli M\u0259clisin deputat\u0131 Sevil Mikay\u0131lova deyib. O bildirib ki, x\u00fcsusil\u0259 beyn\u0259lxalq t\u0259\u015fkilatlarla i\u015f v\u0259 beyn\u0259lxalq m\u00fcnasib\u0259tl\u0259rin inki\u015faf etdirilm\u0259si il\u0259 ba\u011fl\u0131 g\u00f6r\u00fclm\u00fc\u015f i\u015fl\u0259rin vacibliyini vur\u011fulamaq ist\u0259yir: &#8220;Bu&hellip;","_links":{"self":[{"href":"https:\/\/arantv.az\/index.php?rest_route=\/wp\/v2\/posts\/153308"}],"collection":[{"href":"https:\/\/arantv.az\/index.php?rest_route=\/wp\/v2\/posts"}],"about":[{"href":"https:\/\/arantv.az\/index.php?rest_route=\/wp\/v2\/types\/post"}],"author":[{"embeddable":true,"href":"https:\/\/arantv.az\/index.php?rest_route=\/wp\/v2\/users\/2"}],"replies":[{"embeddable":true,"href":"https:\/\/arantv.az\/index.php?rest_route=%2Fwp%2Fv2%2Fcomments&post=153308"}],"version-history":[{"count":0,"href":"https:\/\/arantv.az\/index.php?rest_route=\/wp\/v2\/posts\/153308\/revisions"}],"wp:featuredmedia":[{"embeddable":true,"href":"https:\/\/arantv.az\/index.php?rest_route=\/wp\/v2\/media\/153313"}],"wp:attachment":[{"href":"https:\/\/arantv.az\/index.php?rest_route=%2Fwp%2Fv2%2Fmedia&parent=153308"}],"wp:term":[{"taxonomy":"category","embeddable":true,"href":"https:\/\/arantv.az\/index.php?rest_route=%2Fwp%2Fv2%2Fcategories&post=153308"},{"taxonomy":"post_tag","embeddable":true,"href":"https:\/\/arantv.az\/index.php?rest_route=%2Fwp%2Fv2%2Ftags&post=153308"}],"curies":[{"name":"wp","href":"https:\/\/api.w.org\/{rel}","templated":true}]}}