{"id":153385,"date":"2020-04-24T16:53:00","date_gmt":"2020-04-24T13:53:00","guid":{"rendered":"http:\/\/arantv.az\/?p=153385"},"modified":"2020-04-24T16:53:00","modified_gmt":"2020-04-24T13:53:00","slug":"bas-infeksionist-metronu-t%c9%99hsil-mu%c9%99ssis%c9%99l%c9%99rini-ticar%c9%99t-m%c9%99rk%c9%99zl%c9%99rini-acmaq-olmaz-s%c9%99rh","status":"publish","type":"post","link":"https:\/\/arantv.az\/?p=153385","title":{"rendered":"Ba\u015f infeksionist: \u201cMetronu, t\u0259hsil m\u00fc\u0259ssis\u0259l\u0259rini, ticar\u0259t m\u0259rk\u0259zl\u0259rini a\u00e7maq olmaz\u201d &#8211; \u015e\u018fRH"},"content":{"rendered":"<p>Bu g\u00fcn\u0259 q\u0259d\u0259r Az\u0259rbaycanda 1592\u00a0t\u0259sdiql\u0259nmi\u015f COVID-19 infeksiyas\u0131na yoluxma hal\u0131 qeyd\u0259 al\u0131n\u0131b. 21\u00a0n\u0259f\u0259r \u00f6l\u00fcb, 1013\u00a0n\u0259f\u0259r sa\u011fal\u0131b, 558\u00a0n\u0259f\u0259rin x\u00fcsusi rejimli x\u0259st\u0259xanalarda m\u00fcalic\u0259si davam edir. Onlardan 16-n\u0131n v\u0259ziyy\u0259ti a\u011f\u0131r, 23-n\u00fcn\u00a0v\u0259ziyy\u0259ti orta-a\u011f\u0131r, qalanlar\u0131n\u0131n is\u0259 stabildir.<\/p>\n<p><strong><a href=\"https:\/\/media.az\/society\/1067773710\/metro-uchebnye-zavedeniya-torgovye-centry-nelzya-otkryvat-dzhalal-isaev-o-vozmozhnosti-vtoroy-volny-epidemii\/?fbclid=IwAR3d7-QnYGWlSERcmkbw3NPeZUQEFFWFerPizw84GHrPBj0k5GZ8QNM3MS0\" target=\"_blank\" rel=\"noopener\">Media.Az<\/a><\/strong>\u00a0x\u0259st\u0259liyin yay\u0131lma dinamikas\u0131 haqq\u0131nda Nazirl\u0259r Kabineti yan\u0131nda operativ q\u0259rargah\u0131n \u00fczv\u00fc, Az\u0259rbaycan S\u0259hiyy\u0259 Nazirliyinin ba\u015f infeksionisti C\u0259lal \u0130sayevl\u0259 s\u00f6hb\u0259t edib.<\/p>\n<p>\u201cD\u00fc\u015f\u00fcn\u00fcr\u0259m ki, x\u0259st\u0259liyin ikinci dal\u011fas\u0131na yol verm\u0259m\u0259k \u00fc\u00e7\u00fcn karantind\u0259n m\u0259rh\u0259l\u0259li \u015f\u0259kild\u0259 \u00e7\u0131xmaq laz\u0131md\u0131r. May\u0131n 4-d\u0259 Az\u0259rbaycan\u0131n karantin rejimini dayand\u0131r\u0131b-dayand\u0131rmayaca\u011f\u0131 h\u0259l\u0259 d\u0259qiq m\u0259lum deyil. H\u0259r \u015fey \u00f6lk\u0259d\u0259ki sanitar-epidemioloji v\u0259ziyy\u0259td\u0259n as\u0131l\u0131 olacaq. M\u00f6vcud dinamikan\u0131n saxlan\u0131laca\u011f\u0131 halda ayr\u0131-ayr\u0131 qurumlar\u0131n f\u0259aliyy\u0259tini qism\u0259n b\u0259rpa etm\u0259k m\u00fcmk\u00fcn olacaq\u201d, &#8211; dey\u0259 C.\u0130sayev bildirib.<\/p>\n<div id=\"AdviadNativeVideo0\" class=\"AdviadNativeVideo\"><\/div>\n<p>O qeyd edib ki, b\u00fct\u00fcn z\u0259ruri ehtiyat t\u0259dbirl\u0259rin\u0259 riay\u0259t etm\u0259k \u00e7ox vacibdir.<\/p>\n<p>\u201cV\u0259ziyy\u0259ti n\u0259zar\u0259td\u0259 saxlamaq, eyni zamanda \u0259n pis ssenariy\u0259 haz\u0131r olmaq vacibdir\u201d, &#8211; dey\u0259 ba\u015f infeksionist \u0259lav\u0259 edib.<\/p>\n<p>C.\u0130sayevin s\u00f6zl\u0259rin\u0259 g\u00f6r\u0259, yum\u015fald\u0131lm\u0131\u015f karantin rejimind\u0259 m\u0259i\u015f\u0259t texnikas\u0131, atelye, g\u00f6z\u0259llik salonlar\u0131, m\u0259i\u015f\u0259t avadanl\u0131qlar\u0131n\u0131n t\u0259miri xidm\u0259tl\u0259ri v\u0259 ayaqqab\u0131 emalatxanalar\u0131 da daxil olmaqla, ki\u00e7ik ma\u011fazalar a\u00e7\u0131la bil\u0259r.<\/p>\n<p>\u201cT\u0259lim-t\u0259dris m\u00fc\u0259ssis\u0259l\u0259ri, metropoliten, \u015fadl\u0131q evl\u0259ri, restoranlar\u00a0v\u0259 ticar\u0259t m\u0259rk\u0259zl\u0259rinin f\u0259aliyy\u0259ti\u00a0h\u0259l\u0259lik b\u0259rpa edil\u0259 bilm\u0259z. \u0130nsanlar\u0131n k\u00fctl\u0259vi topla\u015fd\u0131\u011f\u0131 yerl\u0259rd\u0259 yoluxma riski art\u0131r. Biz ba\u015fa d\u00fc\u015fm\u0259liyik ki, karantind\u0259n \u00e7\u0131xmaq epidemiyaya qalib g\u0259lm\u0259k dem\u0259k deyil. \u018fksin\u0259, daha m\u0259suliyy\u0259tli olmaq, sosial m\u0259saf\u0259ni qorumaq v\u0259 maska taxmaq laz\u0131md\u0131r.<\/p>\n<p>Bir \u00e7oxlar\u0131n\u0131n buna s\u0259thi\u00a0yana\u015fd\u0131\u011f\u0131n\u0131 g\u00f6r\u00fcr\u0259m. Dolu avtobuslarda maskas\u0131z s\u0259rni\u015finl\u0259ri m\u00fc\u015fahid\u0259 edirik. \u00dcst\u0259lik, son g\u00fcnl\u0259rd\u0259 yollarda avtomobill\u0259rin say\u0131 art\u0131b. S\u0259rh\u0259dl\u0259rin a\u00e7\u0131lmas\u0131na g\u0259linc\u0259, qeyd etm\u0259k ist\u0259yir\u0259m ki, v\u0259t\u0259n\u0259 qay\u0131dan b\u00fct\u00fcn v\u0259t\u0259nda\u015flar\u0131\u00a0karantin\u0259 almaq \u00e7ox vacibdir. Ax\u0131 bu g\u00fcn pandemiya d\u00fcnyan\u0131n bir \u00e7ox \u00f6lk\u0259l\u0259rini b\u00fcr\u00fcy\u00fcb\u201d, &#8211; dey\u0259 h\u0259kim bildirib.<\/p>\n<p>C.\u0130sayev qeyd edib ki, t\u0259hsil m\u00fc\u0259ssis\u0259l\u0259rinin f\u0259aliyy\u0259tini \u0259n sonda b\u0259rpa etm\u0259k daha m\u0259qs\u0259d\u0259uy\u011fun olar.<\/p>\n<p>\u201cH\u0259l\u0259lik u\u015faqlar onlayn rejimd\u0259 oxusunlar. \u00d6lk\u0259d\u0259ki v\u0259ziyy\u0259tin stabil olmas\u0131na baxmayaraq, rahatla\u015fmaq olmaz. Bu, epidemiyan\u0131n t\u0259krar dal\u011fas\u0131na s\u0259b\u0259b ola bil\u0259r. \u018fg\u0259r h\u0259r k\u0259s z\u0259ruri m\u00fcdafi\u0259 t\u0259dbirl\u0259rin\u0259 riay\u0259t ets\u0259, d\u00fc\u015f\u00fcn\u00fcr\u0259m ki, o zaman may\u0131n ortalar\u0131nda epidemiya yox s\u0259viyy\u0259sin\u0259 enm\u0259y\u0259 ba\u015flayacaq\u201d, &#8211; dey\u0259 C.\u0130sayev fikrini tamamlay\u0131b.<\/p>\n","protected":false},"excerpt":{"rendered":"<p>Bu g\u00fcn\u0259 q\u0259d\u0259r Az\u0259rbaycanda 1592\u00a0t\u0259sdiql\u0259nmi\u015f COVID-19 infeksiyas\u0131na yoluxma hal\u0131 qeyd\u0259 al\u0131n\u0131b. 21\u00a0n\u0259f\u0259r \u00f6l\u00fcb, 1013\u00a0n\u0259f\u0259r sa\u011fal\u0131b, 558\u00a0n\u0259f\u0259rin x\u00fcsusi rejimli x\u0259st\u0259xanalarda m\u00fcalic\u0259si davam edir. Onlardan 16-n\u0131n v\u0259ziyy\u0259ti a\u011f\u0131r, 23-n\u00fcn\u00a0v\u0259ziyy\u0259ti orta-a\u011f\u0131r, qalanlar\u0131n\u0131n is\u0259 stabildir. Media.Az\u00a0x\u0259st\u0259liyin yay\u0131lma dinamikas\u0131 haqq\u0131nda Nazirl\u0259r Kabineti yan\u0131nda operativ q\u0259rargah\u0131n \u00fczv\u00fc, Az\u0259rbaycan S\u0259hiyy\u0259 Nazirliyinin ba\u015f infeksionisti C\u0259lal \u0130sayevl\u0259 s\u00f6hb\u0259t edib. \u201cD\u00fc\u015f\u00fcn\u00fcr\u0259m ki, x\u0259st\u0259liyin ikinci dal\u011fas\u0131na yol verm\u0259m\u0259k \u00fc\u00e7\u00fcn karantind\u0259n m\u0259rh\u0259l\u0259li \u015f\u0259kild\u0259 \u00e7\u0131xmaq laz\u0131md\u0131r. May\u0131n 4-d\u0259 Az\u0259rbaycan\u0131n karantin rejimini dayand\u0131r\u0131b-dayand\u0131rmayaca\u011f\u0131 h\u0259l\u0259 d\u0259qiq m\u0259lum deyil. H\u0259r \u015fey \u00f6lk\u0259d\u0259ki sanitar-epidemioloji v\u0259ziyy\u0259td\u0259n as\u0131l\u0131 olacaq. M\u00f6vcud dinamikan\u0131n saxlan\u0131laca\u011f\u0131 halda ayr\u0131-ayr\u0131 qurumlar\u0131n f\u0259aliyy\u0259tini qism\u0259n b\u0259rpa etm\u0259k&hellip;<\/p>\n","protected":false},"author":2,"featured_media":153387,"comment_status":"closed","ping_status":"closed","sticky":false,"template":"","format":"standard","meta":{"om_disable_all_campaigns":false,"_monsterinsights_skip_tracking":false,"_monsterinsights_sitenote_active":false,"_monsterinsights_sitenote_note":"","_monsterinsights_sitenote_category":0},"categories":[13],"tags":[],"aioseo_notices":[],"gutentor_comment":0,"rttpg_featured_image_url":{"full":["https:\/\/arantv.az\/wp-content\/uploads\/2020\/04\/casa.jpg",620,331,false],"landscape":["https:\/\/arantv.az\/wp-content\/uploads\/2020\/04\/casa.jpg",620,331,false],"portraits":["https:\/\/arantv.az\/wp-content\/uploads\/2020\/04\/casa.jpg",620,331,false],"thumbnail":["https:\/\/arantv.az\/wp-content\/uploads\/2020\/04\/casa-150x150.jpg",150,150,true],"medium":["https:\/\/arantv.az\/wp-content\/uploads\/2020\/04\/casa-300x160.jpg",300,160,true],"large":["https:\/\/arantv.az\/wp-content\/uploads\/2020\/04\/casa.jpg",620,331,false],"1536x1536":["https:\/\/arantv.az\/wp-content\/uploads\/2020\/04\/casa.jpg",620,331,false],"2048x2048":["https:\/\/arantv.az\/wp-content\/uploads\/2020\/04\/casa.jpg",620,331,false],"post-thumbnail":["https:\/\/arantv.az\/wp-content\/uploads\/2020\/04\/casa-240x172.jpg",240,172,true],"advps-thumb-one":["https:\/\/arantv.az\/wp-content\/uploads\/2020\/04\/casa.jpg",620,331,false]},"rttpg_author":{"display_name":"V\u00fcsal Rafiqo\u011flu","author_link":"https:\/\/arantv.az\/?author=2"},"rttpg_comment":0,"rttpg_category":"<a href=\"https:\/\/arantv.az\/?cat=13\" rel=\"category\">Bizim h\u0259kim<\/a>","rttpg_excerpt":"Bu g\u00fcn\u0259 q\u0259d\u0259r Az\u0259rbaycanda 1592\u00a0t\u0259sdiql\u0259nmi\u015f COVID-19 infeksiyas\u0131na yoluxma hal\u0131 qeyd\u0259 al\u0131n\u0131b. 21\u00a0n\u0259f\u0259r \u00f6l\u00fcb, 1013\u00a0n\u0259f\u0259r sa\u011fal\u0131b, 558\u00a0n\u0259f\u0259rin x\u00fcsusi rejimli x\u0259st\u0259xanalarda m\u00fcalic\u0259si davam edir. Onlardan 16-n\u0131n v\u0259ziyy\u0259ti a\u011f\u0131r, 23-n\u00fcn\u00a0v\u0259ziyy\u0259ti orta-a\u011f\u0131r, qalanlar\u0131n\u0131n is\u0259 stabildir. Media.Az\u00a0x\u0259st\u0259liyin yay\u0131lma dinamikas\u0131 haqq\u0131nda Nazirl\u0259r Kabineti yan\u0131nda operativ q\u0259rargah\u0131n \u00fczv\u00fc, Az\u0259rbaycan S\u0259hiyy\u0259 Nazirliyinin ba\u015f infeksionisti C\u0259lal \u0130sayevl\u0259 s\u00f6hb\u0259t edib. \u201cD\u00fc\u015f\u00fcn\u00fcr\u0259m ki, x\u0259st\u0259liyin ikinci dal\u011fas\u0131na&hellip;","_links":{"self":[{"href":"https:\/\/arantv.az\/index.php?rest_route=\/wp\/v2\/posts\/153385"}],"collection":[{"href":"https:\/\/arantv.az\/index.php?rest_route=\/wp\/v2\/posts"}],"about":[{"href":"https:\/\/arantv.az\/index.php?rest_route=\/wp\/v2\/types\/post"}],"author":[{"embeddable":true,"href":"https:\/\/arantv.az\/index.php?rest_route=\/wp\/v2\/users\/2"}],"replies":[{"embeddable":true,"href":"https:\/\/arantv.az\/index.php?rest_route=%2Fwp%2Fv2%2Fcomments&post=153385"}],"version-history":[{"count":0,"href":"https:\/\/arantv.az\/index.php?rest_route=\/wp\/v2\/posts\/153385\/revisions"}],"wp:featuredmedia":[{"embeddable":true,"href":"https:\/\/arantv.az\/index.php?rest_route=\/wp\/v2\/media\/153387"}],"wp:attachment":[{"href":"https:\/\/arantv.az\/index.php?rest_route=%2Fwp%2Fv2%2Fmedia&parent=153385"}],"wp:term":[{"taxonomy":"category","embeddable":true,"href":"https:\/\/arantv.az\/index.php?rest_route=%2Fwp%2Fv2%2Fcategories&post=153385"},{"taxonomy":"post_tag","embeddable":true,"href":"https:\/\/arantv.az\/index.php?rest_route=%2Fwp%2Fv2%2Ftags&post=153385"}],"curies":[{"name":"wp","href":"https:\/\/api.w.org\/{rel}","templated":true}]}}