{"id":153396,"date":"2020-04-24T16:55:30","date_gmt":"2020-04-24T13:55:30","guid":{"rendered":"http:\/\/arantv.az\/?p=153396"},"modified":"2020-04-24T16:55:30","modified_gmt":"2020-04-24T13:55:30","slug":"ispaniyada-koronavirus-ol%c9%99nl%c9%99rin-sayi-son-bir-ayin-minimumuna-dusdu","status":"publish","type":"post","link":"https:\/\/arantv.az\/?p=153396","title":{"rendered":"\u0130spaniyada koronavirus: \u00d6l\u0259nl\u0259rin say\u0131 son bir ay\u0131n minimumuna d\u00fc\u015fd\u00fc"},"content":{"rendered":"<p>\u0130spaniyada son 24 saatda 367 n\u0259f\u0259r \u00f6l\u00fcb.<\/p>\n<p>\u201cEl Pais\u201din m\u0259lumat\u0131na g\u00f6r\u0259, bu, son bir ay \u00fc\u00e7\u00fcn minimum g\u00f6st\u0259ricidir.<\/p>\n<div id=\"AdviadNativeVideo0\" class=\"AdviadNativeVideo\"><\/div>\n<p>Bildirilir ki, mart\u0131n 20-d\u0259n b\u0259ri ilk d\u0259f\u0259 olaraq COVID-19-dan sa\u011falanlar\u0131n say\u0131 \u00f6l\u0259nl\u0259rin say\u0131ndan \u00e7ox olub.<\/p>\n<p>\u0130spaniyada maksimum \u00f6l\u00fcm hal\u0131 aprelin 1-d\u0259 qeyd\u0259 al\u0131nm\u0131\u015fd\u0131. H\u0259min vaxt bir g\u00fcnd\u0259 950 n\u0259f\u0259r \u00f6lm\u00fc\u015fd\u00fc.<\/p>\n<p>Qeyd ed\u0259k ki, \u0130spaniyada 219 764 n\u0259f\u0259r koronavirusa yoluxub. Onlardan 22 524 n\u0259f\u0259ri \u00f6l\u00fcb, 92 355 n\u0259f\u0259ri is\u0259 sa\u011fal\u0131b.<\/p>\n","protected":false},"excerpt":{"rendered":"<p>\u0130spaniyada son 24 saatda 367 n\u0259f\u0259r \u00f6l\u00fcb. \u201cEl Pais\u201din m\u0259lumat\u0131na g\u00f6r\u0259, bu, son bir ay \u00fc\u00e7\u00fcn minimum g\u00f6st\u0259ricidir. Bildirilir ki, mart\u0131n 20-d\u0259n b\u0259ri ilk d\u0259f\u0259 olaraq COVID-19-dan sa\u011falanlar\u0131n say\u0131 \u00f6l\u0259nl\u0259rin say\u0131ndan \u00e7ox olub. \u0130spaniyada maksimum \u00f6l\u00fcm hal\u0131 aprelin 1-d\u0259 qeyd\u0259 al\u0131nm\u0131\u015fd\u0131. H\u0259min vaxt bir g\u00fcnd\u0259 950 n\u0259f\u0259r \u00f6lm\u00fc\u015fd\u00fc. Qeyd ed\u0259k ki, \u0130spaniyada 219 764 n\u0259f\u0259r koronavirusa yoluxub. Onlardan 22 524 n\u0259f\u0259ri \u00f6l\u00fcb, 92 355 n\u0259f\u0259ri is\u0259 sa\u011fal\u0131b.<\/p>\n","protected":false},"author":2,"featured_media":153397,"comment_status":"closed","ping_status":"closed","sticky":false,"template":"","format":"standard","meta":{"om_disable_all_campaigns":false,"_monsterinsights_skip_tracking":false,"_monsterinsights_sitenote_active":false,"_monsterinsights_sitenote_note":"","_monsterinsights_sitenote_category":0},"categories":[7],"tags":[],"aioseo_notices":[],"gutentor_comment":0,"rttpg_featured_image_url":{"full":["https:\/\/arantv.az\/wp-content\/uploads\/2020\/04\/coronavirus-spain-rt-rc-200415_hpEmbed_s.jpg",620,356,false],"landscape":["https:\/\/arantv.az\/wp-content\/uploads\/2020\/04\/coronavirus-spain-rt-rc-200415_hpEmbed_s.jpg",620,356,false],"portraits":["https:\/\/arantv.az\/wp-content\/uploads\/2020\/04\/coronavirus-spain-rt-rc-200415_hpEmbed_s.jpg",620,356,false],"thumbnail":["https:\/\/arantv.az\/wp-content\/uploads\/2020\/04\/coronavirus-spain-rt-rc-200415_hpEmbed_s-150x150.jpg",150,150,true],"medium":["https:\/\/arantv.az\/wp-content\/uploads\/2020\/04\/coronavirus-spain-rt-rc-200415_hpEmbed_s-300x172.jpg",300,172,true],"large":["https:\/\/arantv.az\/wp-content\/uploads\/2020\/04\/coronavirus-spain-rt-rc-200415_hpEmbed_s.jpg",620,356,false],"1536x1536":["https:\/\/arantv.az\/wp-content\/uploads\/2020\/04\/coronavirus-spain-rt-rc-200415_hpEmbed_s.jpg",620,356,false],"2048x2048":["https:\/\/arantv.az\/wp-content\/uploads\/2020\/04\/coronavirus-spain-rt-rc-200415_hpEmbed_s.jpg",620,356,false],"post-thumbnail":["https:\/\/arantv.az\/wp-content\/uploads\/2020\/04\/coronavirus-spain-rt-rc-200415_hpEmbed_s-240x172.jpg",240,172,true],"advps-thumb-one":["https:\/\/arantv.az\/wp-content\/uploads\/2020\/04\/coronavirus-spain-rt-rc-200415_hpEmbed_s.jpg",620,356,false]},"rttpg_author":{"display_name":"V\u00fcsal Rafiqo\u011flu","author_link":"https:\/\/arantv.az\/?author=2"},"rttpg_comment":0,"rttpg_category":"<a href=\"https:\/\/arantv.az\/?cat=7\" rel=\"category\">D\u00fcnya<\/a>","rttpg_excerpt":"\u0130spaniyada son 24 saatda 367 n\u0259f\u0259r \u00f6l\u00fcb. \u201cEl Pais\u201din m\u0259lumat\u0131na g\u00f6r\u0259, bu, son bir ay \u00fc\u00e7\u00fcn minimum g\u00f6st\u0259ricidir. Bildirilir ki, mart\u0131n 20-d\u0259n b\u0259ri ilk d\u0259f\u0259 olaraq COVID-19-dan sa\u011falanlar\u0131n say\u0131 \u00f6l\u0259nl\u0259rin say\u0131ndan \u00e7ox olub. \u0130spaniyada maksimum \u00f6l\u00fcm hal\u0131 aprelin 1-d\u0259 qeyd\u0259 al\u0131nm\u0131\u015fd\u0131. H\u0259min vaxt bir g\u00fcnd\u0259 950 n\u0259f\u0259r \u00f6lm\u00fc\u015fd\u00fc. Qeyd ed\u0259k ki, \u0130spaniyada 219 764 n\u0259f\u0259r&hellip;","_links":{"self":[{"href":"https:\/\/arantv.az\/index.php?rest_route=\/wp\/v2\/posts\/153396"}],"collection":[{"href":"https:\/\/arantv.az\/index.php?rest_route=\/wp\/v2\/posts"}],"about":[{"href":"https:\/\/arantv.az\/index.php?rest_route=\/wp\/v2\/types\/post"}],"author":[{"embeddable":true,"href":"https:\/\/arantv.az\/index.php?rest_route=\/wp\/v2\/users\/2"}],"replies":[{"embeddable":true,"href":"https:\/\/arantv.az\/index.php?rest_route=%2Fwp%2Fv2%2Fcomments&post=153396"}],"version-history":[{"count":0,"href":"https:\/\/arantv.az\/index.php?rest_route=\/wp\/v2\/posts\/153396\/revisions"}],"wp:featuredmedia":[{"embeddable":true,"href":"https:\/\/arantv.az\/index.php?rest_route=\/wp\/v2\/media\/153397"}],"wp:attachment":[{"href":"https:\/\/arantv.az\/index.php?rest_route=%2Fwp%2Fv2%2Fmedia&parent=153396"}],"wp:term":[{"taxonomy":"category","embeddable":true,"href":"https:\/\/arantv.az\/index.php?rest_route=%2Fwp%2Fv2%2Fcategories&post=153396"},{"taxonomy":"post_tag","embeddable":true,"href":"https:\/\/arantv.az\/index.php?rest_route=%2Fwp%2Fv2%2Ftags&post=153396"}],"curies":[{"name":"wp","href":"https:\/\/api.w.org\/{rel}","templated":true}]}}