{"id":153409,"date":"2020-04-24T17:03:25","date_gmt":"2020-04-24T14:03:25","guid":{"rendered":"http:\/\/arantv.az\/?p=153409"},"modified":"2020-04-24T17:03:25","modified_gmt":"2020-04-24T14:03:25","slug":"erm%c9%99ni-qripi-nec%c9%99-yenildi-genosid-1915-dunya-gund%c9%99mind%c9%99n-cixir","status":"publish","type":"post","link":"https:\/\/arantv.az\/?p=153409","title":{"rendered":"\u201cErm\u0259ni qripi\u201d nec\u0259 yenildi &#8211; \u201cgenosid -1915\u201d d\u00fcnya g\u00fcnd\u0259mind\u0259n \u00e7\u0131x\u0131r"},"content":{"rendered":"<div class=\"news-content\">\n<div>\n<p>Bu g\u00fcn \u2013 24 aprel erm\u0259nil\u0259rin n\u00f6vb\u0259ti a\u011fla\u015fma g\u00fcn\u00fcd\u00fcr. Ancaq i\u015f\u0259 bax ki, bu il erm\u0259nil\u0259r \u00f6zl\u0259ri d\u0259 d\u00fcz-\u0259m\u0259lli ah-nal\u0259 t\u00f6r\u0259ni ke\u00e7ir\u0259 bilm\u0259yibl\u0259r. Koronavirus imkan verm\u0259yib.<\/p>\n<p>B\u0259dnam ild\u00f6n\u00fcml\u0259r aras\u0131nda bunca s\u00f6n\u00fcy\u00fc olmam\u0131\u015fd\u0131. Bel\u0259 ki, bu g\u00fcn \u0130r\u0259vanda saxta soyq\u0131r\u0131m kompleksin\u0259 c\u0259mi alt\u0131 n\u0259f\u0259r &#8211; ba\u015f nazir Nikol Pa\u015finyan v\u0259 arvad\u0131 Anna, prezident Armen S\u0259rkisyan, parlamentin spikeri Ararat Mirz\u0259yan, b\u00fct\u00fcn erm\u0259nil\u0259rin katolikosu II Qaregin v\u0259 Da\u011fl\u0131q Qaraba\u011fdak\u0131 oyuncaq rejimin yeni r\u0259hb\u0259ri Araik Aryutunyan ba\u015f \u00e7\u0259kib.<\/p>\n<p>Nikol is\u0259 oradan xalqa m\u00fcraci\u0259tl\u0259 kifay\u0259tl\u0259nm\u0259li olub. G\u00fcney Qafqazdak\u0131 bu saxta, i\u015f\u011fal\u00e7\u0131 v\u0259 terror\u00e7u d\u00f6vl\u0259tin ba\u015f\u00e7\u0131s\u0131 1915-ci ilin dramatik hadis\u0259l\u0259ri zaman\u0131 erm\u0259ni azl\u0131\u011f\u0131n Osmanl\u0131 d\u00f6vl\u0259tin\u0259 qar\u015f\u0131 x\u0259yan\u0259ti qar\u015f\u0131l\u0131\u011f\u0131nda haqq etdiyi c\u0259zan\u0131 utan\u0131b-q\u0131zarmadan \u201cb\u0259\u015f\u0259riyy\u0259t\u0259 qar\u015f\u0131 soyq\u0131r\u0131m\u201d adland\u0131r\u0131b. Olsun. \u201c\u0130t h\u00fcr\u0259r, karvan ke\u00e7\u0259r\u201d.<\/p>\n<p>\u201cSoyq\u0131r\u0131m\u0131 yalan\u0131 hesab\u0131na v\u0259 siyasi m\u0259qs\u0259dl\u0259rl\u0259 T\u00fcrkiy\u0259y\u0259 z\u0259r\u0259r ver\u0259 bil\u0259c\u0259kl\u0259rini d\u00fc\u015f\u00fcn\u0259nl\u0259r yen\u0259 yan\u0131lacaqlar. T\u00f6r\u0259tm\u0259diyi bir cinay\u0259td\u0259n \u00f6tr\u00fc T\u00fcrk mill\u0259tini m\u0259hkum etm\u0259y\u0259 \u00e7al\u0131\u015fan v\u0259 bir s\u0131ra q\u0259rarlar q\u0259bul ed\u0259n \u00f6lk\u0259l\u0259r \u0259vv\u0259lc\u0259 \u00f6z qaranl\u0131q tarixl\u0259rin\u0259 n\u0259z\u0259r yetirm\u0259lidirl\u0259r\u201d.<\/p>\n<p>Bunu is\u0259 T\u00fcrkiy\u0259 prezidenti R\u0259c\u0259b Tayyib \u018frdo\u011fan\u0131n m\u0259tbuat katibi \u0130brahim Kal\u0131n uydurma iddian\u0131n 105-ci ild\u00f6n\u00fcm\u00fc il\u0259 ba\u011fl\u0131 deyib.<\/p>\n<p><img src=\"https:\/\/im.haberturk.com\/2020\/04\/24\/ver1587718931\/2657712_810x458.jpg\" alt=\"\u0130brahim Kal\u0131n\" \/><\/p>\n<p>\u201cTarixi h\u0259qiq\u0259tl\u0259rd\u0259n gizl\u0259n\u0259nl\u0259r prezidentimiz R\u0259c\u0259b Tayyib \u018frdo\u011fan\u0131n 1915-ci il hadis\u0259l\u0259rini ara\u015fd\u0131rmaq \u00fc\u00e7\u00fcn birg\u0259 tarixi komissiyan\u0131n t\u0259\u015fkil edilm\u0259si \u00e7a\u011f\u0131r\u0131\u015f\u0131na cavab verm\u0259kd\u0259n h\u0259r zaman boyun qa\u00e7\u0131rd\u0131lar&#8230; T\u00fcrkiy\u0259 erm\u0259ni terror\u00e7ular\u0131 t\u0259r\u0259find\u0259n 1973-1984-c\u00fc ill\u0259rd\u0259 \u00f6ld\u00fcr\u00fclm\u00fc\u015f diplomatlar\u0131n\u0131 yax\u015f\u0131 xat\u0131rlay\u0131r. \u00d6z\u00fcn\u00fcn pu\u00e7 siyasi ambisiyalar\u0131 n\u0259d\u0259ni il\u0259 T\u00fcrkiy\u0259y\u0259 qar\u015f\u0131 d\u00fc\u015fm\u0259n m\u00fcnasib\u0259td\u0259 olanlar beyn\u0259lxalq birlik qar\u015f\u0131s\u0131nda \u00f6z \u0259m\u0259ll\u0259rini gizl\u0259d\u0259 bilm\u0259y\u0259c\u0259kl\u0259r\u201d. Bunu da \u018frdo\u011fan\u0131n s\u00f6z\u00e7\u00fcs\u00fc s\u00f6yl\u0259yib.<\/p>\n<p>Aray\u0131\u015f \u00fc\u00e7\u00fcn bildir\u0259k ki, \u00f6t\u0259n 105 ild\u0259 saxta\u00a0<strong>\u201cerm\u0259ni genosidi\u201d<\/strong>ini d\u00fcnyan\u0131n 200 d\u00f6vl\u0259tind\u0259n c\u0259mi 30-u tan\u0131y\u0131b. Onlar\u0131n da dem\u0259k olar, ham\u0131s\u0131 xristian, \u0259sas\u0259n d\u0259 Avropa \u00f6lk\u0259l\u0259ridir. D\u00fc\u015f\u00fcnd\u00fcr\u00fcc\u00fcd\u00fcr, deyilmi? G\u0259l ki, koronavirus \u201c\u0259zabke\u015f xalq\u201d\u0131n uydurma soyq\u0131r\u0131mla ba\u011fl\u0131 iniltil\u0259rini bu il d\u00fcnya miqyas\u0131nda, \u0259l\u0259lx\u00fcsus da xristian al\u0259mind\u0259, Avropada he\u00e7 vaxt olmad\u0131\u011f\u0131 q\u0259d\u0259r e\u015fidilm\u0259z edib.<\/p>\n<p><img src=\"https:\/\/www.evrensel.net\/images\/840\/upload\/dosya\/136441.jpg\" \/><\/p>\n<p>G\u00fcn \u0259rzind\u0259 g\u0259l\u0259n x\u0259b\u0259rl\u0259r\u0259 \u0259sas\u0259n bel\u0259 deyirik. M\u0259ntiqlidir. M\u0259s\u0259l\u0259 ondad\u0131r ki, indi \u0259n\u0259n\u0259vi b\u00f6y\u00fck havadarlar bel\u0259, tarix boyu onun-bunun \u0259lind\u0259 ma\u015fa, qoltuqalt\u0131 olma\u011fa, parazit h\u0259yat\u0131 s\u00fcrm\u0259y\u0259 v\u0259rdi\u015f el\u0259mi\u015f yalan\u00e7\u0131 v\u0259 o\u011fru erm\u0259nil\u0259ri hay\u0131nda deyil. H\u0259r\u0259nin ba\u015f\u0131 \u00f6z\u00fcn\u0259 qar\u0131\u015f\u0131b. H\u0259l\u0259 uzun m\u00fcdd\u0259t, pandemiya bit\u0259nd\u0259n sonra da qar\u0131\u015facaq.<\/p>\n<p>H\u0259tta d\u00fcnyan\u0131n \u0259n q\u00fcdr\u0259tli d\u00f6vl\u0259ti, aylar \u00f6nc\u0259 saxta genosidi siyasi konyunktura x\u0259trin\u0259 t\u0259sdiql\u0259y\u0259n AB\u015e d\u00f6vl\u0259ti d\u0259 ne\u00e7\u0259 vaxtd\u0131r COV\u0130D-19-la c\u0259ngi-cidadad\u0131r, s\u00fcni\u00a0<strong>\u201cerm\u0259ni qripi\u201d<\/strong>nin umrunda bel\u0259 deyil.<\/p>\n<p><img src=\"https:\/\/d2v9ipibika81v.cloudfront.net\/uploads\/sites\/284\/trump-750x450.jpg\" alt=\"Prezident Donald Tramp Archives | Az\u0259rbaycanda AB\u015e s\u0259firliyi\" width=\"820\" \/><\/p>\n<p>S\u00f6z d\u00fc\u015fm\u00fc\u015fk\u0259n, prezident Donald Tramp erm\u0259nil\u0259rin g\u00f6zl\u0259ntisin\u0259 v\u0259 Amerika lobbisinin s\u0259yl\u0259rin\u0259 r\u0259\u011fm\u0259n, bu il d\u0259\u00a0<strong>\u201cgenosid\u201d<\/strong>\u00a0s\u00f6z\u00fc i\u015fl\u0259tm\u0259yib. A\u011f Ev ba\u015f\u00e7\u0131s\u0131 Konqresin m\u0259lum q\u0259rar\u0131na veto qoyanda bel\u0259 olaca\u011f\u0131 ehtimal edilirdi. Bu da diqq\u0259t\u0259layiqdir ki, Birl\u0259\u015fmi\u015f \u015etatlar\u0131n prezidentl\u0259ri aras\u0131nda Ronald Reyqan xaric, he\u00e7 bir Amerika lideri bu g\u00fcn\u0259d\u0259k \u201csoyq\u0131r\u0131m\u201d s\u00f6z\u00fcn\u00fc i\u015fl\u0259tm\u0259yib.<\/p>\n<p><img src=\"https:\/\/xpressa.net\/images\/15125389645a27835425c7f.jpg\" alt=\"PREZ\u0130DENT TRAMP, S\u0130Z RONALD REYQAN DEY\u0130LS\u0130N\u0130Z&quot;\" width=\"820\" \/><\/p>\n<p>Avropan\u0131n n\u00fcfuzlu t\u0259\u015fkilatlar\u0131 v\u0259 d\u00f6vl\u0259tl\u0259rind\u0259n, h\u0259m\u00e7inin Rusiyadan is\u0259 bu saata kimi, \u00fczd\u0259niraq \u201csoyq\u0131r\u0131m\u201d\u0131n ildn\u00fcm\u00fc il\u0259 ba\u011fl\u0131 \u00e7\u0131rt da yoxdur. Dedik ax\u0131, he\u00e7 kimi \u201cerm\u0259ni x\u0259st\u0259liyi\u201d maraqland\u0131rm\u0131r, \u00f6z d\u0259rdi \u2013 koronaviris problemi d\u00fc\u015f\u00fcnd\u00fcr\u00fcr, erm\u0259nil\u0259r qondarma m\u0259s\u0259l\u0259ni d\u00fcnyaya \u00fcmumb\u0259\u015f\u0259ri d\u0259rd kimi s\u0131r\u0131ma\u011fa c\u0259hdl\u0259r el\u0259s\u0259l\u0259r d\u0259.<\/p>\n<p><strong>Saxtakarl\u0131q demi\u015f, diqq\u0259t edin:<\/strong>\u00a0erm\u0259nil\u0259r g\u00f6r n\u0259 q\u0259d\u0259r ab\u0131rs\u0131z, d\u00fcnyada tay\u0131-b\u0259rab\u0259ri olmayan unikal mill\u0259tdir ki, koranavirus pandemiyas\u0131 d\u00f6vr\u00fcnd\u0259 d\u0259 i\u015f\u011fal alt\u0131ndak\u0131 Qaraba\u011fda &#8211; etnik t\u0259mizl\u0259nm\u0259 apar\u0131lm\u0131\u015f bir b\u00f6lg\u0259d\u0259 \u201cprezident se\u00e7kil\u0259ri\u201d ad\u0131 alt\u0131nda siyasi tama\u015fa t\u0259\u015fkil etdil\u0259r v\u0259 \u00fcst\u0259lik, bunu beyn\u0259lxalq birliy\u0259 \u201cazad v\u0259 \u0259dal\u0259tli se\u00e7kil\u0259r\u201d kimi s\u0131r\u0131ma\u011fa \u00e7al\u0131\u015fd\u0131lar. S\u00f6z\u00fcn bitdiyi yer y\u0259ni&#8230;<\/p>\n<p>Bu arada \u0259n b\u00f6y\u00fck erm\u0259ni lobbisinin ya\u015fad\u0131\u011f\u0131, \u0259n erm\u0259nip\u0259r\u0259st d\u00f6vl\u0259t say\u0131lan Fransan\u0131n prezidenti Emmanuel Makron\u00a0<strong>\u201cki\u00e7ik bac\u0131\u201d<\/strong>\u00a0Erm\u0259nistan\u0131n prezidenti Armen S\u0259rksiyana ba\u015fdansovdu, t\u0259s\u0259lli m\u0259ktubu g\u00f6nd\u0259rm\u0259kl\u0259 kifay\u0259tl\u0259nib. Ancaq h\u0259min m\u0259ktubda da koronavirusla m\u00fcbariz\u0259nin vacibliyi \u201cq\u0131rm\u0131z\u0131 x\u0259tt\u201d kimi ke\u00e7ir, n\u0259inki uydurma genosidi d\u00fcnyada tan\u0131tmaq z\u0259rur\u0259ti.\u00a0<strong><em>\u201cPandemiya ham\u0131m\u0131za qar\u015f\u0131 tibbi, iqtisadi v\u0259 sosial t\u0259hdidl\u0259r yarad\u0131b\u201d<\/em><\/strong>\u00a0\u2013 Makron yaz\u0131b.<\/p>\n<p><img src=\"https:\/\/cdn.minval.az\/tr\/2018\/04\/1512179352.jpg\" alt=\"Makron'a yolsuzluk su\u00e7lamas\u0131! - Minval - T\u00fcrkiye\" width=\"820\" \/><\/p>\n<p>\u00d6t\u0259 yandan, AB\u015e Konqresinin tan\u0131nma q\u0259tnam\u0259si d\u0259 erm\u0259nil\u0259r\u0259 he\u00e7 bir yeni siyasi divident g\u0259tirm\u0259yib. O c\u00fcml\u0259d\u0259n Da\u011fl\u0131q Qaraba\u011f v\u0259 i\u015f\u011fal m\u0259s\u0259l\u0259sind\u0259. Pislik yen\u0259 erm\u0259nil\u0259r\u0259 v\u0259 bir d\u0259 erm\u0259nip\u0259r\u0259st konqresmenl\u0259r\u0259 qald\u0131. Bir daha m\u0259lum olur ki, erm\u0259nil\u0259rin x\u0259st\u0259 iddias\u0131 b\u00f6y\u00fck g\u00fccl\u0259rin, xristian d\u00fcnyas\u0131n\u0131n \u0259lind\u0259, sad\u0259c\u0259, T\u00fcrkiy\u0259y\u0259 qar\u015f\u0131 bir \u015fantaj v\u0259 t\u0259hdid vasit\u0259sidir. Ancaq qarda\u015f \u00f6lk\u0259 da s\u00fcbut el\u0259di ki, o, bel\u0259 \u015fantaj-t\u0259hdidl\u0259rl\u0259 asanca ram v\u0259 ayaqalt\u0131 edil\u0259si \u201cbanan\u201d d\u00f6vl\u0259t deyil. Pandemiyadan sonra he\u00e7 olmayacaq&#8230;<\/p>\n<p>Bel\u0259c\u0259, COV\u0130D-19 obrazl\u0131 ifad\u0259 el\u0259s\u0259k,\u00a0<strong>\u201cgenosid-1915\u201d<\/strong>\u00a0adl\u0131 \u201cerm\u0259ni qripi\u201dni m\u0259nas\u0131z v\u0259 urvats\u0131z hala g\u0259tirdi, onu beyn\u0259lxalq g\u00fcnd\u0259md\u0259 \u0259n arxa plana atd\u0131. Pandemiyan\u0131n T\u00fcrk d\u00fcnyas\u0131na, b\u0259\u015f\u0259riyy\u0259t\u0259 \u0259n b\u00f6y\u00fck faydas\u0131 b\u0259lk\u0259 d\u0259 el\u0259 budur.<\/p>\n<p><img loading=\"lazy\" src=\"https:\/\/b.radikal.ru\/b06\/2004\/7f\/ae1d17aa88b4.jpg\" width=\"820\" height=\"545\" \/><\/p>\n<p>He\u00e7 \u015f\u00fcbh\u0259siz, COV\u0130D 19-dan sonra n\u0259 d\u00fcnyam\u0131z, n\u0259 d\u0259 d\u00fcnya d\u00fcz\u0259ni \u0259vv\u0259lki kimi olmayacaq, h\u0259r\u0259nin \u00f6z d\u0259rdi-s\u0259ri ilk n\u00f6vb\u0259d\u0259 \u00f6z\u00fcn\u0259 qalacaq. X\u00fcsus\u0259n d\u0259 uydurma \u201cerm\u0259ni x\u0259st\u0259liyi\u201d. G\u00f6r\u00fcn\u0259n budur ki, post-pandemiya d\u00f6vr\u00fcnd\u0259 beyn\u0259lxalq birlik, \u00f6z\u0259llikl\u0259 xristian d\u00fcnyas\u0131, Avropa Birliyi qat-qat b\u00f6y\u00fck v\u0259 yeni probleml\u0259rl\u0259, o s\u0131rada inteqrasiya, iqtisadi v\u0259 siyasi \u0259m\u0259kda\u015fl\u0131q, maliyy\u0259 sisteminin xilas\u0131 kimi aktual m\u0259s\u0259l\u0259l\u0259rl\u0259 m\u0259\u015f\u011ful olacaq.<\/p>\n<p><img src=\"https:\/\/teleqraf.com\/storage\/2020\/03\/29\/armenia_korona.jpg\" alt=\"Korona ild\u0131r\u0131m s\u00fcr\u0259til\u0259 yay\u0131l\u0131r: Daha 2 n\u0259f\u0259r \u00f6ld\u00fc \u2013\" width=\"820\" \/><\/p>\n<p>El\u0259 i\u015f\u011fal\u00e7\u0131 \u00f6lk\u0259nin az \u00f6nc\u0259 h\u0259yas\u0131zcas\u0131na humanitar k\u00f6m\u0259k ist\u0259diyi T\u00fcrkiy\u0259 d\u0259 art\u0131q pandemiyaya q\u0259d\u0259rki d\u00f6vl\u0259t olmayacaq. Yax\u015f\u0131 m\u0259nada t\u0259bii ki. Qarda\u015f \u00f6lk\u0259nin koronarirusla \u0259n inki\u015faf el\u0259mi\u015f \u00f6lk\u0259l\u0259rd\u0259n d\u0259 yax\u015f\u0131 m\u00fcbariz\u0259 aparmas\u0131 v\u0259 bu zaman \u00f6z d\u00f6vl\u0259t\u00e7ilik simas\u0131 v\u0259 potensial\u0131n\u0131 qoruyub saxlaya bilm\u0259si, pandemiya fonunda da Yax\u0131n \u015e\u0259qr probleml\u0259rind\u0259n dolay\u0131 \u00f6z\u00fcn\u00fcn b\u00f6y\u00fck regional oyun\u00e7u imicini hifz el\u0259m\u0259si buna \u015f\u0259kk-\u015f\u00fcbh\u0259 saxlam\u0131r.<\/p>\n<p>Odur ki, erm\u0259nil\u0259rin daha a\u011flamal\u0131 g\u00fcnl\u0259ri h\u0259l\u0259 qabaqdad\u0131r. O anlamda ki,\u00a0<strong>\u201cgenosid -1915\u201d<\/strong>\u00a0virusunun \u201cpeyv\u0259nd\u201di tap\u0131lm\u0131\u015f kimidir.<\/p>\n<p>Bu da odur ki, erm\u0259nil\u0259rin yalan\u00e7\u0131 ah-nal\u0259rin\u0259 \u0259vv\u0259lki diqq\u0259t olmayacaq. Y\u0259ni bu m\u0259nfur, \u015f\u00fcuru T\u00fcrk\u0259 iftar nifr\u0259tl\u0259 yo\u011frulan toplum post-pandemiya d\u00f6m\u0259nind\u0259 b\u0259\u015f\u0259riyy\u0259tin qula\u011f\u0131n\u0131 \u0259vv\u0259lki kimi d\u0259ng ed\u0259 bilm\u0259y\u0259c\u0259k. Bu \u2013 birm\u0259nal\u0131d\u0131r.<\/p>\n<p>Dem\u0259k ki, Qaraba\u011f m\u0259s\u0259l\u0259sind\u0259 d\u0259 yeni bir d\u00f6vr ba\u015flayacaq. Az\u0259rbaycan\u0131n xeyrin\u0259. Haz\u0131r olaq&#8230;<\/p>\n<p><strong>Zahid S\u018fF\u018fRO\u011eLU<\/strong><br \/>\n<strong>Musavat.com<\/strong><\/p>\n<\/div>\n<\/div>\n<div class=\"subs-in-social subs-instagram\">\n<div class=\"icon\"><\/div>\n<div class=\"subs-message\"><\/div>\n<\/div>\n","protected":false},"excerpt":{"rendered":"<p>Bu g\u00fcn \u2013 24 aprel erm\u0259nil\u0259rin n\u00f6vb\u0259ti a\u011fla\u015fma g\u00fcn\u00fcd\u00fcr. Ancaq i\u015f\u0259 bax ki, bu il erm\u0259nil\u0259r \u00f6zl\u0259ri d\u0259 d\u00fcz-\u0259m\u0259lli ah-nal\u0259 t\u00f6r\u0259ni ke\u00e7ir\u0259 bilm\u0259yibl\u0259r. Koronavirus imkan verm\u0259yib. B\u0259dnam ild\u00f6n\u00fcml\u0259r aras\u0131nda bunca s\u00f6n\u00fcy\u00fc olmam\u0131\u015fd\u0131. Bel\u0259 ki, bu g\u00fcn \u0130r\u0259vanda saxta soyq\u0131r\u0131m kompleksin\u0259 c\u0259mi alt\u0131 n\u0259f\u0259r &#8211; ba\u015f nazir Nikol Pa\u015finyan v\u0259 arvad\u0131 Anna, prezident Armen S\u0259rkisyan, parlamentin spikeri Ararat Mirz\u0259yan, b\u00fct\u00fcn erm\u0259nil\u0259rin katolikosu II Qaregin v\u0259 Da\u011fl\u0131q Qaraba\u011fdak\u0131 oyuncaq rejimin yeni r\u0259hb\u0259ri Araik Aryutunyan ba\u015f \u00e7\u0259kib. Nikol is\u0259 oradan xalqa m\u00fcraci\u0259tl\u0259 kifay\u0259tl\u0259nm\u0259li olub. G\u00fcney Qafqazdak\u0131 bu saxta, i\u015f\u011fal\u00e7\u0131 v\u0259 terror\u00e7u d\u00f6vl\u0259tin ba\u015f\u00e7\u0131s\u0131&hellip;<\/p>\n","protected":false},"author":2,"featured_media":153419,"comment_status":"closed","ping_status":"closed","sticky":false,"template":"","format":"standard","meta":{"om_disable_all_campaigns":false,"_monsterinsights_skip_tracking":false,"_monsterinsights_sitenote_active":false,"_monsterinsights_sitenote_note":"","_monsterinsights_sitenote_category":0},"categories":[7],"tags":[],"aioseo_notices":[],"gutentor_comment":0,"rttpg_featured_image_url":{"full":["https:\/\/arantv.az\/wp-content\/uploads\/2020\/04\/20d8cf5e072bd487b5e78e5502f4b9c7.jpg",450,300,false],"landscape":["https:\/\/arantv.az\/wp-content\/uploads\/2020\/04\/20d8cf5e072bd487b5e78e5502f4b9c7.jpg",450,300,false],"portraits":["https:\/\/arantv.az\/wp-content\/uploads\/2020\/04\/20d8cf5e072bd487b5e78e5502f4b9c7.jpg",450,300,false],"thumbnail":["https:\/\/arantv.az\/wp-content\/uploads\/2020\/04\/20d8cf5e072bd487b5e78e5502f4b9c7-150x150.jpg",150,150,true],"medium":["https:\/\/arantv.az\/wp-content\/uploads\/2020\/04\/20d8cf5e072bd487b5e78e5502f4b9c7-300x200.jpg",300,200,true],"large":["https:\/\/arantv.az\/wp-content\/uploads\/2020\/04\/20d8cf5e072bd487b5e78e5502f4b9c7.jpg",450,300,false],"1536x1536":["https:\/\/arantv.az\/wp-content\/uploads\/2020\/04\/20d8cf5e072bd487b5e78e5502f4b9c7.jpg",450,300,false],"2048x2048":["https:\/\/arantv.az\/wp-content\/uploads\/2020\/04\/20d8cf5e072bd487b5e78e5502f4b9c7.jpg",450,300,false],"post-thumbnail":["https:\/\/arantv.az\/wp-content\/uploads\/2020\/04\/20d8cf5e072bd487b5e78e5502f4b9c7-240x172.jpg",240,172,true],"advps-thumb-one":["https:\/\/arantv.az\/wp-content\/uploads\/2020\/04\/20d8cf5e072bd487b5e78e5502f4b9c7.jpg",450,300,false]},"rttpg_author":{"display_name":"V\u00fcsal Rafiqo\u011flu","author_link":"https:\/\/arantv.az\/?author=2"},"rttpg_comment":0,"rttpg_category":"<a href=\"https:\/\/arantv.az\/?cat=7\" rel=\"category\">D\u00fcnya<\/a>","rttpg_excerpt":"Bu g\u00fcn \u2013 24 aprel erm\u0259nil\u0259rin n\u00f6vb\u0259ti a\u011fla\u015fma g\u00fcn\u00fcd\u00fcr. Ancaq i\u015f\u0259 bax ki, bu il erm\u0259nil\u0259r \u00f6zl\u0259ri d\u0259 d\u00fcz-\u0259m\u0259lli ah-nal\u0259 t\u00f6r\u0259ni ke\u00e7ir\u0259 bilm\u0259yibl\u0259r. Koronavirus imkan verm\u0259yib. B\u0259dnam ild\u00f6n\u00fcml\u0259r aras\u0131nda bunca s\u00f6n\u00fcy\u00fc olmam\u0131\u015fd\u0131. Bel\u0259 ki, bu g\u00fcn \u0130r\u0259vanda saxta soyq\u0131r\u0131m kompleksin\u0259 c\u0259mi alt\u0131 n\u0259f\u0259r &#8211; ba\u015f nazir Nikol Pa\u015finyan v\u0259 arvad\u0131 Anna, prezident Armen S\u0259rkisyan, parlamentin&hellip;","_links":{"self":[{"href":"https:\/\/arantv.az\/index.php?rest_route=\/wp\/v2\/posts\/153409"}],"collection":[{"href":"https:\/\/arantv.az\/index.php?rest_route=\/wp\/v2\/posts"}],"about":[{"href":"https:\/\/arantv.az\/index.php?rest_route=\/wp\/v2\/types\/post"}],"author":[{"embeddable":true,"href":"https:\/\/arantv.az\/index.php?rest_route=\/wp\/v2\/users\/2"}],"replies":[{"embeddable":true,"href":"https:\/\/arantv.az\/index.php?rest_route=%2Fwp%2Fv2%2Fcomments&post=153409"}],"version-history":[{"count":0,"href":"https:\/\/arantv.az\/index.php?rest_route=\/wp\/v2\/posts\/153409\/revisions"}],"wp:featuredmedia":[{"embeddable":true,"href":"https:\/\/arantv.az\/index.php?rest_route=\/wp\/v2\/media\/153419"}],"wp:attachment":[{"href":"https:\/\/arantv.az\/index.php?rest_route=%2Fwp%2Fv2%2Fmedia&parent=153409"}],"wp:term":[{"taxonomy":"category","embeddable":true,"href":"https:\/\/arantv.az\/index.php?rest_route=%2Fwp%2Fv2%2Fcategories&post=153409"},{"taxonomy":"post_tag","embeddable":true,"href":"https:\/\/arantv.az\/index.php?rest_route=%2Fwp%2Fv2%2Ftags&post=153409"}],"curies":[{"name":"wp","href":"https:\/\/api.w.org\/{rel}","templated":true}]}}