{"id":153417,"date":"2020-04-24T17:32:25","date_gmt":"2020-04-24T14:32:25","guid":{"rendered":"http:\/\/arantv.az\/?p=153417"},"modified":"2020-04-24T17:32:25","modified_gmt":"2020-04-24T14:32:25","slug":"milli-m%c9%99clisin-parlamentl%c9%99rarasi-%c9%99laq%c9%99l%c9%99r-uzr%c9%99-isci-qruplarinin-r%c9%99hb%c9%99rl%c9%99ri-mu%c9%99yy%c9%99n-olundu","status":"publish","type":"post","link":"https:\/\/arantv.az\/?p=153417","title":{"rendered":"Milli M\u0259clisin parlamentl\u0259raras\u0131 \u0259laq\u0259l\u0259r \u00fczr\u0259 i\u015f\u00e7i qruplar\u0131n\u0131n r\u0259hb\u0259rl\u0259ri m\u00fc\u0259yy\u0259n olundu"},"content":{"rendered":"<p>Parlamentin bu g\u00fcn ke\u00e7iril\u0259n plenar iclas\u0131nda &#8220;Az\u0259rbaycan Respublikas\u0131 Milli M\u0259clisinin parlamentl\u0259raras\u0131 \u0259laq\u0259l\u0259r \u00fczr\u0259 i\u015f\u00e7i qruplar\u0131n\u0131n r\u0259hb\u0259rl\u0259rinin se\u00e7ilm\u0259si haqq\u0131nda&#8221; m\u0259s\u0259l\u0259 m\u00fczakir\u0259y\u0259 \u00e7\u0131xar\u0131l\u0131b.<\/p>\n<p>ARANTV.AZ\u00a0<a href=\"https:\/\/az.trend.az\/\" target=\"_blank\" rel=\"noopener\">Trend<\/a>-\u0259 istinad\u0259n x\u0259b\u0259r verir ki, iclasda 82 i\u015f\u00e7i qrupuna r\u0259hb\u0259rl\u0259r se\u00e7ilib. M\u0259s\u0259l\u0259 s\u0259sverm\u0259y\u0259 \u00e7\u0131xar\u0131laraq q\u0259bul edilib.<\/p>\n<p>Parlamentl\u0259raras\u0131 \u0259laq\u0259l\u0259r \u00fczr\u0259 i\u015f\u00e7i qruplar\u0131na r\u0259hb\u0259r se\u00e7il\u0259n deputatlar\u0131n adlar\u0131 a\u015fa\u011f\u0131dak\u0131 kimidir:<\/p>\n<p>Arzu Na\u011f\u0131yev Az\u0259rbaycan-G\u00fcrc\u00fcstan, Sevil Mikay\u0131lova Az\u0259rbaycan-\u0130spaniya, Etibar \u018fliyev Az\u0259rbaycan-Albaniya, Nurlan H\u0259s\u0259nov Az\u0259rbaycan Almaniya, S\u0259m\u0259d Seyidov Az\u0259rbaycan-AB\u015e, V\u00fcqar \u0130sg\u0259nd\u0259rovun Az\u0259rbaycan-Argentina, Asim Mollazad\u0259 Az\u0259rbaycan-Avstraliya v\u0259 Yeni Zelandiya, Tahir Mirki\u015fili Az\u0259rbaycan-Avstriya parlamentl\u0259raras\u0131 dostluq qruplar\u0131na r\u0259hb\u0259rlik ed\u0259c\u0259kl\u0259r.<\/p>\n<p>Ziyad S\u0259m\u0259dzad\u0259 Az\u0259rbaycan-Belarus, Kamal C\u0259f\u0259rov Az\u0259rbaycan-Bel\u00e7ika, Nizami C\u0259f\u0259rov Az\u0259rbaycan-B\u0259hreyn, Cavan\u015fir Pa\u015fazad\u0259 Az\u0259rbaycan-B\u018f\u018f parlamentl\u0259raras\u0131 i\u015f\u00e7i qruplar\u0131n\u0131n r\u0259hb\u0259rl\u0259ri olacaqlar.<\/p>\n<p>Rauf \u018fliyev Bolqar\u0131stan, M\u0259zahir \u018ff\u0259ndiyev Bosniya v\u0259 Hersoqovina, Cavan\u015fir Feyziyev B\u00f6y\u00fck Britaniya, M\u00fc\u015ffiq M\u0259mm\u0259dli Braziliya, Rasim Musab\u0259yov C\u0259nubi Afrika Respublikas\u0131, \u018fliabbas Salahzad\u0259 Cibuti, Elnur Allahverdiyev \u00c7exiya, Az\u0259r Badamov \u00c7ili, Siyavu\u015f Novruzov \u00c7in, Sevinc F\u0259t\u0259liyeva Danimarka, B\u0259xtiyar Sad\u0131qov Ekvador, Jal\u0259 \u018fhm\u0259dova Estoniya, Musa Qas\u0131ml\u0131 \u018ffqan\u0131stan, Razi Nurullayev Finlandiya, Soltan M\u0259mm\u0259dov Fransa, Naqif H\u0259mz\u0259yev Hindistan, K\u00f6n\u00fcl Nurullayeva Xorvatiya, B\u0259xtiyar \u018fliyev \u0130ndoneziya, Anar \u0130sg\u0259nd\u0259rov \u0130ordaniya \u00fczr\u0259 parlamentl\u0259raras\u0131 i\u015f\u00e7i qruplar\u0131na r\u0259hb\u0259rlik ed\u0259c\u0259kl\u0259r.<\/p>\n<p>\u0130lham M\u0259mm\u0259dov \u0130raq, Vasif Tal\u0131bov \u0130ran, Erkin Q\u0259dirli \u0130rlandiya, Anatoliy Rafailov \u0130srail, Kamil\u0259 \u018fliyeva \u0130sve\u00e7, Hicran H\u00fcseynova \u0130sve\u00e7r\u0259, Az\u0259r K\u0259rimli \u0130taliya, Tural G\u0259nc\u0259liyev Kanada, M\u00fc\u015ffiq C\u0259f\u0259rov Kolumbiya, Malik H\u0259s\u0259nov Koreya, El\u015fad Mirb\u0259\u015fir Kuba, Vahid \u018fhm\u0259dov K\u00fcveyt, Adil \u018fliyev Qazax\u0131stan, Tahir Rzayev Q\u0259t\u0259r, Musa Quliyev Q\u0131r\u011f\u0131z\u0131stan, Kamran Bayramov Latviya, N\u0259sib M\u0259h\u0259m\u0259liyev Litva, F\u0259zail \u0130brahimli Liviya, Tamam C\u0259f\u0259rova L\u00fcksemburq, \u018fli H\u00fcseynli Macar\u0131stan, Fazil Mustafa Makedoniya, V\u00fcqar Bayramov Malayziya, Q\u00fcdr\u0259t H\u0259s\u0259nquliyev Malta, \u015eahin Seyidzad\u0259 Mavritaniya, Jal\u0259 \u018fliyeva Meksika, \u0130mamverdi \u0130smay\u0131lov M\u0259rake\u015f, Ceyhun M\u0259mm\u0259dov Misir, Sabir Hac\u0131yev Moldova, \u0130qbal M\u0259mm\u0259dov Montoneqro, Eldar Quliyev Niderland, \u0130ltizam Yusifov Norve\u00e7, Eldar \u0130brahimov \u00d6zb\u0259kistan, Q\u0259nir\u0259 Pa\u015fayeva Pakistan, Sahib Al\u0131yev Peru, S\u0259ttar M\u00f6hbal\u0131yev Pol\u015fa, Nigar Arpadarai Portuqaliya, Azay Quliyev Rum\u0131niya, Nizami S\u0259f\u0259rov Rusiya, M\u0259lah\u0259t \u0130brahimq\u0131z\u0131 Serbiya, F\u0259ttah Heyd\u0259rov S\u0259udiyy\u0259 \u018fr\u0259bistan\u0131, Anar M\u0259mm\u0259dov Slovakiya, A\u011falar V\u0259liyev Sloveniya, Ayd\u0131n Mirz\u0259zad\u0259 Tacikistan, Ramin M\u0259mm\u0259dov Tailand, \u018fhliman \u018fmiraslanov T\u00fcrkiy\u0259, F\u0259zail A\u011famal\u0131 T\u00fcrkm\u0259nistan, R\u00fcf\u0259t Quliyev Ukrayna, Mixail Zabelin Uruqvay, \u018fli M\u0259simli Vyetnam, \u018fmin\u0259 A\u011fazad\u0259 Yaponiya, B\u0259hruz M\u0259h\u0259rr\u0259mov is\u0259 Yunan\u0131stan parlamentl\u0259raras\u0131 i\u015f\u00e7i qrupunun r\u0259hb\u0259rliyind\u0259 olacaqlar.<\/p>\n","protected":false},"excerpt":{"rendered":"<p>Parlamentin bu g\u00fcn ke\u00e7iril\u0259n plenar iclas\u0131nda &#8220;Az\u0259rbaycan Respublikas\u0131 Milli M\u0259clisinin parlamentl\u0259raras\u0131 \u0259laq\u0259l\u0259r \u00fczr\u0259 i\u015f\u00e7i qruplar\u0131n\u0131n r\u0259hb\u0259rl\u0259rinin se\u00e7ilm\u0259si haqq\u0131nda&#8221; m\u0259s\u0259l\u0259 m\u00fczakir\u0259y\u0259 \u00e7\u0131xar\u0131l\u0131b. ARANTV.AZ\u00a0Trend-\u0259 istinad\u0259n x\u0259b\u0259r verir ki, iclasda 82 i\u015f\u00e7i qrupuna r\u0259hb\u0259rl\u0259r se\u00e7ilib. M\u0259s\u0259l\u0259 s\u0259sverm\u0259y\u0259 \u00e7\u0131xar\u0131laraq q\u0259bul edilib. Parlamentl\u0259raras\u0131 \u0259laq\u0259l\u0259r \u00fczr\u0259 i\u015f\u00e7i qruplar\u0131na r\u0259hb\u0259r se\u00e7il\u0259n deputatlar\u0131n adlar\u0131 a\u015fa\u011f\u0131dak\u0131 kimidir: Arzu Na\u011f\u0131yev Az\u0259rbaycan-G\u00fcrc\u00fcstan, Sevil Mikay\u0131lova Az\u0259rbaycan-\u0130spaniya, Etibar \u018fliyev Az\u0259rbaycan-Albaniya, Nurlan H\u0259s\u0259nov Az\u0259rbaycan Almaniya, S\u0259m\u0259d Seyidov Az\u0259rbaycan-AB\u015e, V\u00fcqar \u0130sg\u0259nd\u0259rovun Az\u0259rbaycan-Argentina, Asim Mollazad\u0259 Az\u0259rbaycan-Avstraliya v\u0259 Yeni Zelandiya, Tahir Mirki\u015fili Az\u0259rbaycan-Avstriya parlamentl\u0259raras\u0131 dostluq qruplar\u0131na r\u0259hb\u0259rlik ed\u0259c\u0259kl\u0259r. Ziyad S\u0259m\u0259dzad\u0259 Az\u0259rbaycan-Belarus, Kamal C\u0259f\u0259rov Az\u0259rbaycan-Bel\u00e7ika, Nizami C\u0259f\u0259rov Az\u0259rbaycan-B\u0259hreyn,&hellip;<\/p>\n","protected":false},"author":2,"featured_media":153431,"comment_status":"closed","ping_status":"closed","sticky":false,"template":"","format":"standard","meta":{"om_disable_all_campaigns":false,"_monsterinsights_skip_tracking":false,"_monsterinsights_sitenote_active":false,"_monsterinsights_sitenote_note":"","_monsterinsights_sitenote_category":0},"categories":[19],"tags":[],"aioseo_notices":[],"gutentor_comment":0,"rttpg_featured_image_url":{"full":["https:\/\/arantv.az\/wp-content\/uploads\/2020\/04\/milli_meclis_041-2.jpg",800,600,false],"landscape":["https:\/\/arantv.az\/wp-content\/uploads\/2020\/04\/milli_meclis_041-2.jpg",800,600,false],"portraits":["https:\/\/arantv.az\/wp-content\/uploads\/2020\/04\/milli_meclis_041-2.jpg",800,600,false],"thumbnail":["https:\/\/arantv.az\/wp-content\/uploads\/2020\/04\/milli_meclis_041-2-150x150.jpg",150,150,true],"medium":["https:\/\/arantv.az\/wp-content\/uploads\/2020\/04\/milli_meclis_041-2-300x225.jpg",300,225,true],"large":["https:\/\/arantv.az\/wp-content\/uploads\/2020\/04\/milli_meclis_041-2.jpg",640,480,false],"1536x1536":["https:\/\/arantv.az\/wp-content\/uploads\/2020\/04\/milli_meclis_041-2.jpg",800,600,false],"2048x2048":["https:\/\/arantv.az\/wp-content\/uploads\/2020\/04\/milli_meclis_041-2.jpg",800,600,false],"post-thumbnail":["https:\/\/arantv.az\/wp-content\/uploads\/2020\/04\/milli_meclis_041-2-240x172.jpg",240,172,true],"advps-thumb-one":["https:\/\/arantv.az\/wp-content\/uploads\/2020\/04\/milli_meclis_041-2.jpg",800,600,false]},"rttpg_author":{"display_name":"V\u00fcsal Rafiqo\u011flu","author_link":"https:\/\/arantv.az\/?author=2"},"rttpg_comment":0,"rttpg_category":"<a href=\"https:\/\/arantv.az\/?cat=19\" rel=\"category\">G\u00fcnd\u0259m<\/a>","rttpg_excerpt":"Parlamentin bu g\u00fcn ke\u00e7iril\u0259n plenar iclas\u0131nda &#8220;Az\u0259rbaycan Respublikas\u0131 Milli M\u0259clisinin parlamentl\u0259raras\u0131 \u0259laq\u0259l\u0259r \u00fczr\u0259 i\u015f\u00e7i qruplar\u0131n\u0131n r\u0259hb\u0259rl\u0259rinin se\u00e7ilm\u0259si haqq\u0131nda&#8221; m\u0259s\u0259l\u0259 m\u00fczakir\u0259y\u0259 \u00e7\u0131xar\u0131l\u0131b. ARANTV.AZ\u00a0Trend-\u0259 istinad\u0259n x\u0259b\u0259r verir ki, iclasda 82 i\u015f\u00e7i qrupuna r\u0259hb\u0259rl\u0259r se\u00e7ilib. M\u0259s\u0259l\u0259 s\u0259sverm\u0259y\u0259 \u00e7\u0131xar\u0131laraq q\u0259bul edilib. Parlamentl\u0259raras\u0131 \u0259laq\u0259l\u0259r \u00fczr\u0259 i\u015f\u00e7i qruplar\u0131na r\u0259hb\u0259r se\u00e7il\u0259n deputatlar\u0131n adlar\u0131 a\u015fa\u011f\u0131dak\u0131 kimidir: Arzu Na\u011f\u0131yev Az\u0259rbaycan-G\u00fcrc\u00fcstan, Sevil Mikay\u0131lova Az\u0259rbaycan-\u0130spaniya, Etibar&hellip;","_links":{"self":[{"href":"https:\/\/arantv.az\/index.php?rest_route=\/wp\/v2\/posts\/153417"}],"collection":[{"href":"https:\/\/arantv.az\/index.php?rest_route=\/wp\/v2\/posts"}],"about":[{"href":"https:\/\/arantv.az\/index.php?rest_route=\/wp\/v2\/types\/post"}],"author":[{"embeddable":true,"href":"https:\/\/arantv.az\/index.php?rest_route=\/wp\/v2\/users\/2"}],"replies":[{"embeddable":true,"href":"https:\/\/arantv.az\/index.php?rest_route=%2Fwp%2Fv2%2Fcomments&post=153417"}],"version-history":[{"count":0,"href":"https:\/\/arantv.az\/index.php?rest_route=\/wp\/v2\/posts\/153417\/revisions"}],"wp:featuredmedia":[{"embeddable":true,"href":"https:\/\/arantv.az\/index.php?rest_route=\/wp\/v2\/media\/153431"}],"wp:attachment":[{"href":"https:\/\/arantv.az\/index.php?rest_route=%2Fwp%2Fv2%2Fmedia&parent=153417"}],"wp:term":[{"taxonomy":"category","embeddable":true,"href":"https:\/\/arantv.az\/index.php?rest_route=%2Fwp%2Fv2%2Fcategories&post=153417"},{"taxonomy":"post_tag","embeddable":true,"href":"https:\/\/arantv.az\/index.php?rest_route=%2Fwp%2Fv2%2Ftags&post=153417"}],"curies":[{"name":"wp","href":"https:\/\/api.w.org\/{rel}","templated":true}]}}