{"id":153425,"date":"2020-04-24T17:09:32","date_gmt":"2020-04-24T14:09:32","guid":{"rendered":"http:\/\/arantv.az\/?p=153425"},"modified":"2020-04-24T17:09:32","modified_gmt":"2020-04-24T14:09:32","slug":"b%c9%99l%c9%99diyy%c9%99-iscil%c9%99ri-il%c9%99-bagli-operativ-q%c9%99rargaha-muraci%c9%99t-ed%c9%99c%c9%99yik-siyavus-novruzov","status":"publish","type":"post","link":"https:\/\/arantv.az\/?p=153425","title":{"rendered":"&#8220;B\u0259l\u0259diyy\u0259 i\u015f\u00e7il\u0259ri il\u0259 ba\u011fl\u0131 Operativ Q\u0259rargaha m\u00fcraci\u0259t ed\u0259c\u0259yik&#8221; Siyavu\u015f Novruzov"},"content":{"rendered":"<p>Milli M\u0259clisd\u0259 9 min\u0259 q\u0259d\u0259r b\u0259l\u0259diyy\u0259 i\u015f\u00e7isinin v\u0259 qulluq\u00e7usunun maa\u015flar\u0131n\u0131n bir hiss\u0259sinin d\u00f6vl\u0259t t\u0259r\u0259find\u0259n verilm\u0259si t\u0259klif edilib.\u00a0<a href=\"http:\/\/sia.az\/\" target=\"_blank\" rel=\"noopener\">S\u0130A<\/a>-n\u0131n x\u0259b\u0259rin\u0259 g\u00f6r\u0259, bu t\u0259klifl\u0259 Milli M\u0259clisin Regional m\u0259s\u0259l\u0259l\u0259r komit\u0259sinin \u00fczv\u00fc Kamran Bayramov \u00e7\u0131x\u0131\u015f edib.<\/p>\n<p>Milli M\u0259clisin Regional m\u0259s\u0259l\u0259l\u0259r komit\u0259sinin s\u0259dri Siyavu\u015f Novruzov is\u0259 deyib ki, b\u0259l\u0259diyy\u0259l\u0259r\u0259 d\u00f6vl\u0259t t\u0259r\u0259find\u0259n dotasiyalar verilir: \u201cOnlar maa\u015flar\u0131n\u0131n verilm\u0259sin\u0259 g\u00f6r\u0259 d\u00f6vl\u0259t b\u00fcdc\u0259sind\u0259n maliyy\u0259l\u0259\u015fmirl\u0259r. Bununla ba\u011fl\u0131 biz Nazirl\u0259r Kabineti yan\u0131nda Operativ Q\u0259rargaha da m\u00fcraci\u0259t ed\u0259c\u0259yik\u201d.<\/p>\n","protected":false},"excerpt":{"rendered":"<p>Milli M\u0259clisd\u0259 9 min\u0259 q\u0259d\u0259r b\u0259l\u0259diyy\u0259 i\u015f\u00e7isinin v\u0259 qulluq\u00e7usunun maa\u015flar\u0131n\u0131n bir hiss\u0259sinin d\u00f6vl\u0259t t\u0259r\u0259find\u0259n verilm\u0259si t\u0259klif edilib.\u00a0S\u0130A-n\u0131n x\u0259b\u0259rin\u0259 g\u00f6r\u0259, bu t\u0259klifl\u0259 Milli M\u0259clisin Regional m\u0259s\u0259l\u0259l\u0259r komit\u0259sinin \u00fczv\u00fc Kamran Bayramov \u00e7\u0131x\u0131\u015f edib. Milli M\u0259clisin Regional m\u0259s\u0259l\u0259l\u0259r komit\u0259sinin s\u0259dri Siyavu\u015f Novruzov is\u0259 deyib ki, b\u0259l\u0259diyy\u0259l\u0259r\u0259 d\u00f6vl\u0259t t\u0259r\u0259find\u0259n dotasiyalar verilir: \u201cOnlar maa\u015flar\u0131n\u0131n verilm\u0259sin\u0259 g\u00f6r\u0259 d\u00f6vl\u0259t b\u00fcdc\u0259sind\u0259n maliyy\u0259l\u0259\u015fmirl\u0259r. Bununla ba\u011fl\u0131 biz Nazirl\u0259r Kabineti yan\u0131nda Operativ Q\u0259rargaha da m\u00fcraci\u0259t ed\u0259c\u0259yik\u201d.<\/p>\n","protected":false},"author":2,"featured_media":153427,"comment_status":"closed","ping_status":"closed","sticky":false,"template":"","format":"standard","meta":{"om_disable_all_campaigns":false,"_monsterinsights_skip_tracking":false,"_monsterinsights_sitenote_active":false,"_monsterinsights_sitenote_note":"","_monsterinsights_sitenote_category":0},"categories":[19],"tags":[],"aioseo_notices":[],"gutentor_comment":0,"rttpg_featured_image_url":{"full":["https:\/\/arantv.az\/wp-content\/uploads\/2020\/04\/siyavush_876.jpg",360,222,false],"landscape":["https:\/\/arantv.az\/wp-content\/uploads\/2020\/04\/siyavush_876.jpg",360,222,false],"portraits":["https:\/\/arantv.az\/wp-content\/uploads\/2020\/04\/siyavush_876.jpg",360,222,false],"thumbnail":["https:\/\/arantv.az\/wp-content\/uploads\/2020\/04\/siyavush_876-150x150.jpg",150,150,true],"medium":["https:\/\/arantv.az\/wp-content\/uploads\/2020\/04\/siyavush_876-300x185.jpg",300,185,true],"large":["https:\/\/arantv.az\/wp-content\/uploads\/2020\/04\/siyavush_876.jpg",360,222,false],"1536x1536":["https:\/\/arantv.az\/wp-content\/uploads\/2020\/04\/siyavush_876.jpg",360,222,false],"2048x2048":["https:\/\/arantv.az\/wp-content\/uploads\/2020\/04\/siyavush_876.jpg",360,222,false],"post-thumbnail":["https:\/\/arantv.az\/wp-content\/uploads\/2020\/04\/siyavush_876-240x172.jpg",240,172,true],"advps-thumb-one":["https:\/\/arantv.az\/wp-content\/uploads\/2020\/04\/siyavush_876.jpg",360,222,false]},"rttpg_author":{"display_name":"V\u00fcsal Rafiqo\u011flu","author_link":"https:\/\/arantv.az\/?author=2"},"rttpg_comment":0,"rttpg_category":"<a href=\"https:\/\/arantv.az\/?cat=19\" rel=\"category\">G\u00fcnd\u0259m<\/a>","rttpg_excerpt":"Milli M\u0259clisd\u0259 9 min\u0259 q\u0259d\u0259r b\u0259l\u0259diyy\u0259 i\u015f\u00e7isinin v\u0259 qulluq\u00e7usunun maa\u015flar\u0131n\u0131n bir hiss\u0259sinin d\u00f6vl\u0259t t\u0259r\u0259find\u0259n verilm\u0259si t\u0259klif edilib.\u00a0S\u0130A-n\u0131n x\u0259b\u0259rin\u0259 g\u00f6r\u0259, bu t\u0259klifl\u0259 Milli M\u0259clisin Regional m\u0259s\u0259l\u0259l\u0259r komit\u0259sinin \u00fczv\u00fc Kamran Bayramov \u00e7\u0131x\u0131\u015f edib. Milli M\u0259clisin Regional m\u0259s\u0259l\u0259l\u0259r komit\u0259sinin s\u0259dri Siyavu\u015f Novruzov is\u0259 deyib ki, b\u0259l\u0259diyy\u0259l\u0259r\u0259 d\u00f6vl\u0259t t\u0259r\u0259find\u0259n dotasiyalar verilir: \u201cOnlar maa\u015flar\u0131n\u0131n verilm\u0259sin\u0259 g\u00f6r\u0259 d\u00f6vl\u0259t b\u00fcdc\u0259sind\u0259n maliyy\u0259l\u0259\u015fmirl\u0259r. Bununla&hellip;","_links":{"self":[{"href":"https:\/\/arantv.az\/index.php?rest_route=\/wp\/v2\/posts\/153425"}],"collection":[{"href":"https:\/\/arantv.az\/index.php?rest_route=\/wp\/v2\/posts"}],"about":[{"href":"https:\/\/arantv.az\/index.php?rest_route=\/wp\/v2\/types\/post"}],"author":[{"embeddable":true,"href":"https:\/\/arantv.az\/index.php?rest_route=\/wp\/v2\/users\/2"}],"replies":[{"embeddable":true,"href":"https:\/\/arantv.az\/index.php?rest_route=%2Fwp%2Fv2%2Fcomments&post=153425"}],"version-history":[{"count":0,"href":"https:\/\/arantv.az\/index.php?rest_route=\/wp\/v2\/posts\/153425\/revisions"}],"wp:featuredmedia":[{"embeddable":true,"href":"https:\/\/arantv.az\/index.php?rest_route=\/wp\/v2\/media\/153427"}],"wp:attachment":[{"href":"https:\/\/arantv.az\/index.php?rest_route=%2Fwp%2Fv2%2Fmedia&parent=153425"}],"wp:term":[{"taxonomy":"category","embeddable":true,"href":"https:\/\/arantv.az\/index.php?rest_route=%2Fwp%2Fv2%2Fcategories&post=153425"},{"taxonomy":"post_tag","embeddable":true,"href":"https:\/\/arantv.az\/index.php?rest_route=%2Fwp%2Fv2%2Ftags&post=153425"}],"curies":[{"name":"wp","href":"https:\/\/api.w.org\/{rel}","templated":true}]}}