{"id":153426,"date":"2020-04-24T17:33:07","date_gmt":"2020-04-24T14:33:07","guid":{"rendered":"http:\/\/arantv.az\/?p=153426"},"modified":"2020-04-24T17:33:07","modified_gmt":"2020-04-24T14:33:07","slug":"trend-bia-nin-%c9%99m%c9%99kdaslari-milli-m%c9%99clisin-parlamentl%c9%99rarasi-%c9%99laq%c9%99l%c9%99r-uzr%c9%99-isci-qruplarinin-r%c9%99hb%c9%99ri-secilibl%c9%99r","status":"publish","type":"post","link":"https:\/\/arantv.az\/?p=153426","title":{"rendered":"Trend B\u0130A-n\u0131n \u0259m\u0259kda\u015flar\u0131 Milli M\u0259clisin parlamentl\u0259raras\u0131 \u0259laq\u0259l\u0259r \u00fczr\u0259 i\u015f\u00e7i qruplar\u0131n\u0131n r\u0259hb\u0259ri se\u00e7ilibl\u0259r"},"content":{"rendered":"<p>X\u0259b\u0259r verdiyimiz kimi, Milli M\u0259clisin bu g\u00fcn ke\u00e7iril\u0259n iclas\u0131nda parlamentl\u0259raras\u0131 \u0259laq\u0259l\u0259r \u00fczr\u0259 i\u015f\u00e7i qruplar\u0131n\u0131n r\u0259hb\u0259ri se\u00e7il\u0259n deputatlar\u0131n adlar\u0131 m\u0259lum olub.<\/p>\n<p>ARANTV.AZ\u00a0<a href=\"https:\/\/az.trend.az\/\" target=\"_blank\" rel=\"noopener\">Trend<\/a>-\u0259 istinad\u0259n x\u0259b\u0259r verir ki, Trend Beyn\u0259lxalq \u0130nformasiya Agentliyinin (B\u0130A) Ba\u015f direktorunun m\u00fcavini Arzu Na\u011f\u0131yev Az\u0259rbaycan-G\u00fcrc\u00fcstan, Trend Beyn\u0259lxalq \u0130nformasiya Agentliyinin Ba\u015f direktorunun m\u00fcavini, &#8220;Azernews&#8221; q\u0259zetinin ba\u015f redaktoru Sevil Mikay\u0131lova is\u0259 Az\u0259rbaycan-\u0130spaniya parlamentl\u0259raras\u0131 dostluq qruplar\u0131na r\u0259hb\u0259rlik ed\u0259c\u0259kl\u0259r.<\/p>\n<p>M\u0259s\u0259l\u0259 s\u0259sverm\u0259y\u0259 \u00e7\u0131xar\u0131laraq q\u0259bul edilib.<\/p>\n","protected":false},"excerpt":{"rendered":"<p>X\u0259b\u0259r verdiyimiz kimi, Milli M\u0259clisin bu g\u00fcn ke\u00e7iril\u0259n iclas\u0131nda parlamentl\u0259raras\u0131 \u0259laq\u0259l\u0259r \u00fczr\u0259 i\u015f\u00e7i qruplar\u0131n\u0131n r\u0259hb\u0259ri se\u00e7il\u0259n deputatlar\u0131n adlar\u0131 m\u0259lum olub. ARANTV.AZ\u00a0Trend-\u0259 istinad\u0259n x\u0259b\u0259r verir ki, Trend Beyn\u0259lxalq \u0130nformasiya Agentliyinin (B\u0130A) Ba\u015f direktorunun m\u00fcavini Arzu Na\u011f\u0131yev Az\u0259rbaycan-G\u00fcrc\u00fcstan, Trend Beyn\u0259lxalq \u0130nformasiya Agentliyinin Ba\u015f direktorunun m\u00fcavini, &#8220;Azernews&#8221; q\u0259zetinin ba\u015f redaktoru Sevil Mikay\u0131lova is\u0259 Az\u0259rbaycan-\u0130spaniya parlamentl\u0259raras\u0131 dostluq qruplar\u0131na r\u0259hb\u0259rlik ed\u0259c\u0259kl\u0259r. M\u0259s\u0259l\u0259 s\u0259sverm\u0259y\u0259 \u00e7\u0131xar\u0131laraq q\u0259bul edilib.<\/p>\n","protected":false},"author":2,"featured_media":153434,"comment_status":"closed","ping_status":"closed","sticky":false,"template":"","format":"standard","meta":{"om_disable_all_campaigns":false,"_monsterinsights_skip_tracking":false,"_monsterinsights_sitenote_active":false,"_monsterinsights_sitenote_note":"","_monsterinsights_sitenote_category":0},"categories":[19],"tags":[],"aioseo_notices":[],"gutentor_comment":0,"rttpg_featured_image_url":{"full":["https:\/\/arantv.az\/wp-content\/uploads\/2020\/04\/844918.jpg",800,600,false],"landscape":["https:\/\/arantv.az\/wp-content\/uploads\/2020\/04\/844918.jpg",800,600,false],"portraits":["https:\/\/arantv.az\/wp-content\/uploads\/2020\/04\/844918.jpg",800,600,false],"thumbnail":["https:\/\/arantv.az\/wp-content\/uploads\/2020\/04\/844918-150x150.jpg",150,150,true],"medium":["https:\/\/arantv.az\/wp-content\/uploads\/2020\/04\/844918-300x225.jpg",300,225,true],"large":["https:\/\/arantv.az\/wp-content\/uploads\/2020\/04\/844918.jpg",640,480,false],"1536x1536":["https:\/\/arantv.az\/wp-content\/uploads\/2020\/04\/844918.jpg",800,600,false],"2048x2048":["https:\/\/arantv.az\/wp-content\/uploads\/2020\/04\/844918.jpg",800,600,false],"post-thumbnail":["https:\/\/arantv.az\/wp-content\/uploads\/2020\/04\/844918-240x172.jpg",240,172,true],"advps-thumb-one":["https:\/\/arantv.az\/wp-content\/uploads\/2020\/04\/844918.jpg",800,600,false]},"rttpg_author":{"display_name":"V\u00fcsal Rafiqo\u011flu","author_link":"https:\/\/arantv.az\/?author=2"},"rttpg_comment":0,"rttpg_category":"<a href=\"https:\/\/arantv.az\/?cat=19\" rel=\"category\">G\u00fcnd\u0259m<\/a>","rttpg_excerpt":"X\u0259b\u0259r verdiyimiz kimi, Milli M\u0259clisin bu g\u00fcn ke\u00e7iril\u0259n iclas\u0131nda parlamentl\u0259raras\u0131 \u0259laq\u0259l\u0259r \u00fczr\u0259 i\u015f\u00e7i qruplar\u0131n\u0131n r\u0259hb\u0259ri se\u00e7il\u0259n deputatlar\u0131n adlar\u0131 m\u0259lum olub. ARANTV.AZ\u00a0Trend-\u0259 istinad\u0259n x\u0259b\u0259r verir ki, Trend Beyn\u0259lxalq \u0130nformasiya Agentliyinin (B\u0130A) Ba\u015f direktorunun m\u00fcavini Arzu Na\u011f\u0131yev Az\u0259rbaycan-G\u00fcrc\u00fcstan, Trend Beyn\u0259lxalq \u0130nformasiya Agentliyinin Ba\u015f direktorunun m\u00fcavini, &#8220;Azernews&#8221; q\u0259zetinin ba\u015f redaktoru Sevil Mikay\u0131lova is\u0259 Az\u0259rbaycan-\u0130spaniya parlamentl\u0259raras\u0131 dostluq qruplar\u0131na r\u0259hb\u0259rlik&hellip;","_links":{"self":[{"href":"https:\/\/arantv.az\/index.php?rest_route=\/wp\/v2\/posts\/153426"}],"collection":[{"href":"https:\/\/arantv.az\/index.php?rest_route=\/wp\/v2\/posts"}],"about":[{"href":"https:\/\/arantv.az\/index.php?rest_route=\/wp\/v2\/types\/post"}],"author":[{"embeddable":true,"href":"https:\/\/arantv.az\/index.php?rest_route=\/wp\/v2\/users\/2"}],"replies":[{"embeddable":true,"href":"https:\/\/arantv.az\/index.php?rest_route=%2Fwp%2Fv2%2Fcomments&post=153426"}],"version-history":[{"count":0,"href":"https:\/\/arantv.az\/index.php?rest_route=\/wp\/v2\/posts\/153426\/revisions"}],"wp:featuredmedia":[{"embeddable":true,"href":"https:\/\/arantv.az\/index.php?rest_route=\/wp\/v2\/media\/153434"}],"wp:attachment":[{"href":"https:\/\/arantv.az\/index.php?rest_route=%2Fwp%2Fv2%2Fmedia&parent=153426"}],"wp:term":[{"taxonomy":"category","embeddable":true,"href":"https:\/\/arantv.az\/index.php?rest_route=%2Fwp%2Fv2%2Fcategories&post=153426"},{"taxonomy":"post_tag","embeddable":true,"href":"https:\/\/arantv.az\/index.php?rest_route=%2Fwp%2Fv2%2Ftags&post=153426"}],"curies":[{"name":"wp","href":"https:\/\/api.w.org\/{rel}","templated":true}]}}