{"id":153450,"date":"2020-04-24T17:37:48","date_gmt":"2020-04-24T14:37:48","guid":{"rendered":"http:\/\/arantv.az\/?p=153450"},"modified":"2020-04-24T17:37:48","modified_gmt":"2020-04-24T14:37:48","slug":"l%c9%99nk%c9%99randa-qadin-quyuya-dus%c9%99r%c9%99k-olub","status":"publish","type":"post","link":"https:\/\/arantv.az\/?p=153450","title":{"rendered":"L\u0259nk\u0259randa qad\u0131n quyuya d\u00fc\u015f\u0259r\u0259k \u00f6l\u00fcb"},"content":{"rendered":"<p><strong>L\u0259nk\u0259randa ya\u015fl\u0131 qad\u0131n ehtiyats\u0131zl\u0131qdan bo\u011fularaq d\u00fcnyas\u0131n\u0131 d\u0259yi\u015fib.<\/strong><\/p>\n<p>APA-n\u0131n c\u0259nub b\u00fcrosunun verdiyi m\u0259lumata g\u00f6r\u0259, \u015f\u0259h\u0259r sakini 1959-cu il t\u0259v\u0259ll\u00fcdl\u00fc Mirzad\u0259 Mirh\u0259s\u0259n q\u0131z\u0131 \u018fsk\u0259rovan\u0131n cans\u0131z b\u0259d\u0259ni ya\u015fad\u0131\u011f\u0131 \u00fcnvandak\u0131 su quyusundan tap\u0131l\u0131b.<\/p>\n<p>Qad\u0131n\u0131n meyitini ilk olaraq bac\u0131s\u0131 a\u015fkar edib. B\u0259db\u0259xt hadis\u0259nin ehtiyats\u0131zl\u0131qdan ba\u015f verdiyi ehtimal edilir. Meyit m\u00fcayin\u0259 olunmaqdan \u00f6tr\u00fc M\u0259hk\u0259m\u0259-Tibbi Ekspertiza v\u0259 Patoloji Anatomiya Birliyinin L\u0259nk\u0259ran Rayon \u015e\u00f6b\u0259sin\u0259 t\u0259hvil verilib.<\/p>\n<p>Faktla ba\u011fl\u0131 ara\u015fd\u0131rma apar\u0131l\u0131r.<\/p>\n","protected":false},"excerpt":{"rendered":"<p>L\u0259nk\u0259randa ya\u015fl\u0131 qad\u0131n ehtiyats\u0131zl\u0131qdan bo\u011fularaq d\u00fcnyas\u0131n\u0131 d\u0259yi\u015fib. APA-n\u0131n c\u0259nub b\u00fcrosunun verdiyi m\u0259lumata g\u00f6r\u0259, \u015f\u0259h\u0259r sakini 1959-cu il t\u0259v\u0259ll\u00fcdl\u00fc Mirzad\u0259 Mirh\u0259s\u0259n q\u0131z\u0131 \u018fsk\u0259rovan\u0131n cans\u0131z b\u0259d\u0259ni ya\u015fad\u0131\u011f\u0131 \u00fcnvandak\u0131 su quyusundan tap\u0131l\u0131b. Qad\u0131n\u0131n meyitini ilk olaraq bac\u0131s\u0131 a\u015fkar edib. B\u0259db\u0259xt hadis\u0259nin ehtiyats\u0131zl\u0131qdan ba\u015f verdiyi ehtimal edilir. Meyit m\u00fcayin\u0259 olunmaqdan \u00f6tr\u00fc M\u0259hk\u0259m\u0259-Tibbi Ekspertiza v\u0259 Patoloji Anatomiya Birliyinin L\u0259nk\u0259ran Rayon \u015e\u00f6b\u0259sin\u0259 t\u0259hvil verilib. Faktla ba\u011fl\u0131 ara\u015fd\u0131rma apar\u0131l\u0131r.<\/p>\n","protected":false},"author":2,"featured_media":153455,"comment_status":"closed","ping_status":"closed","sticky":false,"template":"","format":"standard","meta":{"om_disable_all_campaigns":false,"_monsterinsights_skip_tracking":false,"_monsterinsights_sitenote_active":false,"_monsterinsights_sitenote_note":"","_monsterinsights_sitenote_category":0},"categories":[5],"tags":[],"aioseo_notices":[],"gutentor_comment":0,"rttpg_featured_image_url":{"full":["https:\/\/arantv.az\/wp-content\/uploads\/2020\/04\/fabae9431247e6d2f992edb957e1c7ba.jpg",450,300,false],"landscape":["https:\/\/arantv.az\/wp-content\/uploads\/2020\/04\/fabae9431247e6d2f992edb957e1c7ba.jpg",450,300,false],"portraits":["https:\/\/arantv.az\/wp-content\/uploads\/2020\/04\/fabae9431247e6d2f992edb957e1c7ba.jpg",450,300,false],"thumbnail":["https:\/\/arantv.az\/wp-content\/uploads\/2020\/04\/fabae9431247e6d2f992edb957e1c7ba-150x150.jpg",150,150,true],"medium":["https:\/\/arantv.az\/wp-content\/uploads\/2020\/04\/fabae9431247e6d2f992edb957e1c7ba-300x200.jpg",300,200,true],"large":["https:\/\/arantv.az\/wp-content\/uploads\/2020\/04\/fabae9431247e6d2f992edb957e1c7ba.jpg",450,300,false],"1536x1536":["https:\/\/arantv.az\/wp-content\/uploads\/2020\/04\/fabae9431247e6d2f992edb957e1c7ba.jpg",450,300,false],"2048x2048":["https:\/\/arantv.az\/wp-content\/uploads\/2020\/04\/fabae9431247e6d2f992edb957e1c7ba.jpg",450,300,false],"post-thumbnail":["https:\/\/arantv.az\/wp-content\/uploads\/2020\/04\/fabae9431247e6d2f992edb957e1c7ba-240x172.jpg",240,172,true],"advps-thumb-one":["https:\/\/arantv.az\/wp-content\/uploads\/2020\/04\/fabae9431247e6d2f992edb957e1c7ba.jpg",450,300,false]},"rttpg_author":{"display_name":"V\u00fcsal Rafiqo\u011flu","author_link":"https:\/\/arantv.az\/?author=2"},"rttpg_comment":0,"rttpg_category":"<a href=\"https:\/\/arantv.az\/?cat=5\" rel=\"category\">Hadis\u0259<\/a>","rttpg_excerpt":"L\u0259nk\u0259randa ya\u015fl\u0131 qad\u0131n ehtiyats\u0131zl\u0131qdan bo\u011fularaq d\u00fcnyas\u0131n\u0131 d\u0259yi\u015fib. APA-n\u0131n c\u0259nub b\u00fcrosunun verdiyi m\u0259lumata g\u00f6r\u0259, \u015f\u0259h\u0259r sakini 1959-cu il t\u0259v\u0259ll\u00fcdl\u00fc Mirzad\u0259 Mirh\u0259s\u0259n q\u0131z\u0131 \u018fsk\u0259rovan\u0131n cans\u0131z b\u0259d\u0259ni ya\u015fad\u0131\u011f\u0131 \u00fcnvandak\u0131 su quyusundan tap\u0131l\u0131b. Qad\u0131n\u0131n meyitini ilk olaraq bac\u0131s\u0131 a\u015fkar edib. B\u0259db\u0259xt hadis\u0259nin ehtiyats\u0131zl\u0131qdan ba\u015f verdiyi ehtimal edilir. Meyit m\u00fcayin\u0259 olunmaqdan \u00f6tr\u00fc M\u0259hk\u0259m\u0259-Tibbi Ekspertiza v\u0259 Patoloji Anatomiya Birliyinin L\u0259nk\u0259ran Rayon&hellip;","_links":{"self":[{"href":"https:\/\/arantv.az\/index.php?rest_route=\/wp\/v2\/posts\/153450"}],"collection":[{"href":"https:\/\/arantv.az\/index.php?rest_route=\/wp\/v2\/posts"}],"about":[{"href":"https:\/\/arantv.az\/index.php?rest_route=\/wp\/v2\/types\/post"}],"author":[{"embeddable":true,"href":"https:\/\/arantv.az\/index.php?rest_route=\/wp\/v2\/users\/2"}],"replies":[{"embeddable":true,"href":"https:\/\/arantv.az\/index.php?rest_route=%2Fwp%2Fv2%2Fcomments&post=153450"}],"version-history":[{"count":0,"href":"https:\/\/arantv.az\/index.php?rest_route=\/wp\/v2\/posts\/153450\/revisions"}],"wp:featuredmedia":[{"embeddable":true,"href":"https:\/\/arantv.az\/index.php?rest_route=\/wp\/v2\/media\/153455"}],"wp:attachment":[{"href":"https:\/\/arantv.az\/index.php?rest_route=%2Fwp%2Fv2%2Fmedia&parent=153450"}],"wp:term":[{"taxonomy":"category","embeddable":true,"href":"https:\/\/arantv.az\/index.php?rest_route=%2Fwp%2Fv2%2Fcategories&post=153450"},{"taxonomy":"post_tag","embeddable":true,"href":"https:\/\/arantv.az\/index.php?rest_route=%2Fwp%2Fv2%2Ftags&post=153450"}],"curies":[{"name":"wp","href":"https:\/\/api.w.org\/{rel}","templated":true}]}}