{"id":153464,"date":"2020-04-24T19:08:31","date_gmt":"2020-04-24T16:08:31","guid":{"rendered":"http:\/\/arantv.az\/?p=153464"},"modified":"2020-04-24T19:08:31","modified_gmt":"2020-04-24T16:08:31","slug":"prezident-gors%c9%99k-ki-v%c9%99ziyy%c9%99t-m%c9%99nfi-istiqam%c9%99t%c9%99-gedir-m%c9%99cbur-olub-karantin-rejimini-yen%c9%99-s%c9%99rtl%c9%99sdir%c9%99c%c9%99yik","status":"publish","type":"post","link":"https:\/\/arantv.az\/?p=153464","title":{"rendered":"Prezident: \u201cG\u00f6rs\u0259k ki, v\u0259ziyy\u0259t m\u0259nfi istiqam\u0259t\u0259 gedir, m\u0259cbur olub karantin rejimini yen\u0259 s\u0259rtl\u0259\u015fdir\u0259c\u0259yik\u201d"},"content":{"rendered":"<p>\u201cArt\u0131q bir h\u0259ft\u0259dir ki, biz m\u00fcsb\u0259t dinamikan\u0131 g\u00f6r\u00fcr\u00fck. N\u0259d\u0259dir bu dinamika? Y\u0259ni, yoluxanlar\u0131n say\u0131 sa\u011falanlar\u0131n say\u0131ndan azd\u0131r. \u018fsas budur. Art\u0131q bu m\u0259hdudla\u015fd\u0131r\u0131c\u0131 t\u0259dbirl\u0259rin n\u0259tic\u0259sini biz g\u00f6r\u00fcr\u00fck\u201d.<\/p>\n<p>Bunu Prezident \u0130lham \u018fliyev Ab\u015feron rayonunun \u0259razisind\u0259 X\u0131z\u0131 rayonunun A\u011fd\u0259r\u0259 k\u0259ndind\u0259n Sumqay\u0131t \u015f\u0259h\u0259rin\u0259 \u00e7\u0259kil\u0259n magistral qaz k\u0259m\u0259rinin a\u00e7\u0131l\u0131\u015f\u0131 zaman\u0131\u00a0 Sumqay\u0131t \u015f\u0259h\u0259r ictimaiyy\u0259tinin bir qrup n\u00fcmay\u0259nd\u0259si il\u0259 g\u00f6r\u00fc\u015f\u00fcnd\u0259 bildirib.<\/p>\n<p>Prezident qeyd edib ki, indi dinamika m\u00fcsb\u0259t istiqam\u0259td\u0259 gedir:<\/p>\n<div id=\"AdviadNativeVideo0\" class=\"AdviadNativeVideo\">\n<div id=\"NMCallButton-box\">\n<div><\/div>\n<\/div>\n<\/div>\n<p>\u201c\u018flb\u0259tt\u0259, n\u00f6vb\u0259ti q\u0259rarlar\u0131n q\u0259bul edilm\u0259sind\u0259 biz m\u00fct\u0259x\u0259ssisl\u0259rin r\u0259yin\u0259 \u0259saslanaca\u011f\u0131q. \u00c7\u00fcnki burada \u00f6zba\u015f\u0131nal\u0131\u011fa yol verm\u0259k olmaz, hans\u0131sa bir ayr\u0131 q\u0259rara getm\u0259k olmaz. G\u0259r\u0259k m\u00fct\u0259x\u0259ssisl\u0259r desinl\u0259r ki, bu m\u0259hdudla\u015fd\u0131r\u0131c\u0131 t\u0259dbirl\u0259ri biz n\u0259 vaxt m\u00fc\u0259yy\u0259n d\u0259r\u0259c\u0259d\u0259 yum\u015falda bil\u0259rik. Bu bir h\u0259ft\u0259nin t\u0259cr\u00fcb\u0259si g\u00f6st\u0259rir ki, o g\u00fcn uzaqda deyil. M\u00fc\u0259yy\u0259n add\u0131mlar ola bilsin ki, may\u0131n 4-n\u0259 q\u0259d\u0259r d\u0259 at\u0131la bil\u0259r. \u00c7\u00fcnki bilirsiniz, karantin rejiminin m\u00fcdd\u0259ti may\u0131n 4-n\u0259 q\u0259d\u0259r uzad\u0131ld\u0131. \u0130ndi baxar\u0131q, \u0259g\u0259r imkan olarsa, art\u0131q m\u00fc\u0259yy\u0259n yum\u015falma add\u0131mlar\u0131 at\u0131lacaq. Ancaq yen\u0259 d\u0259 daim monitorinq apar\u0131lacaq.<\/p>\n<p>\u018fg\u0259r bu yum\u015falmadan sonra g\u00f6rs\u0259k ki, v\u0259ziyy\u0259t m\u0259nfi istiqam\u0259t\u0259 gedir, m\u0259cbur olub yen\u0259 d\u0259 s\u0259rtl\u0259\u015fdir\u0259c\u0259yik. Ona g\u00f6r\u0259 bir daha dem\u0259k ist\u0259yir\u0259m ki, \u0259sas m\u0259s\u0259l\u0259 v\u0259t\u0259nda\u015flar\u0131n sa\u011flaml\u0131\u011f\u0131d\u0131r, onlar\u0131n h\u0259yat\u0131d\u0131r. H\u0259r k\u0259s \u00fc\u00e7\u00fcn \u00e7\u0259tindir. \u0130ndi biz bu v\u0259ziyy\u0259tl\u0259 \u00fczl\u0259\u015f\u0259rk\u0259n hesab edir\u0259m ki, \u0259n d\u00fczg\u00fcn yolu se\u00e7mi\u015fik. Xalq\u0131m\u0131z \u0259n y\u00fcks\u0259k x\u00fcsusiyy\u0259tl\u0259rini g\u00f6st\u0259rir &#8211; h\u0259mr\u0259ylik, birlik.<\/p>\n<p>M\u0259n demi\u015f\u0259m ki, buna m\u0259suliyy\u0259t d\u0259 \u0259lav\u0259 olunmal\u0131d\u0131r. \u0130lk g\u00fcnl\u0259rd\u0259n f\u0259rqli olaraq m\u0259suliyy\u0259t d\u0259, nizam-intizam da art\u0131b. Bu v\u0259ziyy\u0259td\u0259 insanlar\u0131n sa\u011flaml\u0131\u011f\u0131n\u0131 qoruyan h\u0259kiml\u0259r v\u0259 karantin rejimin\u0259 n\u0259zar\u0259t ed\u0259n polis i\u015f\u00e7il\u0259ri \u0259n y\u00fcks\u0259k qiym\u0259t\u0259 layiqdirl\u0259r. M\u0259n he\u00e7 \u015f\u00fcbh\u0259 etmir\u0259m ki, biz bu v\u0259ziyy\u0259td\u0259n az itkil\u0259rl\u0259 \u00e7\u0131xaca\u011f\u0131q, \u0130n\u015fallah!\u201d.<\/p>\n","protected":false},"excerpt":{"rendered":"<p>\u201cArt\u0131q bir h\u0259ft\u0259dir ki, biz m\u00fcsb\u0259t dinamikan\u0131 g\u00f6r\u00fcr\u00fck. N\u0259d\u0259dir bu dinamika? Y\u0259ni, yoluxanlar\u0131n say\u0131 sa\u011falanlar\u0131n say\u0131ndan azd\u0131r. \u018fsas budur. Art\u0131q bu m\u0259hdudla\u015fd\u0131r\u0131c\u0131 t\u0259dbirl\u0259rin n\u0259tic\u0259sini biz g\u00f6r\u00fcr\u00fck\u201d. Bunu Prezident \u0130lham \u018fliyev Ab\u015feron rayonunun \u0259razisind\u0259 X\u0131z\u0131 rayonunun A\u011fd\u0259r\u0259 k\u0259ndind\u0259n Sumqay\u0131t \u015f\u0259h\u0259rin\u0259 \u00e7\u0259kil\u0259n magistral qaz k\u0259m\u0259rinin a\u00e7\u0131l\u0131\u015f\u0131 zaman\u0131\u00a0 Sumqay\u0131t \u015f\u0259h\u0259r ictimaiyy\u0259tinin bir qrup n\u00fcmay\u0259nd\u0259si il\u0259 g\u00f6r\u00fc\u015f\u00fcnd\u0259 bildirib. Prezident qeyd edib ki, indi dinamika m\u00fcsb\u0259t istiqam\u0259td\u0259 gedir: \u201c\u018flb\u0259tt\u0259, n\u00f6vb\u0259ti q\u0259rarlar\u0131n q\u0259bul edilm\u0259sind\u0259 biz m\u00fct\u0259x\u0259ssisl\u0259rin r\u0259yin\u0259 \u0259saslanaca\u011f\u0131q. \u00c7\u00fcnki burada \u00f6zba\u015f\u0131nal\u0131\u011fa yol verm\u0259k olmaz, hans\u0131sa bir ayr\u0131 q\u0259rara getm\u0259k olmaz. G\u0259r\u0259k m\u00fct\u0259x\u0259ssisl\u0259r desinl\u0259r ki, bu m\u0259hdudla\u015fd\u0131r\u0131c\u0131&hellip;<\/p>\n","protected":false},"author":2,"featured_media":153465,"comment_status":"closed","ping_status":"closed","sticky":false,"template":"","format":"standard","meta":{"om_disable_all_campaigns":false,"_monsterinsights_skip_tracking":false,"_monsterinsights_sitenote_active":false,"_monsterinsights_sitenote_note":"","_monsterinsights_sitenote_category":0},"categories":[1],"tags":[],"aioseo_notices":[],"gutentor_comment":0,"rttpg_featured_image_url":{"full":["https:\/\/arantv.az\/wp-content\/uploads\/2020\/04\/ilham-1.jpg",620,426,false],"landscape":["https:\/\/arantv.az\/wp-content\/uploads\/2020\/04\/ilham-1.jpg",620,426,false],"portraits":["https:\/\/arantv.az\/wp-content\/uploads\/2020\/04\/ilham-1.jpg",620,426,false],"thumbnail":["https:\/\/arantv.az\/wp-content\/uploads\/2020\/04\/ilham-1-150x150.jpg",150,150,true],"medium":["https:\/\/arantv.az\/wp-content\/uploads\/2020\/04\/ilham-1-300x206.jpg",300,206,true],"large":["https:\/\/arantv.az\/wp-content\/uploads\/2020\/04\/ilham-1.jpg",620,426,false],"1536x1536":["https:\/\/arantv.az\/wp-content\/uploads\/2020\/04\/ilham-1.jpg",620,426,false],"2048x2048":["https:\/\/arantv.az\/wp-content\/uploads\/2020\/04\/ilham-1.jpg",620,426,false],"post-thumbnail":["https:\/\/arantv.az\/wp-content\/uploads\/2020\/04\/ilham-1-240x172.jpg",240,172,true],"advps-thumb-one":["https:\/\/arantv.az\/wp-content\/uploads\/2020\/04\/ilham-1.jpg",620,426,false]},"rttpg_author":{"display_name":"V\u00fcsal Rafiqo\u011flu","author_link":"https:\/\/arantv.az\/?author=2"},"rttpg_comment":0,"rttpg_category":"<a href=\"https:\/\/arantv.az\/?cat=1\" rel=\"category\">C\u0259miyy\u0259t<\/a>","rttpg_excerpt":"\u201cArt\u0131q bir h\u0259ft\u0259dir ki, biz m\u00fcsb\u0259t dinamikan\u0131 g\u00f6r\u00fcr\u00fck. N\u0259d\u0259dir bu dinamika? Y\u0259ni, yoluxanlar\u0131n say\u0131 sa\u011falanlar\u0131n say\u0131ndan azd\u0131r. \u018fsas budur. Art\u0131q bu m\u0259hdudla\u015fd\u0131r\u0131c\u0131 t\u0259dbirl\u0259rin n\u0259tic\u0259sini biz g\u00f6r\u00fcr\u00fck\u201d. Bunu Prezident \u0130lham \u018fliyev Ab\u015feron rayonunun \u0259razisind\u0259 X\u0131z\u0131 rayonunun A\u011fd\u0259r\u0259 k\u0259ndind\u0259n Sumqay\u0131t \u015f\u0259h\u0259rin\u0259 \u00e7\u0259kil\u0259n magistral qaz k\u0259m\u0259rinin a\u00e7\u0131l\u0131\u015f\u0131 zaman\u0131\u00a0 Sumqay\u0131t \u015f\u0259h\u0259r ictimaiyy\u0259tinin bir qrup n\u00fcmay\u0259nd\u0259si il\u0259 g\u00f6r\u00fc\u015f\u00fcnd\u0259 bildirib. Prezident&hellip;","_links":{"self":[{"href":"https:\/\/arantv.az\/index.php?rest_route=\/wp\/v2\/posts\/153464"}],"collection":[{"href":"https:\/\/arantv.az\/index.php?rest_route=\/wp\/v2\/posts"}],"about":[{"href":"https:\/\/arantv.az\/index.php?rest_route=\/wp\/v2\/types\/post"}],"author":[{"embeddable":true,"href":"https:\/\/arantv.az\/index.php?rest_route=\/wp\/v2\/users\/2"}],"replies":[{"embeddable":true,"href":"https:\/\/arantv.az\/index.php?rest_route=%2Fwp%2Fv2%2Fcomments&post=153464"}],"version-history":[{"count":0,"href":"https:\/\/arantv.az\/index.php?rest_route=\/wp\/v2\/posts\/153464\/revisions"}],"wp:featuredmedia":[{"embeddable":true,"href":"https:\/\/arantv.az\/index.php?rest_route=\/wp\/v2\/media\/153465"}],"wp:attachment":[{"href":"https:\/\/arantv.az\/index.php?rest_route=%2Fwp%2Fv2%2Fmedia&parent=153464"}],"wp:term":[{"taxonomy":"category","embeddable":true,"href":"https:\/\/arantv.az\/index.php?rest_route=%2Fwp%2Fv2%2Fcategories&post=153464"},{"taxonomy":"post_tag","embeddable":true,"href":"https:\/\/arantv.az\/index.php?rest_route=%2Fwp%2Fv2%2Ftags&post=153464"}],"curies":[{"name":"wp","href":"https:\/\/api.w.org\/{rel}","templated":true}]}}