{"id":15370,"date":"2018-09-25T10:39:20","date_gmt":"2018-09-25T07:39:20","guid":{"rendered":"http:\/\/arantv.az\/?p=15370"},"modified":"2018-09-25T10:39:20","modified_gmt":"2018-09-25T07:39:20","slug":"az%c9%99rbaycanli-ail%c9%99-d%c9%99hs%c9%99tli-q%c9%99zaya-dusdu-ana-v%c9%99-iki-oglu-oldu-video","status":"publish","type":"post","link":"https:\/\/arantv.az\/?p=15370","title":{"rendered":"Az\u0259rbaycanl\u0131 ail\u0259 d\u0259h\u015f\u0259tli q\u0259zaya d\u00fc\u015fd\u00fc: Ana v\u0259 iki o\u011flu \u00f6ld\u00fc &#8211; V\u0130DEO"},"content":{"rendered":"<p>Rusiyada ba\u015f ver\u0259n a\u011f\u0131r yol q\u0259zas\u0131nda az\u0259rbaycanl\u0131 ail\u0259nin bir ne\u00e7\u0259 \u00fczv\u00fc h\u0259lak olub.<\/p>\n<p><strong>ARANTV.AZ\u00a0<\/strong>\u00a0x\u0259b\u0259r verir ki, \u201cQafqazinfo\u201dnun \u0259ld\u0259 etdiyi m\u0259lumata g\u00f6r\u0259, hadis\u0259 sentyabr\u0131n 19-da Samara-Ufa-\u00c7elyabinsk magistral yolunda qeyd\u0259 al\u0131n\u0131b.<\/p>\n<p>Q\u0259zaya s\u0259b\u0259b \u201cMercedes-Benz\u201d minik avtomobili il\u0259 \u201cHyundai\u201d markal\u0131 y\u00fck furqonu v\u0259 \u201c\u0130veco\u201d y\u00fck ma\u015f\u0131n\u0131n\u0131n toqqu\u015fmas\u0131 olub.<\/p>\n<p>N\u0259tic\u0259d\u0259 minik avtomobilind\u0259 olan Nicat v\u0259 Araz Quliyev \u015eamil o\u011fullar\u0131, h\u0259m\u00e7inin analar\u0131 Quliyeva\u00a0\u00a0\u0130rad\u0259\u00a0\u0130slam q\u0131z\u0131 \u00f6l\u00fcb. Q\u0259zada azya\u015fl\u0131 v\u0259 ail\u0259nin g\u0259lini yaral\u0131 halda x\u0259st\u0259xanaya yerl\u0259\u015fdirilib. Haz\u0131rda qad\u0131n komadad\u0131r.<\/p>\n<p>Qeyd ed\u0259k ki, ail\u0259 uzun m\u00fcdd\u0259tdir ki, Rusiyada ya\u015fay\u0131r. Onlar Az\u0259rbaycana t\u0259til \u00fc\u00e7\u00fcn g\u0259libl\u0259r v\u0259 sentyabr\u0131n 15-i Masall\u0131n\u0131n T\u00fcrkoba k\u0259ndind\u0259n \u015f\u0259xsi avtomobill\u0259ri il\u0259 Rusiyaya yola d\u00fc\u015f\u00fcbl\u0259r.<\/p>\n<p>D\u00fcn\u0259n is\u0259 ana v\u0259 iki o\u011flu Masall\u0131da d\u0259fn olunub.<\/p>\n<p>Rusiya medias\u0131 q\u0259za yerind\u0259n \u00e7\u0259kil\u0259n fotolar v\u0259 video yay\u0131b.<\/p>\n<div><iframe loading=\"lazy\" src=\"https:\/\/player.baku.tv\/embed\/4201\" width=\"560\" height=\"315\" frameborder=\"0\" allowfullscreen=\"allowfullscreen\" data-mce-fragment=\"1\"><\/iframe><\/div>\n<p>&nbsp;<\/p>\n","protected":false},"excerpt":{"rendered":"<p>Rusiyada ba\u015f ver\u0259n a\u011f\u0131r yol q\u0259zas\u0131nda az\u0259rbaycanl\u0131 ail\u0259nin bir ne\u00e7\u0259 \u00fczv\u00fc h\u0259lak olub. ARANTV.AZ\u00a0\u00a0x\u0259b\u0259r verir ki, \u201cQafqazinfo\u201dnun \u0259ld\u0259 etdiyi m\u0259lumata g\u00f6r\u0259, hadis\u0259 sentyabr\u0131n 19-da Samara-Ufa-\u00c7elyabinsk magistral yolunda qeyd\u0259 al\u0131n\u0131b. Q\u0259zaya s\u0259b\u0259b \u201cMercedes-Benz\u201d minik avtomobili il\u0259 \u201cHyundai\u201d markal\u0131 y\u00fck furqonu v\u0259 \u201c\u0130veco\u201d y\u00fck ma\u015f\u0131n\u0131n\u0131n toqqu\u015fmas\u0131 olub. N\u0259tic\u0259d\u0259 minik avtomobilind\u0259 olan Nicat v\u0259 Araz Quliyev \u015eamil o\u011fullar\u0131, h\u0259m\u00e7inin analar\u0131 Quliyeva\u00a0\u00a0\u0130rad\u0259\u00a0\u0130slam q\u0131z\u0131 \u00f6l\u00fcb. Q\u0259zada azya\u015fl\u0131 v\u0259 ail\u0259nin g\u0259lini yaral\u0131 halda x\u0259st\u0259xanaya yerl\u0259\u015fdirilib. Haz\u0131rda qad\u0131n komadad\u0131r. Qeyd ed\u0259k ki, ail\u0259 uzun m\u00fcdd\u0259tdir ki, Rusiyada ya\u015fay\u0131r. Onlar Az\u0259rbaycana t\u0259til \u00fc\u00e7\u00fcn g\u0259libl\u0259r v\u0259 sentyabr\u0131n 15-i Masall\u0131n\u0131n&hellip;<\/p>\n","protected":false},"author":2,"featured_media":15371,"comment_status":"closed","ping_status":"closed","sticky":false,"template":"","format":"standard","meta":{"om_disable_all_campaigns":false,"_monsterinsights_skip_tracking":false,"_monsterinsights_sitenote_active":false,"_monsterinsights_sitenote_note":"","_monsterinsights_sitenote_category":0},"categories":[5],"tags":[],"aioseo_notices":[],"gutentor_comment":0,"rttpg_featured_image_url":{"full":["https:\/\/arantv.az\/wp-content\/uploads\/2018\/09\/ryy6.jpg",620,389,false],"landscape":["https:\/\/arantv.az\/wp-content\/uploads\/2018\/09\/ryy6.jpg",620,389,false],"portraits":["https:\/\/arantv.az\/wp-content\/uploads\/2018\/09\/ryy6.jpg",620,389,false],"thumbnail":["https:\/\/arantv.az\/wp-content\/uploads\/2018\/09\/ryy6-150x150.jpg",150,150,true],"medium":["https:\/\/arantv.az\/wp-content\/uploads\/2018\/09\/ryy6-300x188.jpg",300,188,true],"large":["https:\/\/arantv.az\/wp-content\/uploads\/2018\/09\/ryy6.jpg",620,389,false],"1536x1536":["https:\/\/arantv.az\/wp-content\/uploads\/2018\/09\/ryy6.jpg",620,389,false],"2048x2048":["https:\/\/arantv.az\/wp-content\/uploads\/2018\/09\/ryy6.jpg",620,389,false],"post-thumbnail":["https:\/\/arantv.az\/wp-content\/uploads\/2018\/09\/ryy6-240x172.jpg",240,172,true],"advps-thumb-one":["https:\/\/arantv.az\/wp-content\/uploads\/2018\/09\/ryy6.jpg",620,389,false]},"rttpg_author":{"display_name":"V\u00fcsal Rafiqo\u011flu","author_link":"https:\/\/arantv.az\/?author=2"},"rttpg_comment":0,"rttpg_category":"<a href=\"https:\/\/arantv.az\/?cat=5\" rel=\"category\">Hadis\u0259<\/a>","rttpg_excerpt":"Rusiyada ba\u015f ver\u0259n a\u011f\u0131r yol q\u0259zas\u0131nda az\u0259rbaycanl\u0131 ail\u0259nin bir ne\u00e7\u0259 \u00fczv\u00fc h\u0259lak olub. ARANTV.AZ\u00a0\u00a0x\u0259b\u0259r verir ki, \u201cQafqazinfo\u201dnun \u0259ld\u0259 etdiyi m\u0259lumata g\u00f6r\u0259, hadis\u0259 sentyabr\u0131n 19-da Samara-Ufa-\u00c7elyabinsk magistral yolunda qeyd\u0259 al\u0131n\u0131b. Q\u0259zaya s\u0259b\u0259b \u201cMercedes-Benz\u201d minik avtomobili il\u0259 \u201cHyundai\u201d markal\u0131 y\u00fck furqonu v\u0259 \u201c\u0130veco\u201d y\u00fck ma\u015f\u0131n\u0131n\u0131n toqqu\u015fmas\u0131 olub. N\u0259tic\u0259d\u0259 minik avtomobilind\u0259 olan Nicat v\u0259 Araz Quliyev \u015eamil o\u011fullar\u0131,&hellip;","_links":{"self":[{"href":"https:\/\/arantv.az\/index.php?rest_route=\/wp\/v2\/posts\/15370"}],"collection":[{"href":"https:\/\/arantv.az\/index.php?rest_route=\/wp\/v2\/posts"}],"about":[{"href":"https:\/\/arantv.az\/index.php?rest_route=\/wp\/v2\/types\/post"}],"author":[{"embeddable":true,"href":"https:\/\/arantv.az\/index.php?rest_route=\/wp\/v2\/users\/2"}],"replies":[{"embeddable":true,"href":"https:\/\/arantv.az\/index.php?rest_route=%2Fwp%2Fv2%2Fcomments&post=15370"}],"version-history":[{"count":0,"href":"https:\/\/arantv.az\/index.php?rest_route=\/wp\/v2\/posts\/15370\/revisions"}],"wp:featuredmedia":[{"embeddable":true,"href":"https:\/\/arantv.az\/index.php?rest_route=\/wp\/v2\/media\/15371"}],"wp:attachment":[{"href":"https:\/\/arantv.az\/index.php?rest_route=%2Fwp%2Fv2%2Fmedia&parent=15370"}],"wp:term":[{"taxonomy":"category","embeddable":true,"href":"https:\/\/arantv.az\/index.php?rest_route=%2Fwp%2Fv2%2Fcategories&post=15370"},{"taxonomy":"post_tag","embeddable":true,"href":"https:\/\/arantv.az\/index.php?rest_route=%2Fwp%2Fv2%2Ftags&post=15370"}],"curies":[{"name":"wp","href":"https:\/\/api.w.org\/{rel}","templated":true}]}}