{"id":153718,"date":"2020-04-25T18:28:28","date_gmt":"2020-04-25T15:28:28","guid":{"rendered":"http:\/\/arantv.az\/?p=153718"},"modified":"2020-04-25T18:28:28","modified_gmt":"2020-04-25T15:28:28","slug":"is-yerl%c9%99rind%c9%99-mut%c9%99madi-olaraq-gigiyena-qaydalarina-%c9%99m%c9%99l-edilm%c9%99lidir-mikayil-cabbarov","status":"publish","type":"post","link":"https:\/\/arantv.az\/?p=153718","title":{"rendered":"\u0130\u015f yerl\u0259rind\u0259 m\u00fct\u0259madi olaraq gigiyena qaydalar\u0131na \u0259m\u0259l edilm\u0259lidir &#8211; Mikay\u0131l Cabbarov"},"content":{"rendered":"<p>\u0130\u015f yerl\u0259rind\u0259 m\u00fct\u0259madi olaraq \u0259ll\u0259rin yuyulmas\u0131, dezinfeksiya i\u015fl\u0259rinin apar\u0131lmas\u0131, onlayn ticar\u0259t\u0259 \u00fcst\u00fcnl\u00fcy\u00fcn verilm\u0259si, ticar\u0259t obyektl\u0259rind\u0259 i\u015f\u00e7il\u0259rin maskalardan istifad\u0259si t\u0259min edilm\u0259lidir. Kafe v\u0259 restoranlar\u0131n f\u0259aliyy\u0259ti b\u0259rpa edildikd\u0259n sonra masalar aras\u0131 m\u0259saf\u0259 t\u0259min olunmal\u0131d\u0131r.<\/p>\n<p><strong>ARANTV.AZ<\/strong> Trend-\u0259 istinad\u0259n bildirir ki, bunu \u0130qtisadiyyat naziri Mikay\u0131l Cabbarov Nazirl\u0259r Kabineti yan\u0131nda operativ q\u0259rargah\u0131n bu g\u00fcn ke\u00e7irdiyi brifinqd\u0259 deyib.<\/p>\n<p>Nazirin s\u00f6zl\u0259rin\u0259 g\u00f6r\u0259, insanlar i\u015f yerl\u0259rin\u0259 t\u0259dirc\u0259n qay\u0131tmal\u0131d\u0131r:<\/p>\n<p>&#8220;X\u00fcsusi h\u0259ssas t\u0259b\u0259q\u0259nin sa\u011flaml\u0131\u011f\u0131 diqq\u0259t m\u0259rk\u0259zind\u0259 olmal\u0131d\u0131r. Biz bu iki amili balansla\u015fd\u0131r\u0131lm\u0131\u015f \u015f\u0259kil\u0259 g\u0259tirm\u0259k iqtidar\u0131nda olmal\u0131y\u0131q. X\u00fcsusi karantin rejiminin t\u0259tbiqinin \u00f6lk\u0259nin iqtisadiyyat\u0131 \u00fc\u00e7\u00fcn b\u00f6y\u00fck m\u0259sr\u0259fi var. T\u0259kc\u0259 Az\u0259rbaycanda deyil, b\u00fct\u00fcn d\u00fcnya \u00f6lk\u0259l\u0259rind\u0259 v\u0259ziyy\u0259t bel\u0259dir. Bunun n\u0259tic\u0259si olaraq, d\u00fcnya \u00fc\u00e7\u00fcn 2020-ci il \u00fczr\u0259 proqnozlara yenid\u0259n bax\u0131l\u0131b&#8221;.<\/p>\n<p>Nazir \u0259lav\u0259 edib ki, karantin yumla\u015fd\u0131lmas\u0131 sosial t\u0259maslar\u0131n art\u0131r\u0131lmas\u0131 dem\u0259kdir. Sosial t\u0259maslar\u0131n art\u0131r\u0131lmas\u0131 yoluxma hallar\u0131n\u0131n yenid\u0259n aktivl\u0259\u015f\u0259 bilm\u0259si dem\u0259kdir:<\/p>\n<p>&#8220;M\u0259hz bu s\u0259b\u0259b\u0259 g\u00f6r\u0259 h\u00f6kum\u0259t t\u0259r\u0259find\u0259n \u00e7ox d\u0259rin t\u0259hlill\u0259r apar\u0131laraq bunun n\u0259tic\u0259sind\u0259 m\u0259rh\u0259l\u0259li \u00e7\u0131x\u0131\u015f plan\u0131 haz\u0131rlan\u0131b. Bizim g\u0259l\u0259c\u0259k f\u0259aliyy\u0259t d\u0259 bunun \u0259sas\u0131nda qurulmal\u0131d\u0131r. Sanitar epidemioloji g\u00f6st\u0259ricil\u0259r proqnozla\u015fd\u0131r\u0131lan s\u0259viyy\u0259y\u0259 \u00e7atarsa, h\u0259r hans\u0131 t\u0259hl\u00fck\u0259 yaransa, t\u0259dbirl\u0259rin s\u0259rtl\u0259\u015fdirilm\u0259si m\u00fczakir\u0259 m\u00f6vzuusu ola bil\u0259r&#8221;.<\/p>\n","protected":false},"excerpt":{"rendered":"<p>\u0130\u015f yerl\u0259rind\u0259 m\u00fct\u0259madi olaraq \u0259ll\u0259rin yuyulmas\u0131, dezinfeksiya i\u015fl\u0259rinin apar\u0131lmas\u0131, onlayn ticar\u0259t\u0259 \u00fcst\u00fcnl\u00fcy\u00fcn verilm\u0259si, ticar\u0259t obyektl\u0259rind\u0259 i\u015f\u00e7il\u0259rin maskalardan istifad\u0259si t\u0259min edilm\u0259lidir. Kafe v\u0259 restoranlar\u0131n f\u0259aliyy\u0259ti b\u0259rpa edildikd\u0259n sonra masalar aras\u0131 m\u0259saf\u0259 t\u0259min olunmal\u0131d\u0131r. ARANTV.AZ Trend-\u0259 istinad\u0259n bildirir ki, bunu \u0130qtisadiyyat naziri Mikay\u0131l Cabbarov Nazirl\u0259r Kabineti yan\u0131nda operativ q\u0259rargah\u0131n bu g\u00fcn ke\u00e7irdiyi brifinqd\u0259 deyib. Nazirin s\u00f6zl\u0259rin\u0259 g\u00f6r\u0259, insanlar i\u015f yerl\u0259rin\u0259 t\u0259dirc\u0259n qay\u0131tmal\u0131d\u0131r: &#8220;X\u00fcsusi h\u0259ssas t\u0259b\u0259q\u0259nin sa\u011flaml\u0131\u011f\u0131 diqq\u0259t m\u0259rk\u0259zind\u0259 olmal\u0131d\u0131r. Biz bu iki amili balansla\u015fd\u0131r\u0131lm\u0131\u015f \u015f\u0259kil\u0259 g\u0259tirm\u0259k iqtidar\u0131nda olmal\u0131y\u0131q. X\u00fcsusi karantin rejiminin t\u0259tbiqinin \u00f6lk\u0259nin iqtisadiyyat\u0131 \u00fc\u00e7\u00fcn b\u00f6y\u00fck m\u0259sr\u0259fi var. T\u0259kc\u0259 Az\u0259rbaycanda deyil, b\u00fct\u00fcn&hellip;<\/p>\n","protected":false},"author":2,"featured_media":153719,"comment_status":"closed","ping_status":"closed","sticky":false,"template":"","format":"standard","meta":{"om_disable_all_campaigns":false,"_monsterinsights_skip_tracking":false,"_monsterinsights_sitenote_active":false,"_monsterinsights_sitenote_note":"","_monsterinsights_sitenote_category":0},"categories":[24],"tags":[],"aioseo_notices":[],"gutentor_comment":0,"rttpg_featured_image_url":{"full":["https:\/\/arantv.az\/wp-content\/uploads\/2020\/04\/845170.jpg",410,307,false],"landscape":["https:\/\/arantv.az\/wp-content\/uploads\/2020\/04\/845170.jpg",410,307,false],"portraits":["https:\/\/arantv.az\/wp-content\/uploads\/2020\/04\/845170.jpg",410,307,false],"thumbnail":["https:\/\/arantv.az\/wp-content\/uploads\/2020\/04\/845170-150x150.jpg",150,150,true],"medium":["https:\/\/arantv.az\/wp-content\/uploads\/2020\/04\/845170-300x225.jpg",300,225,true],"large":["https:\/\/arantv.az\/wp-content\/uploads\/2020\/04\/845170.jpg",410,307,false],"1536x1536":["https:\/\/arantv.az\/wp-content\/uploads\/2020\/04\/845170.jpg",410,307,false],"2048x2048":["https:\/\/arantv.az\/wp-content\/uploads\/2020\/04\/845170.jpg",410,307,false],"post-thumbnail":["https:\/\/arantv.az\/wp-content\/uploads\/2020\/04\/845170-240x172.jpg",240,172,true],"advps-thumb-one":["https:\/\/arantv.az\/wp-content\/uploads\/2020\/04\/845170.jpg",410,307,false]},"rttpg_author":{"display_name":"V\u00fcsal Rafiqo\u011flu","author_link":"https:\/\/arantv.az\/?author=2"},"rttpg_comment":0,"rttpg_category":"<a href=\"https:\/\/arantv.az\/?cat=24\" rel=\"category\">Maraql\u0131<\/a>","rttpg_excerpt":"\u0130\u015f yerl\u0259rind\u0259 m\u00fct\u0259madi olaraq \u0259ll\u0259rin yuyulmas\u0131, dezinfeksiya i\u015fl\u0259rinin apar\u0131lmas\u0131, onlayn ticar\u0259t\u0259 \u00fcst\u00fcnl\u00fcy\u00fcn verilm\u0259si, ticar\u0259t obyektl\u0259rind\u0259 i\u015f\u00e7il\u0259rin maskalardan istifad\u0259si t\u0259min edilm\u0259lidir. Kafe v\u0259 restoranlar\u0131n f\u0259aliyy\u0259ti b\u0259rpa edildikd\u0259n sonra masalar aras\u0131 m\u0259saf\u0259 t\u0259min olunmal\u0131d\u0131r. ARANTV.AZ Trend-\u0259 istinad\u0259n bildirir ki, bunu \u0130qtisadiyyat naziri Mikay\u0131l Cabbarov Nazirl\u0259r Kabineti yan\u0131nda operativ q\u0259rargah\u0131n bu g\u00fcn ke\u00e7irdiyi brifinqd\u0259 deyib. Nazirin s\u00f6zl\u0259rin\u0259 g\u00f6r\u0259,&hellip;","_links":{"self":[{"href":"https:\/\/arantv.az\/index.php?rest_route=\/wp\/v2\/posts\/153718"}],"collection":[{"href":"https:\/\/arantv.az\/index.php?rest_route=\/wp\/v2\/posts"}],"about":[{"href":"https:\/\/arantv.az\/index.php?rest_route=\/wp\/v2\/types\/post"}],"author":[{"embeddable":true,"href":"https:\/\/arantv.az\/index.php?rest_route=\/wp\/v2\/users\/2"}],"replies":[{"embeddable":true,"href":"https:\/\/arantv.az\/index.php?rest_route=%2Fwp%2Fv2%2Fcomments&post=153718"}],"version-history":[{"count":0,"href":"https:\/\/arantv.az\/index.php?rest_route=\/wp\/v2\/posts\/153718\/revisions"}],"wp:featuredmedia":[{"embeddable":true,"href":"https:\/\/arantv.az\/index.php?rest_route=\/wp\/v2\/media\/153719"}],"wp:attachment":[{"href":"https:\/\/arantv.az\/index.php?rest_route=%2Fwp%2Fv2%2Fmedia&parent=153718"}],"wp:term":[{"taxonomy":"category","embeddable":true,"href":"https:\/\/arantv.az\/index.php?rest_route=%2Fwp%2Fv2%2Fcategories&post=153718"},{"taxonomy":"post_tag","embeddable":true,"href":"https:\/\/arantv.az\/index.php?rest_route=%2Fwp%2Fv2%2Ftags&post=153718"}],"curies":[{"name":"wp","href":"https:\/\/api.w.org\/{rel}","templated":true}]}}