{"id":153722,"date":"2020-04-25T18:29:31","date_gmt":"2020-04-25T15:29:31","guid":{"rendered":"http:\/\/arantv.az\/?p=153722"},"modified":"2020-04-25T18:29:31","modified_gmt":"2020-04-25T15:29:31","slug":"mikayil-cabbarov-tovsiy%c9%99-olunur-ki-mumkun-olan-sah%c9%99l%c9%99rd%c9%99-minimal-sayda-isci-is%c9%99-c%c9%99lb-edilsin","status":"publish","type":"post","link":"https:\/\/arantv.az\/?p=153722","title":{"rendered":"Mikay\u0131l Cabbarov: T\u00f6vsiy\u0259 olunur ki, m\u00fcmk\u00fcn olan sah\u0259l\u0259rd\u0259 minimal sayda i\u015f\u00e7i i\u015f\u0259 c\u0259lb edilsin"},"content":{"rendered":"<p><strong>T\u00f6vsiy\u0259l\u0259rd\u0259n biri ondan ibar\u0259tdir ki, m\u00fcmk\u00fcn olan sah\u0259l\u0259rd\u0259 minimal sayda i\u015f\u00e7i i\u015f\u0259 c\u0259lb edilsin. N\u0259z\u0259r\u0259 almaq laz\u0131md\u0131r ki, aprelin 27-d\u0259n f\u0259aliyy\u0259t tam \u015f\u0259kild\u0259 b\u0259rpa edilmir.<\/strong><\/p>\n<p><strong>ARANTV.AZ<\/strong>\u00a0<a href=\"http:\/\/az.trend.az\/\" target=\"_blank\" rel=\"noopener\">Trend<\/a>-\u0259 istinad\u0259n bildirir ki,\u00a0bunu \u0130qtisadiyyat naziri Mikay\u0131l Cabbarov Nazirl\u0259r Kabineti yan\u0131nda operativ q\u0259rargah\u0131n bu g\u00fcn ke\u00e7irdiyi brifinqd\u0259 deyib.<\/p>\n<p>Onun s\u00f6zl\u0259rin\u0259 g\u00f6r\u0259, bu, sahibkarlar\u0131n i\u015fin\u0259 d\u0259 t\u0259sir g\u00f6st\u0259r\u0259c\u0259k:<\/p>\n<p>&#8220;D\u00f6vl\u0259t t\u0259r\u0259find\u0259n veril\u0259n d\u0259st\u0259k h\u0259m aprel, h\u0259m may ay\u0131 \u00fc\u00e7\u00fcn n\u0259z\u0259rd\u0259 tutulub. \u00c7\u00fcnki karantin d\u00f6vr\u00fcnd\u0259 iqtisadi f\u0259all\u0131q d\u0259rhal b\u0259rpa edilm\u0259y\u0259c\u0259k. Prezident t\u0259r\u0259find\u0259n d\u0259 t\u00f6vsiy\u0259 veril\u0259rk\u0259n m\u0259hz bu variantlar n\u0259z\u0259r\u0259 al\u0131n\u0131b&#8221;.<\/p>\n<p>M.Cabbarov \u0259lav\u0259 edib ki, d\u00f6vl\u0259tin d\u0259st\u0259yi yegan\u0259 al\u0259t deyil. Sahibkarlar da bir v\u0259t\u0259nda\u015f kimi bu i\u015f\u0259 \u00f6z t\u00f6hf\u0259sini verm\u0259lidirl\u0259r.<\/p>\n<p>Nazir qeyd edib ki, d\u0259st\u0259k proqramlar\u0131ndan biri sahibkarlara h\u0259m m\u00f6vcud kreditl\u0259r, h\u0259m d\u0259 yeni kreditl\u0259r \u00fc\u00e7\u00fcn d\u00f6vl\u0259t t\u0259r\u0259find\u0259n m\u00fc\u0259yy\u0259n faizl\u0259rin qar\u015f\u0131lanmas\u0131d\u0131r. Bu al\u0259tl\u0259r kifay\u0259t q\u0259d\u0259r \u00e7ox\u015fax\u0259lidir. Az\u0259rbaycanda t\u0259tbiq edil\u0259n d\u0259st\u0259k proqramlar\u0131 apar\u0131c\u0131 t\u0259cr\u00fcb\u0259l\u0259r\u0259 tam uy\u011fundur. Biz h\u0259r zaman \u00e7al\u0131\u015f\u0131r\u0131q ki, iqtisadiyyat\u0131n n\u0259bzini izl\u0259y\u0259k. Bu i\u015f yaln\u0131z \u0130qtisadiyyat Nazirliyi t\u0259r\u0259find\u0259n deyil, dig\u0259r m\u00fcvafiq qurumlar da t\u0259r\u0259find\u0259n h\u0259yata ke\u00e7irilir. \u018flav\u0259 d\u0259st\u0259y\u0259 ehtiyac olduqda \u0259lav\u0259 aray\u0131\u015flar t\u0259qdim edil\u0259c\u0259k&#8221;.<\/p>\n","protected":false},"excerpt":{"rendered":"<p>T\u00f6vsiy\u0259l\u0259rd\u0259n biri ondan ibar\u0259tdir ki, m\u00fcmk\u00fcn olan sah\u0259l\u0259rd\u0259 minimal sayda i\u015f\u00e7i i\u015f\u0259 c\u0259lb edilsin. N\u0259z\u0259r\u0259 almaq laz\u0131md\u0131r ki, aprelin 27-d\u0259n f\u0259aliyy\u0259t tam \u015f\u0259kild\u0259 b\u0259rpa edilmir. ARANTV.AZ\u00a0Trend-\u0259 istinad\u0259n bildirir ki,\u00a0bunu \u0130qtisadiyyat naziri Mikay\u0131l Cabbarov Nazirl\u0259r Kabineti yan\u0131nda operativ q\u0259rargah\u0131n bu g\u00fcn ke\u00e7irdiyi brifinqd\u0259 deyib. Onun s\u00f6zl\u0259rin\u0259 g\u00f6r\u0259, bu, sahibkarlar\u0131n i\u015fin\u0259 d\u0259 t\u0259sir g\u00f6st\u0259r\u0259c\u0259k: &#8220;D\u00f6vl\u0259t t\u0259r\u0259find\u0259n veril\u0259n d\u0259st\u0259k h\u0259m aprel, h\u0259m may ay\u0131 \u00fc\u00e7\u00fcn n\u0259z\u0259rd\u0259 tutulub. \u00c7\u00fcnki karantin d\u00f6vr\u00fcnd\u0259 iqtisadi f\u0259all\u0131q d\u0259rhal b\u0259rpa edilm\u0259y\u0259c\u0259k. Prezident t\u0259r\u0259find\u0259n d\u0259 t\u00f6vsiy\u0259 veril\u0259rk\u0259n m\u0259hz bu variantlar n\u0259z\u0259r\u0259 al\u0131n\u0131b&#8221;. M.Cabbarov \u0259lav\u0259 edib ki, d\u00f6vl\u0259tin d\u0259st\u0259yi yegan\u0259 al\u0259t&hellip;<\/p>\n","protected":false},"author":2,"featured_media":153723,"comment_status":"closed","ping_status":"closed","sticky":false,"template":"","format":"standard","meta":{"om_disable_all_campaigns":false,"_monsterinsights_skip_tracking":false,"_monsterinsights_sitenote_active":false,"_monsterinsights_sitenote_note":"","_monsterinsights_sitenote_category":0},"categories":[19],"tags":[],"aioseo_notices":[],"gutentor_comment":0,"rttpg_featured_image_url":{"full":["https:\/\/arantv.az\/wp-content\/uploads\/2020\/04\/845171.jpg",410,307,false],"landscape":["https:\/\/arantv.az\/wp-content\/uploads\/2020\/04\/845171.jpg",410,307,false],"portraits":["https:\/\/arantv.az\/wp-content\/uploads\/2020\/04\/845171.jpg",410,307,false],"thumbnail":["https:\/\/arantv.az\/wp-content\/uploads\/2020\/04\/845171-150x150.jpg",150,150,true],"medium":["https:\/\/arantv.az\/wp-content\/uploads\/2020\/04\/845171-300x225.jpg",300,225,true],"large":["https:\/\/arantv.az\/wp-content\/uploads\/2020\/04\/845171.jpg",410,307,false],"1536x1536":["https:\/\/arantv.az\/wp-content\/uploads\/2020\/04\/845171.jpg",410,307,false],"2048x2048":["https:\/\/arantv.az\/wp-content\/uploads\/2020\/04\/845171.jpg",410,307,false],"post-thumbnail":["https:\/\/arantv.az\/wp-content\/uploads\/2020\/04\/845171-240x172.jpg",240,172,true],"advps-thumb-one":["https:\/\/arantv.az\/wp-content\/uploads\/2020\/04\/845171.jpg",410,307,false]},"rttpg_author":{"display_name":"V\u00fcsal Rafiqo\u011flu","author_link":"https:\/\/arantv.az\/?author=2"},"rttpg_comment":0,"rttpg_category":"<a href=\"https:\/\/arantv.az\/?cat=19\" rel=\"category\">G\u00fcnd\u0259m<\/a>","rttpg_excerpt":"T\u00f6vsiy\u0259l\u0259rd\u0259n biri ondan ibar\u0259tdir ki, m\u00fcmk\u00fcn olan sah\u0259l\u0259rd\u0259 minimal sayda i\u015f\u00e7i i\u015f\u0259 c\u0259lb edilsin. N\u0259z\u0259r\u0259 almaq laz\u0131md\u0131r ki, aprelin 27-d\u0259n f\u0259aliyy\u0259t tam \u015f\u0259kild\u0259 b\u0259rpa edilmir. ARANTV.AZ\u00a0Trend-\u0259 istinad\u0259n bildirir ki,\u00a0bunu \u0130qtisadiyyat naziri Mikay\u0131l Cabbarov Nazirl\u0259r Kabineti yan\u0131nda operativ q\u0259rargah\u0131n bu g\u00fcn ke\u00e7irdiyi brifinqd\u0259 deyib. Onun s\u00f6zl\u0259rin\u0259 g\u00f6r\u0259, bu, sahibkarlar\u0131n i\u015fin\u0259 d\u0259 t\u0259sir g\u00f6st\u0259r\u0259c\u0259k: &#8220;D\u00f6vl\u0259t t\u0259r\u0259find\u0259n veril\u0259n&hellip;","_links":{"self":[{"href":"https:\/\/arantv.az\/index.php?rest_route=\/wp\/v2\/posts\/153722"}],"collection":[{"href":"https:\/\/arantv.az\/index.php?rest_route=\/wp\/v2\/posts"}],"about":[{"href":"https:\/\/arantv.az\/index.php?rest_route=\/wp\/v2\/types\/post"}],"author":[{"embeddable":true,"href":"https:\/\/arantv.az\/index.php?rest_route=\/wp\/v2\/users\/2"}],"replies":[{"embeddable":true,"href":"https:\/\/arantv.az\/index.php?rest_route=%2Fwp%2Fv2%2Fcomments&post=153722"}],"version-history":[{"count":0,"href":"https:\/\/arantv.az\/index.php?rest_route=\/wp\/v2\/posts\/153722\/revisions"}],"wp:featuredmedia":[{"embeddable":true,"href":"https:\/\/arantv.az\/index.php?rest_route=\/wp\/v2\/media\/153723"}],"wp:attachment":[{"href":"https:\/\/arantv.az\/index.php?rest_route=%2Fwp%2Fv2%2Fmedia&parent=153722"}],"wp:term":[{"taxonomy":"category","embeddable":true,"href":"https:\/\/arantv.az\/index.php?rest_route=%2Fwp%2Fv2%2Fcategories&post=153722"},{"taxonomy":"post_tag","embeddable":true,"href":"https:\/\/arantv.az\/index.php?rest_route=%2Fwp%2Fv2%2Ftags&post=153722"}],"curies":[{"name":"wp","href":"https:\/\/api.w.org\/{rel}","templated":true}]}}