{"id":153726,"date":"2020-04-25T18:31:50","date_gmt":"2020-04-25T15:31:50","guid":{"rendered":"http:\/\/arantv.az\/?p=153726"},"modified":"2020-04-25T18:31:50","modified_gmt":"2020-04-25T15:31:50","slug":"dovl%c9%99t-t%c9%99r%c9%99find%c9%99n-sahibkarlara-veril%c9%99n-d%c9%99st%c9%99k-h%c9%99m-aprel-h%c9%99m-d%c9%99-may-ayi-ucun-n%c9%99z%c9%99rd%c9%99-tutulur-iqtisadiyyat-naziri","status":"publish","type":"post","link":"https:\/\/arantv.az\/?p=153726","title":{"rendered":"D\u00f6vl\u0259t t\u0259r\u0259find\u0259n sahibkarlara veril\u0259n d\u0259st\u0259k h\u0259m aprel, h\u0259m d\u0259 may ay\u0131 \u00fc\u00e7\u00fcn n\u0259z\u0259rd\u0259 tutulur &#8211; \u0130qtisadiyyat naziri"},"content":{"rendered":"<p><strong>&#8220;D\u00f6vl\u0259t t\u0259r\u0259find\u0259n sahibkarlara veril\u0259n d\u0259st\u0259k h\u0259m aprel, h\u0259m d\u0259 may ay\u0131 \u00fc\u00e7\u00fcn n\u0259z\u0259rd\u0259 tutulur&#8221;.<\/strong><\/p>\n<p><strong>ARANTV.AZ<\/strong> bildirir ki, bunu Nazirl\u0259r Kabineti yan\u0131nda Operativ Q\u0259rargah\u0131n brifinqind\u0259 \u0130qdisadiyyat naziri Mikay\u0131l Cabbarov deyib.<\/p>\n<p>Onun s\u00f6zl\u0259rin\u0259 g\u00f6r\u0259, karantind\u0259n \u00e7\u0131xd\u0131qdan sonra iqtisadi f\u0259all\u0131q d\u0259rhal b\u0259rpa edilm\u0259y\u0259c\u0259k: &#8220;T\u00f6vsiy\u0259l\u0259rd\u0259n biri ondan ibar\u0259tdir ki, ist\u0259r ticar\u0259t, ist\u0259r istehsal v\u0259 xidm\u0259t m\u00fc\u0259ssis\u0259l\u0259rind\u0259 minimal sayda \u0259m\u0259kda\u015flar c\u0259lb olunsun. T\u0259bii olaraq bu, ilk n\u00f6vb\u0259d\u0259 sanitar-epidemiologi qaydadan ir\u0259li g\u0259l\u0259n m\u0259s\u0259l\u0259dir. F\u0259aliyy\u0259tin tam \u015f\u0259kild\u0259 b\u0259rpa olunmad\u0131\u011f\u0131n\u0131 n\u0259z\u0259r\u0259 alsaq, bu, m\u00fc\u0259ssis\u0259l\u0259rin i\u015fg\u00fczar aktivliyin\u0259 birm\u0259nal\u0131 t\u0259sir g\u00f6st\u0259r\u0259c\u0259k&#8221;.<\/p>\n","protected":false},"excerpt":{"rendered":"<p>&#8220;D\u00f6vl\u0259t t\u0259r\u0259find\u0259n sahibkarlara veril\u0259n d\u0259st\u0259k h\u0259m aprel, h\u0259m d\u0259 may ay\u0131 \u00fc\u00e7\u00fcn n\u0259z\u0259rd\u0259 tutulur&#8221;. ARANTV.AZ bildirir ki, bunu Nazirl\u0259r Kabineti yan\u0131nda Operativ Q\u0259rargah\u0131n brifinqind\u0259 \u0130qdisadiyyat naziri Mikay\u0131l Cabbarov deyib. Onun s\u00f6zl\u0259rin\u0259 g\u00f6r\u0259, karantind\u0259n \u00e7\u0131xd\u0131qdan sonra iqtisadi f\u0259all\u0131q d\u0259rhal b\u0259rpa edilm\u0259y\u0259c\u0259k: &#8220;T\u00f6vsiy\u0259l\u0259rd\u0259n biri ondan ibar\u0259tdir ki, ist\u0259r ticar\u0259t, ist\u0259r istehsal v\u0259 xidm\u0259t m\u00fc\u0259ssis\u0259l\u0259rind\u0259 minimal sayda \u0259m\u0259kda\u015flar c\u0259lb olunsun. T\u0259bii olaraq bu, ilk n\u00f6vb\u0259d\u0259 sanitar-epidemiologi qaydadan ir\u0259li g\u0259l\u0259n m\u0259s\u0259l\u0259dir. F\u0259aliyy\u0259tin tam \u015f\u0259kild\u0259 b\u0259rpa olunmad\u0131\u011f\u0131n\u0131 n\u0259z\u0259r\u0259 alsaq, bu, m\u00fc\u0259ssis\u0259l\u0259rin i\u015fg\u00fczar aktivliyin\u0259 birm\u0259nal\u0131 t\u0259sir g\u00f6st\u0259r\u0259c\u0259k&#8221;.<\/p>\n","protected":false},"author":2,"featured_media":153730,"comment_status":"closed","ping_status":"closed","sticky":false,"template":"","format":"standard","meta":{"om_disable_all_campaigns":false,"_monsterinsights_skip_tracking":false,"_monsterinsights_sitenote_active":false,"_monsterinsights_sitenote_note":"","_monsterinsights_sitenote_category":0},"categories":[19],"tags":[],"aioseo_notices":[],"gutentor_comment":0,"rttpg_featured_image_url":{"full":["https:\/\/arantv.az\/wp-content\/uploads\/2020\/04\/845173.jpg",800,600,false],"landscape":["https:\/\/arantv.az\/wp-content\/uploads\/2020\/04\/845173.jpg",800,600,false],"portraits":["https:\/\/arantv.az\/wp-content\/uploads\/2020\/04\/845173.jpg",800,600,false],"thumbnail":["https:\/\/arantv.az\/wp-content\/uploads\/2020\/04\/845173-150x150.jpg",150,150,true],"medium":["https:\/\/arantv.az\/wp-content\/uploads\/2020\/04\/845173-300x225.jpg",300,225,true],"large":["https:\/\/arantv.az\/wp-content\/uploads\/2020\/04\/845173.jpg",640,480,false],"1536x1536":["https:\/\/arantv.az\/wp-content\/uploads\/2020\/04\/845173.jpg",800,600,false],"2048x2048":["https:\/\/arantv.az\/wp-content\/uploads\/2020\/04\/845173.jpg",800,600,false],"post-thumbnail":["https:\/\/arantv.az\/wp-content\/uploads\/2020\/04\/845173-240x172.jpg",240,172,true],"advps-thumb-one":["https:\/\/arantv.az\/wp-content\/uploads\/2020\/04\/845173.jpg",800,600,false]},"rttpg_author":{"display_name":"V\u00fcsal Rafiqo\u011flu","author_link":"https:\/\/arantv.az\/?author=2"},"rttpg_comment":0,"rttpg_category":"<a href=\"https:\/\/arantv.az\/?cat=19\" rel=\"category\">G\u00fcnd\u0259m<\/a>","rttpg_excerpt":"&#8220;D\u00f6vl\u0259t t\u0259r\u0259find\u0259n sahibkarlara veril\u0259n d\u0259st\u0259k h\u0259m aprel, h\u0259m d\u0259 may ay\u0131 \u00fc\u00e7\u00fcn n\u0259z\u0259rd\u0259 tutulur&#8221;. ARANTV.AZ bildirir ki, bunu Nazirl\u0259r Kabineti yan\u0131nda Operativ Q\u0259rargah\u0131n brifinqind\u0259 \u0130qdisadiyyat naziri Mikay\u0131l Cabbarov deyib. Onun s\u00f6zl\u0259rin\u0259 g\u00f6r\u0259, karantind\u0259n \u00e7\u0131xd\u0131qdan sonra iqtisadi f\u0259all\u0131q d\u0259rhal b\u0259rpa edilm\u0259y\u0259c\u0259k: &#8220;T\u00f6vsiy\u0259l\u0259rd\u0259n biri ondan ibar\u0259tdir ki, ist\u0259r ticar\u0259t, ist\u0259r istehsal v\u0259 xidm\u0259t m\u00fc\u0259ssis\u0259l\u0259rind\u0259 minimal sayda \u0259m\u0259kda\u015flar&hellip;","_links":{"self":[{"href":"https:\/\/arantv.az\/index.php?rest_route=\/wp\/v2\/posts\/153726"}],"collection":[{"href":"https:\/\/arantv.az\/index.php?rest_route=\/wp\/v2\/posts"}],"about":[{"href":"https:\/\/arantv.az\/index.php?rest_route=\/wp\/v2\/types\/post"}],"author":[{"embeddable":true,"href":"https:\/\/arantv.az\/index.php?rest_route=\/wp\/v2\/users\/2"}],"replies":[{"embeddable":true,"href":"https:\/\/arantv.az\/index.php?rest_route=%2Fwp%2Fv2%2Fcomments&post=153726"}],"version-history":[{"count":0,"href":"https:\/\/arantv.az\/index.php?rest_route=\/wp\/v2\/posts\/153726\/revisions"}],"wp:featuredmedia":[{"embeddable":true,"href":"https:\/\/arantv.az\/index.php?rest_route=\/wp\/v2\/media\/153730"}],"wp:attachment":[{"href":"https:\/\/arantv.az\/index.php?rest_route=%2Fwp%2Fv2%2Fmedia&parent=153726"}],"wp:term":[{"taxonomy":"category","embeddable":true,"href":"https:\/\/arantv.az\/index.php?rest_route=%2Fwp%2Fv2%2Fcategories&post=153726"},{"taxonomy":"post_tag","embeddable":true,"href":"https:\/\/arantv.az\/index.php?rest_route=%2Fwp%2Fv2%2Ftags&post=153726"}],"curies":[{"name":"wp","href":"https:\/\/api.w.org\/{rel}","templated":true}]}}