{"id":153771,"date":"2020-04-25T19:07:37","date_gmt":"2020-04-25T16:07:37","guid":{"rendered":"http:\/\/arantv.az\/?p=153771"},"modified":"2020-04-25T19:07:37","modified_gmt":"2020-04-25T16:07:37","slug":"iftar-sufr%c9%99l%c9%99rini-xeyriyy%c9%99-aksiyalari-il%c9%99-%c9%99v%c9%99zl%c9%99m%c9%99k-mumkundurmu","status":"publish","type":"post","link":"https:\/\/arantv.az\/?p=153771","title":{"rendered":"\u0130ftar s\u00fcfr\u0259l\u0259rini xeyriyy\u0259 aksiyalar\u0131 il\u0259 \u0259v\u0259zl\u0259m\u0259k m\u00fcmk\u00fcnd\u00fcrm\u00fc?"},"content":{"rendered":"<p><strong>\u018fhm\u0259d Q\u0259\u015f\u0259mo\u011flu: \u201c\u0130ftar sovqatlar\u0131n\u0131 \u0259sas\u0259n kas\u0131b ail\u0259l\u0259r\u0259 y\u00f6nl\u0259ndirm\u0259k daha g\u00f6z\u0259l olard\u0131\u201d<\/strong><\/p>\n<p><strong>Emil Rahilo\u011flu: \u201cBunun savab\u0131 daha b\u00f6y\u00fckd\u00fcr\u201d<\/strong><\/p>\n<p>M\u0259lum oldu\u011fu kimi, bu g\u00fcnd\u0259n Az\u0259rbaycanda Ramazan ay\u0131 ba\u015flay\u0131r. Bel\u0259likl\u0259, bu il \u00f6lk\u0259 \u0259razisinin \u00fcf\u00fcq\u00fcnd\u0259 Ay hilal\u0131n\u0131n g\u00f6r\u00fcnm\u0259sin\u0259 uy\u011fun olaraq Ramazan ay\u0131n\u0131n 1-i miladi t\u0259qviml\u0259 aprelin 25-n\u0259 t\u0259sad\u00fcf edib.<\/p>\n<p>Ramazan ay\u0131n\u0131n builki t\u0259qvimin\u0259 g\u00f6r\u0259 \u018fhya gec\u0259l\u0259ri (Q\u0259dr gec\u0259si) 12 may, 14 may, 16 may v\u0259 20 may tarixl\u0259rin\u0259 t\u0259sad\u00fcf edir. Ramazan bayram\u0131 \u015e\u0259vval ay\u0131n\u0131n 1-i &#8211; Ay\u0131n \u00fcf\u00fcqi \u0259razimizd\u0259 g\u00f6r\u00fcnm\u0259sind\u0259n as\u0131l\u0131 olaraq may ay\u0131n\u0131n 24-n\u0259 t\u0259sad\u00fcf ed\u0259c\u0259k. H\u0259min g\u00fcn Fitr (Ramazan) bayram\u0131d\u0131r. Niyy\u0259t gec\u0259si aprelin 24-d\u0259n 25-n\u0259 ke\u00e7\u0259n gec\u0259y\u0259 d\u00fc\u015f\u00fcr.<\/p>\n<p>Ramazan ay\u0131n\u0131n ba\u015flanmas\u0131 il\u0259 Qafqaz M\u00fcs\u0259lmanlar\u0131 \u0130dar\u0259sinin Qaz\u0131lar \u015euras\u0131n\u0131n yayd\u0131\u011f\u0131 f\u0259tvaya g\u00f6r\u0259, x\u00fcsusi karantin rejimi d\u00f6vr\u00fcnd\u0259 \u015f\u0259ri\u0259td\u0259 vacib olmayan, ad\u0259t-\u0259n\u0259n\u0259l\u0259rimiz\u0259 s\u00f6yk\u0259n\u0259n dini m\u0259rasiml\u0259rin (ehsan, m\u00f6vlud v\u0259 s.) ke\u00e7irilm\u0259m\u0259si t\u00f6vsiy\u0259 edilir. \u015e\u0259ri bax\u0131mdan vacib olan d\u0259fn m\u0259rasiml\u0259ri \u015f\u0259ri\u0259t qaydalar\u0131na \u0259m\u0259l edilm\u0259si \u015f\u0259rti il\u0259 karantin d\u00f6vr\u00fcnd\u0259 m\u0259hdud \u00e7\u0259r\u00e7iv\u0259d\u0259 h\u0259yata ke\u00e7irilm\u0259lidir. \u0130ftar s\u00fcfr\u0259sinin d\u0259 h\u0259r bir evd\u0259 yaln\u0131z ail\u0259 \u00fczvl\u0259rinin i\u015ftirak\u0131 il\u0259 a\u00e7\u0131lmas\u0131na \u00e7a\u011f\u0131r\u0131l\u0131b.<\/p>\n<p>Bildirilib ki, b\u00fct\u00fcn bu t\u00f6vsiy\u0259l\u0259r haz\u0131rda t\u00fc\u011fyan ed\u0259n x\u0259st\u0259lik s\u0259b\u0259bind\u0259n m\u00fcv\u0259qq\u0259ti s\u0259ciyy\u0259 da\u015f\u0131y\u0131r.<\/p>\n<p>Bel\u0259likl\u0259 bu il pandemiya il\u0259 \u0259laq\u0259dar olaraq iftar s\u00fcfr\u0259l\u0259ri yaln\u0131z ail\u0259 \u00fczvl\u0259ri t\u0259r\u0259find\u0259n a\u00e7\u0131lacaq. B\u0259s iftar s\u00fcfr\u0259l\u0259rini xeyriyy\u0259 aksiyalar\u0131 il\u0259 \u0259v\u0259zl\u0259m\u0259k, bu m\u0259clisl\u0259r\u0259 \u00e7\u0259kil\u0259c\u0259k x\u0259rvi imkans\u0131z ail\u0259l\u0259r\u0259 y\u00f6nl\u0259ndirm\u0259k m\u00fcmk\u00fcnd\u00fcrm\u00fc?<\/p>\n<p>Sosioloq \u018fhm\u0259d Q\u0259\u015f\u0259mo\u011flu m\u00f6vzu il\u0259 ba\u011fl\u0131 Musavat.com-a dan\u0131\u015f\u0131b: \u201cBu bar\u0259d\u0259 fikir ayd\u0131nl\u0131\u011f\u0131 olmas\u0131 \u00e7ox yax\u015f\u0131d\u0131r. V\u0259 n\u0259 yax\u015f ki, m\u0259tbuat n\u00fcmay\u0259nd\u0259l\u0259ri d\u0259 bu m\u0259s\u0259l\u0259ni diqq\u0259td\u0259n k\u0259narda qoymur.\u00a0\u018fslind\u0259 iftar s\u00fcfr\u0259sinin m\u0259nas\u0131 odur ki, oruc tutan insanlar bir yer\u0259 topla\u015f\u0131b, iftar a\u00e7\u0131rlar. V\u0259 t\u0259bii ki, indiki karantin rejimin\u0259 \u0259sas\u0259n insanlar\u0131 ev\u0259 d\u0259v\u0259t etm\u0259k imkan\u0131 olmad\u0131\u011f\u0131ndan, oruc tutan ail\u0259l\u0259r\u0259 iftar sovqat\u0131 paylamaq olar. H\u00f6km\u0259n deyil ki, oruc tutuan ail\u0259l\u0259r m\u00fctl\u0259q kas\u0131b v\u0259 ya imkanl\u0131 olsun. \u0130st\u0259nil\u0259n oruc tutan ail\u0259y\u0259 sovqat paylamaq yerind\u0259 olar. El\u0259 \u015f\u0259xsl\u0259r olacaq ki, iftar sovqatlar\u0131n\u0131 \u0259sas\u0259n kas\u0131b ail\u0259l\u0259r\u0259 y\u00f6n\u0259ld\u0259c\u0259k ki, bu da \u00e7ox g\u00f6z\u0259ldir\u201d.<\/p>\n<p>\u018fhm\u0259d Q\u0259\u015f\u0259mo\u011flu qeyd etdi ki, ist\u0259nil\u0259n halda t\u0259h\u00fck\u0259sizlik qaydalar\u0131n\u0131 unutmaq olmaz: \u201c\u0130ftar s\u00fcfr\u0259si \u00fc\u00e7\u00fcn n\u0259z\u0259rd\u0259 tutdu\u011fumuz sovqat m\u0259hsullar\u0131n\u0131n ma\u011faza v\u0259 bazardan alanda diqq\u0259tli olmal\u0131, t\u0259hl\u00fck\u0259sizlik qaydalar\u0131na \u0259m\u0259l etm\u0259liyik.<br \/>\nBel\u0259likl\u0259, Ramazan g\u00fcnl\u0259rind\u0259 yax\u0131nlar\u0131m\u0131za, do\u011fmalar\u0131m\u0131za v\u0259 k\u0259nar adamlara \u201ciftar s\u00fcfr\u0259si \u00fc\u00e7\u00fcnd\u00fcr\u201d deyib, sovqatlar g\u00f6nd\u0259rm\u0259yimiz \u00e7ox g\u00f6z\u0259l olard\u0131\u201d.<\/p>\n<p>\u0130lahiyyat\u00e7\u0131 Emil Rahilo\u011flu da m\u00f6vzu il\u0259 ba\u011fl\u0131 \u00f6z fikirl\u0259rini bildirib: \u201cBildiyiniz kimi, h\u0259r il Az\u0259rbaycanda \u00e7ox geni\u015f \u015f\u0259kild\u0259 iftar s\u00fcfr\u0259l\u0259ri a\u00e7\u0131l\u0131rd\u0131. Amma bu il pandemiya il\u0259 \u0259laq\u0259dar olaraq bir yer\u0259 topla\u015fmaq m\u00fcmk\u00fcn deyil.\u00a0 Qeyd edim ki, iftar s\u00fcfr\u0259l\u0259rinin m\u00fctl\u0259q \u015f\u0259kild\u0259 olmas\u0131 vacib deyil. Y\u0259ni, \u201cyox, bu \u015f\u0259ri\u0259tin qanunudur, onu m\u00fctl\u0259q icra etm\u0259liyik\u201d dey\u0259 bilm\u0259rik. Amma bunu \u0259v\u0259z etm\u0259yin m\u00fcxt\u0259lif yollar\u0131 var. O yollardan biri d\u0259 iftar niyy\u0259ti il\u0259 imkans\u0131z ail\u0259l\u0259r\u0259 qida m\u0259hsullar\u0131 verm\u0259k olar.<\/p>\n<p>X\u00fcsus\u0259n d\u0259 iftar s\u00fcfr\u0259si \u00fc\u00e7\u00fcn laz\u0131m olan m\u0259hsullar\u0131n olmas\u0131 daha g\u00f6z\u0259l olard\u0131. M\u0259s\u0259l\u0259n, bu m\u0259hsullar \u0259sas\u0259n Ramazan ay\u0131nda daha \u00e7ox istifad\u0259 edil\u0259n, xurma, \u0259t, d\u00fcy\u00fc m\u0259hsullar\u0131 ola bil\u0259r. Dey\u0259rdim ki, bu \u015f\u0259kild\u0259 icra etm\u0259yin savab\u0131 daha \u00e7oxdur.<\/p>\n<p>Qeyd edim ki, h\u0259l\u0259 pandemiyadan \u0259vv\u0259l d\u0259 biz bu t\u0259\u015f\u0259bb\u00fcsl\u0259 i\u015ftirak edirdik. \u00c7\u00fcnki, iftar s\u00fcfr\u0259si a\u00e7anlar\u0131n he\u00e7 d\u0259 ham\u0131s\u0131n\u0131n ehtiyac\u0131 olmur. M\u0259s\u0259l\u0259n, biz ad\u0259t\u0259n iftar s\u00fcf\u0259rsin\u0259 \u0259traf\u0131m\u0131zda olan dostlar\u0131, yax\u0131nlar\u0131 d\u0259v\u0259t edirdik, onlar da f\u0259qir say\u0131lmaz. Amma imkans\u0131z ail\u0259l\u0259r\u0259 iftar sovqat\u0131 paylamaq daha g\u00f6z\u0259l olard\u0131, hal-haz\u0131rda buna z\u0259rur\u0259t var. Z\u0259rur\u0259t budur ki, biz iftar sovqat\u0131n\u0131 imkans\u0131z ail\u0259l\u0259r\u0259 \u00e7atd\u0131raq.<\/p>\n<p>Burada \u015f\u0259rt deyil ki, ail\u0259d\u0259 oruc tutan var, yoxsa yox. El\u0259 o niyy\u0259tl\u0259 ver\u0259k, in\u015fallah ki, Allah-t\u0259ala da q\u0259bul ed\u0259r\u201d.<\/p>\n<p><strong>Xalid\u0259 G\u0259ray<\/strong><br \/>\n<strong>Musavat.com<\/strong><\/p>\n","protected":false},"excerpt":{"rendered":"<p>\u018fhm\u0259d Q\u0259\u015f\u0259mo\u011flu: \u201c\u0130ftar sovqatlar\u0131n\u0131 \u0259sas\u0259n kas\u0131b ail\u0259l\u0259r\u0259 y\u00f6nl\u0259ndirm\u0259k daha g\u00f6z\u0259l olard\u0131\u201d Emil Rahilo\u011flu: \u201cBunun savab\u0131 daha b\u00f6y\u00fckd\u00fcr\u201d M\u0259lum oldu\u011fu kimi, bu g\u00fcnd\u0259n Az\u0259rbaycanda Ramazan ay\u0131 ba\u015flay\u0131r. Bel\u0259likl\u0259, bu il \u00f6lk\u0259 \u0259razisinin \u00fcf\u00fcq\u00fcnd\u0259 Ay hilal\u0131n\u0131n g\u00f6r\u00fcnm\u0259sin\u0259 uy\u011fun olaraq Ramazan ay\u0131n\u0131n 1-i miladi t\u0259qviml\u0259 aprelin 25-n\u0259 t\u0259sad\u00fcf edib. Ramazan ay\u0131n\u0131n builki t\u0259qvimin\u0259 g\u00f6r\u0259 \u018fhya gec\u0259l\u0259ri (Q\u0259dr gec\u0259si) 12 may, 14 may, 16 may v\u0259 20 may tarixl\u0259rin\u0259 t\u0259sad\u00fcf edir. Ramazan bayram\u0131 \u015e\u0259vval ay\u0131n\u0131n 1-i &#8211; Ay\u0131n \u00fcf\u00fcqi \u0259razimizd\u0259 g\u00f6r\u00fcnm\u0259sind\u0259n as\u0131l\u0131 olaraq may ay\u0131n\u0131n 24-n\u0259 t\u0259sad\u00fcf ed\u0259c\u0259k. H\u0259min g\u00fcn Fitr (Ramazan) bayram\u0131d\u0131r. Niyy\u0259t&hellip;<\/p>\n","protected":false},"author":2,"featured_media":153780,"comment_status":"closed","ping_status":"closed","sticky":false,"template":"","format":"standard","meta":{"om_disable_all_campaigns":false,"_monsterinsights_skip_tracking":false,"_monsterinsights_sitenote_active":false,"_monsterinsights_sitenote_note":"","_monsterinsights_sitenote_category":0},"categories":[24],"tags":[],"aioseo_notices":[],"gutentor_comment":0,"rttpg_featured_image_url":{"full":["https:\/\/arantv.az\/wp-content\/uploads\/2020\/04\/e9c6f83f22ebc2a883eaacf825348826.jpg",450,300,false],"landscape":["https:\/\/arantv.az\/wp-content\/uploads\/2020\/04\/e9c6f83f22ebc2a883eaacf825348826.jpg",450,300,false],"portraits":["https:\/\/arantv.az\/wp-content\/uploads\/2020\/04\/e9c6f83f22ebc2a883eaacf825348826.jpg",450,300,false],"thumbnail":["https:\/\/arantv.az\/wp-content\/uploads\/2020\/04\/e9c6f83f22ebc2a883eaacf825348826-150x150.jpg",150,150,true],"medium":["https:\/\/arantv.az\/wp-content\/uploads\/2020\/04\/e9c6f83f22ebc2a883eaacf825348826-300x200.jpg",300,200,true],"large":["https:\/\/arantv.az\/wp-content\/uploads\/2020\/04\/e9c6f83f22ebc2a883eaacf825348826.jpg",450,300,false],"1536x1536":["https:\/\/arantv.az\/wp-content\/uploads\/2020\/04\/e9c6f83f22ebc2a883eaacf825348826.jpg",450,300,false],"2048x2048":["https:\/\/arantv.az\/wp-content\/uploads\/2020\/04\/e9c6f83f22ebc2a883eaacf825348826.jpg",450,300,false],"post-thumbnail":["https:\/\/arantv.az\/wp-content\/uploads\/2020\/04\/e9c6f83f22ebc2a883eaacf825348826-240x172.jpg",240,172,true],"advps-thumb-one":["https:\/\/arantv.az\/wp-content\/uploads\/2020\/04\/e9c6f83f22ebc2a883eaacf825348826.jpg",450,300,false]},"rttpg_author":{"display_name":"V\u00fcsal Rafiqo\u011flu","author_link":"https:\/\/arantv.az\/?author=2"},"rttpg_comment":0,"rttpg_category":"<a href=\"https:\/\/arantv.az\/?cat=24\" rel=\"category\">Maraql\u0131<\/a>","rttpg_excerpt":"\u018fhm\u0259d Q\u0259\u015f\u0259mo\u011flu: \u201c\u0130ftar sovqatlar\u0131n\u0131 \u0259sas\u0259n kas\u0131b ail\u0259l\u0259r\u0259 y\u00f6nl\u0259ndirm\u0259k daha g\u00f6z\u0259l olard\u0131\u201d Emil Rahilo\u011flu: \u201cBunun savab\u0131 daha b\u00f6y\u00fckd\u00fcr\u201d M\u0259lum oldu\u011fu kimi, bu g\u00fcnd\u0259n Az\u0259rbaycanda Ramazan ay\u0131 ba\u015flay\u0131r. Bel\u0259likl\u0259, bu il \u00f6lk\u0259 \u0259razisinin \u00fcf\u00fcq\u00fcnd\u0259 Ay hilal\u0131n\u0131n g\u00f6r\u00fcnm\u0259sin\u0259 uy\u011fun olaraq Ramazan ay\u0131n\u0131n 1-i miladi t\u0259qviml\u0259 aprelin 25-n\u0259 t\u0259sad\u00fcf edib. Ramazan ay\u0131n\u0131n builki t\u0259qvimin\u0259 g\u00f6r\u0259 \u018fhya gec\u0259l\u0259ri (Q\u0259dr gec\u0259si)&hellip;","_links":{"self":[{"href":"https:\/\/arantv.az\/index.php?rest_route=\/wp\/v2\/posts\/153771"}],"collection":[{"href":"https:\/\/arantv.az\/index.php?rest_route=\/wp\/v2\/posts"}],"about":[{"href":"https:\/\/arantv.az\/index.php?rest_route=\/wp\/v2\/types\/post"}],"author":[{"embeddable":true,"href":"https:\/\/arantv.az\/index.php?rest_route=\/wp\/v2\/users\/2"}],"replies":[{"embeddable":true,"href":"https:\/\/arantv.az\/index.php?rest_route=%2Fwp%2Fv2%2Fcomments&post=153771"}],"version-history":[{"count":0,"href":"https:\/\/arantv.az\/index.php?rest_route=\/wp\/v2\/posts\/153771\/revisions"}],"wp:featuredmedia":[{"embeddable":true,"href":"https:\/\/arantv.az\/index.php?rest_route=\/wp\/v2\/media\/153780"}],"wp:attachment":[{"href":"https:\/\/arantv.az\/index.php?rest_route=%2Fwp%2Fv2%2Fmedia&parent=153771"}],"wp:term":[{"taxonomy":"category","embeddable":true,"href":"https:\/\/arantv.az\/index.php?rest_route=%2Fwp%2Fv2%2Fcategories&post=153771"},{"taxonomy":"post_tag","embeddable":true,"href":"https:\/\/arantv.az\/index.php?rest_route=%2Fwp%2Fv2%2Ftags&post=153771"}],"curies":[{"name":"wp","href":"https:\/\/api.w.org\/{rel}","templated":true}]}}