{"id":153775,"date":"2020-04-25T19:03:59","date_gmt":"2020-04-25T16:03:59","guid":{"rendered":"http:\/\/arantv.az\/?p=153775"},"modified":"2020-04-25T19:03:59","modified_gmt":"2020-04-25T16:03:59","slug":"iran-prezidenti-abs-i-yaxindan-izl%c9%99yirik-amma-munaqis%c9%99-baslatmayacagiq","status":"publish","type":"post","link":"https:\/\/arantv.az\/?p=153775","title":{"rendered":"\u0130ran prezidenti: AB\u015e-\u0131 yax\u0131ndan izl\u0259yirik, amma m\u00fcnaqi\u015f\u0259 ba\u015flatmayaca\u011f\u0131q"},"content":{"rendered":"<p>\u0130ran prezidenti H\u0259s\u0259n Ruhani \u015f\u0259nb\u0259 g\u00fcn\u00fc deyib ki, Tehran AB\u015e-\u0131n f\u0259aliyy\u0259tini yax\u0131ndan izl\u0259yir, amma he\u00e7 vaxt regionda m\u00fcnaqi\u015f\u0259 ba\u015flatmayacaq.<\/p>\n<p>Ruhani bunu Q\u0259t\u0259rin \u0259miri \u015eeyx T\u0259mim bin H\u0259mad \u0259l-Tani il\u0259 telefon dan\u0131\u015f\u0131\u011f\u0131 zaman\u0131 s\u00f6yl\u0259yib. Bu bar\u0259d\u0259 \u0130ran\u0131n d\u00f6vl\u0259t medias\u0131 x\u0259b\u0259r verib. Onun bu s\u00f6zl\u0259ri Va\u015finqtonla Tehran aras\u0131nda g\u0259rginliyin artd\u0131\u011f\u0131 vaxta t\u0259sad\u00fcf edib.<\/p>\n<p>&#8220;\u0130ran \u0130slam Respublikas\u0131 Amerikan\u0131n f\u0259aliyy\u0259tini v\u0259 h\u0259r\u0259k\u0259tl\u0259rini yax\u0131ndan izl\u0259yir, amma he\u00e7 vaxt regionda g\u0259rginlik v\u0259 ya m\u00fcnaqi\u015f\u0259 ba\u015fladan t\u0259r\u0259f olmayacaq,&#8221; Ruhaninin m\u00fcs\u0259lmanlar\u0131n m\u00fcq\u0259dd\u0259s Ramazan bayram\u0131 m\u00fcnasib\u0259til\u0259 etdiyi telefon dan\u0131\u015f\u0131\u011f\u0131 zaman s\u00f6yl\u0259diyi deyilir.<\/p>\n<p>AB\u015e prezidenti Donald Tramp \u00e7\u0259r\u015f\u0259nb\u0259 g\u00fcn\u00fc AB\u015e Donanmas\u0131na \u0130ran K\u00f6rf\u0259zind\u0259 onlar\u0131 t\u0259hdid ed\u0259n h\u0259r hans\u0131 \u0130ran g\u0259misin\u0259 at\u0259\u015f a\u00e7mas\u0131na dair g\u00f6st\u0259ri\u015f verib.<\/p>\n<p>AB\u015e ordusu bu ay\u0131n \u0259vv\u0259li \u0130nqilab Ke\u015fik\u00e7il\u0259ri Korpusunun 11 g\u0259misinin \u0130ran K\u00f6rf\u0259zind\u0259 AB\u015e Donanmas\u0131 v\u0259 Sahil M\u00fchafiz\u0259 xidm\u0259tinin g\u0259mil\u0259rin\u0259 yax\u0131nla\u015fd\u0131\u011f\u0131n\u0131 bildirib v\u0259 onlar\u0131n bu add\u0131mlar\u0131n\u0131 &#8220;t\u0259hl\u00fck\u0259li v\u0259 t\u0259xribat\u00e7\u0131&#8221;adland\u0131r\u0131b.<\/p>\n<p>Tehran insident\u0259 g\u00f6r\u0259 AB\u015e-\u0131 g\u00fcnahland\u0131r\u0131b.<\/p>\n","protected":false},"excerpt":{"rendered":"<p>\u0130ran prezidenti H\u0259s\u0259n Ruhani \u015f\u0259nb\u0259 g\u00fcn\u00fc deyib ki, Tehran AB\u015e-\u0131n f\u0259aliyy\u0259tini yax\u0131ndan izl\u0259yir, amma he\u00e7 vaxt regionda m\u00fcnaqi\u015f\u0259 ba\u015flatmayacaq. Ruhani bunu Q\u0259t\u0259rin \u0259miri \u015eeyx T\u0259mim bin H\u0259mad \u0259l-Tani il\u0259 telefon dan\u0131\u015f\u0131\u011f\u0131 zaman\u0131 s\u00f6yl\u0259yib. Bu bar\u0259d\u0259 \u0130ran\u0131n d\u00f6vl\u0259t medias\u0131 x\u0259b\u0259r verib. Onun bu s\u00f6zl\u0259ri Va\u015finqtonla Tehran aras\u0131nda g\u0259rginliyin artd\u0131\u011f\u0131 vaxta t\u0259sad\u00fcf edib. &#8220;\u0130ran \u0130slam Respublikas\u0131 Amerikan\u0131n f\u0259aliyy\u0259tini v\u0259 h\u0259r\u0259k\u0259tl\u0259rini yax\u0131ndan izl\u0259yir, amma he\u00e7 vaxt regionda g\u0259rginlik v\u0259 ya m\u00fcnaqi\u015f\u0259 ba\u015fladan t\u0259r\u0259f olmayacaq,&#8221; Ruhaninin m\u00fcs\u0259lmanlar\u0131n m\u00fcq\u0259dd\u0259s Ramazan bayram\u0131 m\u00fcnasib\u0259til\u0259 etdiyi telefon dan\u0131\u015f\u0131\u011f\u0131 zaman s\u00f6yl\u0259diyi deyilir. AB\u015e prezidenti Donald Tramp \u00e7\u0259r\u015f\u0259nb\u0259 g\u00fcn\u00fc AB\u015e&hellip;<\/p>\n","protected":false},"author":2,"featured_media":153776,"comment_status":"closed","ping_status":"closed","sticky":false,"template":"","format":"standard","meta":{"om_disable_all_campaigns":false,"_monsterinsights_skip_tracking":false,"_monsterinsights_sitenote_active":false,"_monsterinsights_sitenote_note":"","_monsterinsights_sitenote_category":0},"categories":[4],"tags":[],"aioseo_notices":[],"gutentor_comment":0,"rttpg_featured_image_url":{"full":["https:\/\/arantv.az\/wp-content\/uploads\/2020\/04\/ruhani_28938586.jpg",800,600,false],"landscape":["https:\/\/arantv.az\/wp-content\/uploads\/2020\/04\/ruhani_28938586.jpg",800,600,false],"portraits":["https:\/\/arantv.az\/wp-content\/uploads\/2020\/04\/ruhani_28938586.jpg",800,600,false],"thumbnail":["https:\/\/arantv.az\/wp-content\/uploads\/2020\/04\/ruhani_28938586-150x150.jpg",150,150,true],"medium":["https:\/\/arantv.az\/wp-content\/uploads\/2020\/04\/ruhani_28938586-300x225.jpg",300,225,true],"large":["https:\/\/arantv.az\/wp-content\/uploads\/2020\/04\/ruhani_28938586.jpg",640,480,false],"1536x1536":["https:\/\/arantv.az\/wp-content\/uploads\/2020\/04\/ruhani_28938586.jpg",800,600,false],"2048x2048":["https:\/\/arantv.az\/wp-content\/uploads\/2020\/04\/ruhani_28938586.jpg",800,600,false],"post-thumbnail":["https:\/\/arantv.az\/wp-content\/uploads\/2020\/04\/ruhani_28938586-240x172.jpg",240,172,true],"advps-thumb-one":["https:\/\/arantv.az\/wp-content\/uploads\/2020\/04\/ruhani_28938586.jpg",800,600,false]},"rttpg_author":{"display_name":"V\u00fcsal Rafiqo\u011flu","author_link":"https:\/\/arantv.az\/?author=2"},"rttpg_comment":0,"rttpg_category":"<a href=\"https:\/\/arantv.az\/?cat=4\" rel=\"category\">Siyas\u0259t<\/a>","rttpg_excerpt":"\u0130ran prezidenti H\u0259s\u0259n Ruhani \u015f\u0259nb\u0259 g\u00fcn\u00fc deyib ki, Tehran AB\u015e-\u0131n f\u0259aliyy\u0259tini yax\u0131ndan izl\u0259yir, amma he\u00e7 vaxt regionda m\u00fcnaqi\u015f\u0259 ba\u015flatmayacaq. Ruhani bunu Q\u0259t\u0259rin \u0259miri \u015eeyx T\u0259mim bin H\u0259mad \u0259l-Tani il\u0259 telefon dan\u0131\u015f\u0131\u011f\u0131 zaman\u0131 s\u00f6yl\u0259yib. Bu bar\u0259d\u0259 \u0130ran\u0131n d\u00f6vl\u0259t medias\u0131 x\u0259b\u0259r verib. Onun bu s\u00f6zl\u0259ri Va\u015finqtonla Tehran aras\u0131nda g\u0259rginliyin artd\u0131\u011f\u0131 vaxta t\u0259sad\u00fcf edib. &#8220;\u0130ran \u0130slam Respublikas\u0131 Amerikan\u0131n&hellip;","_links":{"self":[{"href":"https:\/\/arantv.az\/index.php?rest_route=\/wp\/v2\/posts\/153775"}],"collection":[{"href":"https:\/\/arantv.az\/index.php?rest_route=\/wp\/v2\/posts"}],"about":[{"href":"https:\/\/arantv.az\/index.php?rest_route=\/wp\/v2\/types\/post"}],"author":[{"embeddable":true,"href":"https:\/\/arantv.az\/index.php?rest_route=\/wp\/v2\/users\/2"}],"replies":[{"embeddable":true,"href":"https:\/\/arantv.az\/index.php?rest_route=%2Fwp%2Fv2%2Fcomments&post=153775"}],"version-history":[{"count":0,"href":"https:\/\/arantv.az\/index.php?rest_route=\/wp\/v2\/posts\/153775\/revisions"}],"wp:featuredmedia":[{"embeddable":true,"href":"https:\/\/arantv.az\/index.php?rest_route=\/wp\/v2\/media\/153776"}],"wp:attachment":[{"href":"https:\/\/arantv.az\/index.php?rest_route=%2Fwp%2Fv2%2Fmedia&parent=153775"}],"wp:term":[{"taxonomy":"category","embeddable":true,"href":"https:\/\/arantv.az\/index.php?rest_route=%2Fwp%2Fv2%2Fcategories&post=153775"},{"taxonomy":"post_tag","embeddable":true,"href":"https:\/\/arantv.az\/index.php?rest_route=%2Fwp%2Fv2%2Ftags&post=153775"}],"curies":[{"name":"wp","href":"https:\/\/api.w.org\/{rel}","templated":true}]}}