{"id":153791,"date":"2020-04-25T19:11:37","date_gmt":"2020-04-25T16:11:37","guid":{"rendered":"http:\/\/arantv.az\/?p=153791"},"modified":"2020-04-25T19:11:37","modified_gmt":"2020-04-25T16:11:37","slug":"190-manat-ucun-qeydiyyatdan-duzgun-kecildiyini-nec%c9%99-bilm%c9%99k-olar-cavab","status":"publish","type":"post","link":"https:\/\/arantv.az\/?p=153791","title":{"rendered":"190 manat \u00fc\u00e7\u00fcn qeydiyyatdan d\u00fczg\u00fcn ke\u00e7ildiyini nec\u0259 bilm\u0259k olar? \u2013 CAVAB"},"content":{"rendered":"<p>Az\u0259rbaycanda koronavirusa g\u00f6r\u0259 i\u015fsiz qalan azt\u0259minatl\u0131 \u015f\u0259xsl\u0259r\u0259 bird\u0259f\u0259lik 190 manat v\u0259sait \u00f6d\u0259l\u0259nilir. S\u00f6z\u00fcged\u0259n v\u0259saiti alacaq \u015f\u0259xsl\u0259r \u00f6nc\u0259 i\u015fsizlik statusunu r\u0259smil\u0259\u015fdirm\u0259k \u00fc\u00e7\u00fcn ilk olaraq www.e-sosial.az sayt\u0131nda ke\u00e7m\u0259lidirl\u0259r.<\/p>\n<p><strong>ARANTV.AZ<\/strong> ted.az-a istinad\u0259n x\u0259b\u0259r verir ki, haz\u0131rda v\u0259t\u0259nda\u015flar\u0131 \u0259n \u00e7ox maraqland\u0131ran m\u0259qam is\u0259 d\u00fczg\u00fcn qeydiyyatdan ke\u00e7m\u0259kl\u0259 ba\u011fl\u0131d\u0131r.<\/p>\n<div id=\"AdviadNativeVideo0\" class=\"AdviadNativeVideo\"><\/div>\n<p>Sual:<\/p>\n<p>Qeydiyyatdan d\u00fczg\u00fcn ke\u00e7ildiyini v\u0259 m\u00fcraci\u0259tin q\u0259bul olundu\u011funu nec\u0259 \u00f6yr\u0259nm\u0259k olar?<\/p>\n<p>Cavab:<\/p>\n<p>Qeydiyyat prosesini t\u0259sdiql\u0259dikd\u0259n sonra ekranda m\u00fcraci\u0259tinizin qeyd\u0259 al\u0131nd\u0131\u011f\u0131na dair bildiri\u015f qeyd olunubsa, m\u00fcraci\u0259tiniz qeyd\u0259 al\u0131n\u0131b.<\/p>\n<p>Qeydiyyatdan ke\u00e7misinizs\u0259, m\u00fcraci\u0259tinizin n\u0259tic\u0259sind\u0259n as\u0131l\u0131 olmayaraq t\u0259yinat v\u0259 ya imtina il\u0259 ba\u011fl\u0131 \u0259ks \u0259laq\u0259 vasit\u0259sin\u0259 sms bildiri\u015f g\u00f6nd\u0259ril\u0259c\u0259k.<\/p>\n<p>Qeyd ed\u0259k ki, Prezident \u0130lham \u018fliyevin tap\u015f\u0131r\u0131\u011f\u0131na \u0259sas\u0259n, bird\u0259f\u0259lik \u00f6d\u0259m\u0259 proqram\u0131n\u0131n \u0259hat\u0259 dair\u0259sinin 3 d\u0259f\u0259 art\u0131r\u0131lmas\u0131, \u00fcmumilikd\u0259 600 min \u015f\u0259xsin bird\u0259f\u0259lik \u00f6d\u0259m\u0259 il\u0259 t\u0259minat\u0131 n\u0259z\u0259rd\u0259 tutulub.<\/p>\n","protected":false},"excerpt":{"rendered":"<p>Az\u0259rbaycanda koronavirusa g\u00f6r\u0259 i\u015fsiz qalan azt\u0259minatl\u0131 \u015f\u0259xsl\u0259r\u0259 bird\u0259f\u0259lik 190 manat v\u0259sait \u00f6d\u0259l\u0259nilir. S\u00f6z\u00fcged\u0259n v\u0259saiti alacaq \u015f\u0259xsl\u0259r \u00f6nc\u0259 i\u015fsizlik statusunu r\u0259smil\u0259\u015fdirm\u0259k \u00fc\u00e7\u00fcn ilk olaraq www.e-sosial.az sayt\u0131nda ke\u00e7m\u0259lidirl\u0259r. ARANTV.AZ ted.az-a istinad\u0259n x\u0259b\u0259r verir ki, haz\u0131rda v\u0259t\u0259nda\u015flar\u0131 \u0259n \u00e7ox maraqland\u0131ran m\u0259qam is\u0259 d\u00fczg\u00fcn qeydiyyatdan ke\u00e7m\u0259kl\u0259 ba\u011fl\u0131d\u0131r. Sual: Qeydiyyatdan d\u00fczg\u00fcn ke\u00e7ildiyini v\u0259 m\u00fcraci\u0259tin q\u0259bul olundu\u011funu nec\u0259 \u00f6yr\u0259nm\u0259k olar? Cavab: Qeydiyyat prosesini t\u0259sdiql\u0259dikd\u0259n sonra ekranda m\u00fcraci\u0259tinizin qeyd\u0259 al\u0131nd\u0131\u011f\u0131na dair bildiri\u015f qeyd olunubsa, m\u00fcraci\u0259tiniz qeyd\u0259 al\u0131n\u0131b. Qeydiyyatdan ke\u00e7misinizs\u0259, m\u00fcraci\u0259tinizin n\u0259tic\u0259sind\u0259n as\u0131l\u0131 olmayaraq t\u0259yinat v\u0259 ya imtina il\u0259 ba\u011fl\u0131 \u0259ks \u0259laq\u0259 vasit\u0259sin\u0259 sms bildiri\u015f g\u00f6nd\u0259ril\u0259c\u0259k. Qeyd ed\u0259k&hellip;<\/p>\n","protected":false},"author":2,"featured_media":153792,"comment_status":"closed","ping_status":"closed","sticky":false,"template":"","format":"standard","meta":{"om_disable_all_campaigns":false,"_monsterinsights_skip_tracking":false,"_monsterinsights_sitenote_active":false,"_monsterinsights_sitenote_note":"","_monsterinsights_sitenote_category":0},"categories":[24],"tags":[],"aioseo_notices":[],"gutentor_comment":0,"rttpg_featured_image_url":{"full":["https:\/\/arantv.az\/wp-content\/uploads\/2020\/04\/1587829928maxresdefault_2.jpg",549,309,false],"landscape":["https:\/\/arantv.az\/wp-content\/uploads\/2020\/04\/1587829928maxresdefault_2.jpg",549,309,false],"portraits":["https:\/\/arantv.az\/wp-content\/uploads\/2020\/04\/1587829928maxresdefault_2.jpg",549,309,false],"thumbnail":["https:\/\/arantv.az\/wp-content\/uploads\/2020\/04\/1587829928maxresdefault_2-150x150.jpg",150,150,true],"medium":["https:\/\/arantv.az\/wp-content\/uploads\/2020\/04\/1587829928maxresdefault_2-300x169.jpg",300,169,true],"large":["https:\/\/arantv.az\/wp-content\/uploads\/2020\/04\/1587829928maxresdefault_2.jpg",549,309,false],"1536x1536":["https:\/\/arantv.az\/wp-content\/uploads\/2020\/04\/1587829928maxresdefault_2.jpg",549,309,false],"2048x2048":["https:\/\/arantv.az\/wp-content\/uploads\/2020\/04\/1587829928maxresdefault_2.jpg",549,309,false],"post-thumbnail":["https:\/\/arantv.az\/wp-content\/uploads\/2020\/04\/1587829928maxresdefault_2-240x172.jpg",240,172,true],"advps-thumb-one":["https:\/\/arantv.az\/wp-content\/uploads\/2020\/04\/1587829928maxresdefault_2.jpg",549,309,false]},"rttpg_author":{"display_name":"V\u00fcsal Rafiqo\u011flu","author_link":"https:\/\/arantv.az\/?author=2"},"rttpg_comment":0,"rttpg_category":"<a href=\"https:\/\/arantv.az\/?cat=24\" rel=\"category\">Maraql\u0131<\/a>","rttpg_excerpt":"Az\u0259rbaycanda koronavirusa g\u00f6r\u0259 i\u015fsiz qalan azt\u0259minatl\u0131 \u015f\u0259xsl\u0259r\u0259 bird\u0259f\u0259lik 190 manat v\u0259sait \u00f6d\u0259l\u0259nilir. S\u00f6z\u00fcged\u0259n v\u0259saiti alacaq \u015f\u0259xsl\u0259r \u00f6nc\u0259 i\u015fsizlik statusunu r\u0259smil\u0259\u015fdirm\u0259k \u00fc\u00e7\u00fcn ilk olaraq www.e-sosial.az sayt\u0131nda ke\u00e7m\u0259lidirl\u0259r. ARANTV.AZ ted.az-a istinad\u0259n x\u0259b\u0259r verir ki, haz\u0131rda v\u0259t\u0259nda\u015flar\u0131 \u0259n \u00e7ox maraqland\u0131ran m\u0259qam is\u0259 d\u00fczg\u00fcn qeydiyyatdan ke\u00e7m\u0259kl\u0259 ba\u011fl\u0131d\u0131r. Sual: Qeydiyyatdan d\u00fczg\u00fcn ke\u00e7ildiyini v\u0259 m\u00fcraci\u0259tin q\u0259bul olundu\u011funu nec\u0259 \u00f6yr\u0259nm\u0259k olar? Cavab:&hellip;","_links":{"self":[{"href":"https:\/\/arantv.az\/index.php?rest_route=\/wp\/v2\/posts\/153791"}],"collection":[{"href":"https:\/\/arantv.az\/index.php?rest_route=\/wp\/v2\/posts"}],"about":[{"href":"https:\/\/arantv.az\/index.php?rest_route=\/wp\/v2\/types\/post"}],"author":[{"embeddable":true,"href":"https:\/\/arantv.az\/index.php?rest_route=\/wp\/v2\/users\/2"}],"replies":[{"embeddable":true,"href":"https:\/\/arantv.az\/index.php?rest_route=%2Fwp%2Fv2%2Fcomments&post=153791"}],"version-history":[{"count":0,"href":"https:\/\/arantv.az\/index.php?rest_route=\/wp\/v2\/posts\/153791\/revisions"}],"wp:featuredmedia":[{"embeddable":true,"href":"https:\/\/arantv.az\/index.php?rest_route=\/wp\/v2\/media\/153792"}],"wp:attachment":[{"href":"https:\/\/arantv.az\/index.php?rest_route=%2Fwp%2Fv2%2Fmedia&parent=153791"}],"wp:term":[{"taxonomy":"category","embeddable":true,"href":"https:\/\/arantv.az\/index.php?rest_route=%2Fwp%2Fv2%2Fcategories&post=153791"},{"taxonomy":"post_tag","embeddable":true,"href":"https:\/\/arantv.az\/index.php?rest_route=%2Fwp%2Fv2%2Ftags&post=153791"}],"curies":[{"name":"wp","href":"https:\/\/api.w.org\/{rel}","templated":true}]}}