{"id":15380,"date":"2018-09-25T10:44:07","date_gmt":"2018-09-25T07:44:07","guid":{"rendered":"http:\/\/arantv.az\/?p=15380"},"modified":"2018-09-25T10:44:07","modified_gmt":"2018-09-25T07:44:07","slug":"zakir-h%c9%99s%c9%99nov-adex-2018d%c9%99-foto","status":"publish","type":"post","link":"https:\/\/arantv.az\/?p=15380","title":{"rendered":"Zakir H\u0259s\u0259nov \u201cADEX-2018\u201dd\u0259 &#8211; FOTO"},"content":{"rendered":"<p>Az\u0259rbaycan m\u00fcdafi\u0259 naziri, general-polkovnik\u00a0<strong>Zakir H\u0259s\u0259nov<\/strong>\u00a0v\u0259 Silahl\u0131 Q\u00fcvv\u0259l\u0259rin ba\u015f q\u0259rargah r\u0259isi, general-polkovnik\u00a0<strong>N\u0259cm\u0259ddin Sad\u0131xov<\/strong>\u00a0\u201cADEX-2018\u201d 3-c\u00fc Az\u0259rbaycan Beyn\u0259lxalq M\u00fcdafi\u0259 S\u0259rgisin\u0259 ba\u015f \u00e7\u0259kibl\u0259r.<\/p>\n<p><strong>ARANTV.AZ\u00a0\u00a0<\/strong>x\u0259b\u0259r verir ki, h\u0259rbi strukturun r\u0259hb\u0259rl\u0259ri s\u0259rgid\u0259ki m\u00fcxt\u0259lif stendl\u0259rl\u0259 tan\u0131\u015f olublar.<\/p>\n<p>Az\u0259rbaycan prezidentinin H\u00fcquq-m\u00fchafiz\u0259 orqanlar\u0131 il\u0259 i\u015f v\u0259 h\u0259rbi m\u0259s\u0259l\u0259l\u0259r \u00fczr\u0259 k\u00f6m\u0259k\u00e7isi, \u015f\u00f6b\u0259 m\u00fcdiri\u00a0<strong>Fuad \u018fl\u0259sg\u0259rov\u00a0<\/strong>d\u00f6vl\u0259t ba\u015f\u00e7\u0131s\u0131n\u0131n i\u015ftirak\u00e7\u0131lara m\u00fcraci\u0259tini oxuyub.<\/p>\n<p>Qeyd ed\u0259k ki, bu g\u00fcn Bak\u0131da \u201cADEX-2018\u201d 3-c\u00fc Az\u0259rbaycan Beyn\u0259lxalq M\u00fcdafi\u0259 S\u0259rgisi \u00f6z i\u015fin\u0259 ba\u015flay\u0131b.<\/p>\n<p>Sentyabr\u0131n 25-d\u0259n 27-d\u0259k Bak\u0131 Ekspo M\u0259rk\u0259zind\u0259 ke\u00e7iril\u0259c\u0259k s\u0259rgid\u0259 29 \u00f6lk\u0259d\u0259n 224 \u015firk\u0259t i\u015ftirak ed\u0259c\u0259k.<\/p>\n<p><img src=\"https:\/\/assets.oxu.az\/uploads\/W1siZiIsIjIwMTgvMDkvMjUvMTAvMTAvMzYvNWY2NjE4NjItYjAwMC00NzFkLTg3ZGUtOWQ5YTQwNjkyZWE5LzEuanBnIl0sWyJwIiwiZW5jb2RlIiwianBnIiwiLXF1YWxpdHkgODAiXSxbInAiLCJ0aHVtYiIsIjU5MHg1OTBcdTAwM2UiXV0?sha=c7204de4547758b3\" \/><\/p>\n<p><img src=\"https:\/\/assets.oxu.az\/uploads\/W1siZiIsIjIwMTgvMDkvMjUvMTAvMTAvMzcvNGIyZDRiMTAtODM5MC00Njg4LTljZWMtZjMyYzUyNjM1N2QyLzIuanBnIl0sWyJwIiwiZW5jb2RlIiwianBnIiwiLXF1YWxpdHkgODAiXSxbInAiLCJ0aHVtYiIsIjU5MHg1OTBcdTAwM2UiXV0?sha=244fdec775a1744b\" \/><\/p>\n<p><img src=\"https:\/\/assets.oxu.az\/uploads\/W1siZiIsIjIwMTgvMDkvMjUvMTAvMTAvMzgvYWVkMTRiZDktYjg1Ny00YjJjLTg0ZjEtMWEzYmZhYjA2ODA5LzMuanBnIl0sWyJwIiwiZW5jb2RlIiwianBnIiwiLXF1YWxpdHkgODAiXSxbInAiLCJ0aHVtYiIsIjU5MHg1OTBcdTAwM2UiXV0?sha=08def92c9caaca93\" \/><\/p>\n<p><img src=\"https:\/\/assets.oxu.az\/uploads\/W1siZiIsIjIwMTgvMDkvMjUvMTAvMTAvMzkvZTNlYTdmZjQtOTEzNS00NjhiLWJlMjctYTQ0ODYyNzI1MzRmLzQuanBnIl0sWyJwIiwiZW5jb2RlIiwianBnIiwiLXF1YWxpdHkgODAiXSxbInAiLCJ0aHVtYiIsIjU5MHg1OTBcdTAwM2UiXV0?sha=72062bd72cca4000\" \/><\/p>\n<p>oxu.az<\/p>\n","protected":false},"excerpt":{"rendered":"<p>Az\u0259rbaycan m\u00fcdafi\u0259 naziri, general-polkovnik\u00a0Zakir H\u0259s\u0259nov\u00a0v\u0259 Silahl\u0131 Q\u00fcvv\u0259l\u0259rin ba\u015f q\u0259rargah r\u0259isi, general-polkovnik\u00a0N\u0259cm\u0259ddin Sad\u0131xov\u00a0\u201cADEX-2018\u201d 3-c\u00fc Az\u0259rbaycan Beyn\u0259lxalq M\u00fcdafi\u0259 S\u0259rgisin\u0259 ba\u015f \u00e7\u0259kibl\u0259r. ARANTV.AZ\u00a0\u00a0x\u0259b\u0259r verir ki, h\u0259rbi strukturun r\u0259hb\u0259rl\u0259ri s\u0259rgid\u0259ki m\u00fcxt\u0259lif stendl\u0259rl\u0259 tan\u0131\u015f olublar. Az\u0259rbaycan prezidentinin H\u00fcquq-m\u00fchafiz\u0259 orqanlar\u0131 il\u0259 i\u015f v\u0259 h\u0259rbi m\u0259s\u0259l\u0259l\u0259r \u00fczr\u0259 k\u00f6m\u0259k\u00e7isi, \u015f\u00f6b\u0259 m\u00fcdiri\u00a0Fuad \u018fl\u0259sg\u0259rov\u00a0d\u00f6vl\u0259t ba\u015f\u00e7\u0131s\u0131n\u0131n i\u015ftirak\u00e7\u0131lara m\u00fcraci\u0259tini oxuyub. Qeyd ed\u0259k ki, bu g\u00fcn Bak\u0131da \u201cADEX-2018\u201d 3-c\u00fc Az\u0259rbaycan Beyn\u0259lxalq M\u00fcdafi\u0259 S\u0259rgisi \u00f6z i\u015fin\u0259 ba\u015flay\u0131b. Sentyabr\u0131n 25-d\u0259n 27-d\u0259k Bak\u0131 Ekspo M\u0259rk\u0259zind\u0259 ke\u00e7iril\u0259c\u0259k s\u0259rgid\u0259 29 \u00f6lk\u0259d\u0259n 224 \u015firk\u0259t i\u015ftirak ed\u0259c\u0259k. oxu.az<\/p>\n","protected":false},"author":2,"featured_media":15381,"comment_status":"closed","ping_status":"closed","sticky":false,"template":"","format":"standard","meta":{"om_disable_all_campaigns":false,"_monsterinsights_skip_tracking":false,"_monsterinsights_sitenote_active":false,"_monsterinsights_sitenote_note":"","_monsterinsights_sitenote_category":0},"categories":[19],"tags":[],"aioseo_notices":[],"gutentor_comment":0,"rttpg_featured_image_url":{"full":["https:\/\/arantv.az\/wp-content\/uploads\/2018\/09\/nazir.jpg",620,408,false],"landscape":["https:\/\/arantv.az\/wp-content\/uploads\/2018\/09\/nazir.jpg",620,408,false],"portraits":["https:\/\/arantv.az\/wp-content\/uploads\/2018\/09\/nazir.jpg",620,408,false],"thumbnail":["https:\/\/arantv.az\/wp-content\/uploads\/2018\/09\/nazir-150x150.jpg",150,150,true],"medium":["https:\/\/arantv.az\/wp-content\/uploads\/2018\/09\/nazir-300x197.jpg",300,197,true],"large":["https:\/\/arantv.az\/wp-content\/uploads\/2018\/09\/nazir.jpg",620,408,false],"1536x1536":["https:\/\/arantv.az\/wp-content\/uploads\/2018\/09\/nazir.jpg",620,408,false],"2048x2048":["https:\/\/arantv.az\/wp-content\/uploads\/2018\/09\/nazir.jpg",620,408,false],"post-thumbnail":["https:\/\/arantv.az\/wp-content\/uploads\/2018\/09\/nazir-240x172.jpg",240,172,true],"advps-thumb-one":["https:\/\/arantv.az\/wp-content\/uploads\/2018\/09\/nazir.jpg",620,408,false]},"rttpg_author":{"display_name":"V\u00fcsal Rafiqo\u011flu","author_link":"https:\/\/arantv.az\/?author=2"},"rttpg_comment":0,"rttpg_category":"<a href=\"https:\/\/arantv.az\/?cat=19\" rel=\"category\">G\u00fcnd\u0259m<\/a>","rttpg_excerpt":"Az\u0259rbaycan m\u00fcdafi\u0259 naziri, general-polkovnik\u00a0Zakir H\u0259s\u0259nov\u00a0v\u0259 Silahl\u0131 Q\u00fcvv\u0259l\u0259rin ba\u015f q\u0259rargah r\u0259isi, general-polkovnik\u00a0N\u0259cm\u0259ddin Sad\u0131xov\u00a0\u201cADEX-2018\u201d 3-c\u00fc Az\u0259rbaycan Beyn\u0259lxalq M\u00fcdafi\u0259 S\u0259rgisin\u0259 ba\u015f \u00e7\u0259kibl\u0259r. ARANTV.AZ\u00a0\u00a0x\u0259b\u0259r verir ki, h\u0259rbi strukturun r\u0259hb\u0259rl\u0259ri s\u0259rgid\u0259ki m\u00fcxt\u0259lif stendl\u0259rl\u0259 tan\u0131\u015f olublar. Az\u0259rbaycan prezidentinin H\u00fcquq-m\u00fchafiz\u0259 orqanlar\u0131 il\u0259 i\u015f v\u0259 h\u0259rbi m\u0259s\u0259l\u0259l\u0259r \u00fczr\u0259 k\u00f6m\u0259k\u00e7isi, \u015f\u00f6b\u0259 m\u00fcdiri\u00a0Fuad \u018fl\u0259sg\u0259rov\u00a0d\u00f6vl\u0259t ba\u015f\u00e7\u0131s\u0131n\u0131n i\u015ftirak\u00e7\u0131lara m\u00fcraci\u0259tini oxuyub. Qeyd ed\u0259k ki, bu g\u00fcn Bak\u0131da \u201cADEX-2018\u201d&hellip;","_links":{"self":[{"href":"https:\/\/arantv.az\/index.php?rest_route=\/wp\/v2\/posts\/15380"}],"collection":[{"href":"https:\/\/arantv.az\/index.php?rest_route=\/wp\/v2\/posts"}],"about":[{"href":"https:\/\/arantv.az\/index.php?rest_route=\/wp\/v2\/types\/post"}],"author":[{"embeddable":true,"href":"https:\/\/arantv.az\/index.php?rest_route=\/wp\/v2\/users\/2"}],"replies":[{"embeddable":true,"href":"https:\/\/arantv.az\/index.php?rest_route=%2Fwp%2Fv2%2Fcomments&post=15380"}],"version-history":[{"count":0,"href":"https:\/\/arantv.az\/index.php?rest_route=\/wp\/v2\/posts\/15380\/revisions"}],"wp:featuredmedia":[{"embeddable":true,"href":"https:\/\/arantv.az\/index.php?rest_route=\/wp\/v2\/media\/15381"}],"wp:attachment":[{"href":"https:\/\/arantv.az\/index.php?rest_route=%2Fwp%2Fv2%2Fmedia&parent=15380"}],"wp:term":[{"taxonomy":"category","embeddable":true,"href":"https:\/\/arantv.az\/index.php?rest_route=%2Fwp%2Fv2%2Fcategories&post=15380"},{"taxonomy":"post_tag","embeddable":true,"href":"https:\/\/arantv.az\/index.php?rest_route=%2Fwp%2Fv2%2Ftags&post=15380"}],"curies":[{"name":"wp","href":"https:\/\/api.w.org\/{rel}","templated":true}]}}