{"id":154655,"date":"2020-04-27T19:05:29","date_gmt":"2020-04-27T16:05:29","guid":{"rendered":"http:\/\/arantv.az\/?p=154655"},"modified":"2020-04-27T19:05:29","modified_gmt":"2020-04-27T16:05:29","slug":"gurcustanda-avtomobill%c9%99rin-h%c9%99r%c9%99k%c9%99tin%c9%99-qoyulan-qadaga-goturulub-aqrar-bazarlar-acilib","status":"publish","type":"post","link":"https:\/\/arantv.az\/?p=154655","title":{"rendered":"G\u00fcrc\u00fcstanda avtomobill\u0259rin h\u0259r\u0259k\u0259tin\u0259 qoyulan qada\u011fa g\u00f6t\u00fcr\u00fcl\u00fcb, aqrar bazarlar a\u00e7\u0131l\u0131b"},"content":{"rendered":"<p>Bu g\u00fcnd\u0259n G\u00fcrc\u00fcstanda avtomobill\u0259rin h\u0259r\u0259k\u0259tin\u0259 g\u0259tiril\u0259n m\u0259hdudiyy\u0259t g\u00f6t\u00fcr\u00fcl\u00fcb.<\/p>\n<p><strong>ARANTV.AZ<\/strong> APA-ya istinad\u0259n x\u0259b\u0259r verir ki, bu bar\u0259d\u0259 G\u00fcrc\u00fcstan Ba\u015f nazirinin m\u0259tbuat katibi \u0130rakli \u00c7ikovani bildirib. Onun s\u00f6zl\u0259rin\u0259 g\u00f6r\u0259, s\u0259rt karantin rejiminin t\u0259tbiq edildiyi rayonlarda\u00a0 m\u0259hdudiyy\u0259t q\u00fcvv\u0259d\u0259 saxlan\u0131lacaq. \u0130. \u00c7ikovani qeyd edib ki, art\u0131q \u00f6lk\u0259d\u0259 iqtisadi f\u0259aliyy\u0259t b\u0259rpa edilir, taksil\u0259rin v\u0259 aqrar bazarlar\u0131n f\u0259aliyy\u0259tin\u0259 qoyulan qada\u011fa g\u00f6t\u00fcr\u00fcl\u00fcr, onlayn formada topdan v\u0259 p\u0259rak\u0259nd\u0259 sat\u0131\u015fa icaz\u0259 verilir. H\u0259r g\u00fcn saat 21:00-06:00 aras\u0131 t\u0259tbiq edil\u0259n komendant saat\u0131 is\u0259\u00a0 q\u00fcvv\u0259d\u0259 qal\u0131r.<\/p>\n<p>Ba\u015f nazirin m\u0259tbuat katibi vur\u011fulay\u0131b ki, qeyd edil\u0259n m\u0259hdudiyy\u0259tl\u0259rin g\u00f6t\u00fcr\u00fclm\u0259si G\u00fcrc\u00fcstan\u0131n koronavirus \u00fcz\u0259rind\u0259 q\u0259l\u0259b\u0259 qazanmas\u0131 dem\u0259k deyil v\u0259 v\u0259t\u0259nda\u015flar m\u00fcmk\u00fcn q\u0259d\u0259r ay\u0131q-say\u0131q davranmal\u0131d\u0131rlar. &#8220;Epidemioloji v\u0259ziyy\u0259t pisl\u0259\u015fdiyi t\u0259qdird\u0259 m\u0259hdudiyy\u0259tl\u0259rin yenid\u0259n t\u0259tbiq edil\u0259c\u0259yi istisna deyil&#8221;, -dey\u0259 \u0130. \u00c7ikovani bildirib.<\/p>\n<p>Qeyd ed\u0259k ki,\u00a0 G\u00fcrc\u00fcstanda koronavirusa ilk yoluxma fevral\u0131n 26-da qeyd\u0259 al\u0131n\u0131b. Mart\u0131n 21-d\u0259 \u00f6lk\u0259d\u0259 f\u00f6vq\u0259lad\u0259 v\u0259ziyy\u0259t, mart\u0131n 31-d\u0259 is\u0259 \u00fcmumi karantin elan edilib.<\/p>\n","protected":false},"excerpt":{"rendered":"<p>Bu g\u00fcnd\u0259n G\u00fcrc\u00fcstanda avtomobill\u0259rin h\u0259r\u0259k\u0259tin\u0259 g\u0259tiril\u0259n m\u0259hdudiyy\u0259t g\u00f6t\u00fcr\u00fcl\u00fcb. ARANTV.AZ APA-ya istinad\u0259n x\u0259b\u0259r verir ki, bu bar\u0259d\u0259 G\u00fcrc\u00fcstan Ba\u015f nazirinin m\u0259tbuat katibi \u0130rakli \u00c7ikovani bildirib. Onun s\u00f6zl\u0259rin\u0259 g\u00f6r\u0259, s\u0259rt karantin rejiminin t\u0259tbiq edildiyi rayonlarda\u00a0 m\u0259hdudiyy\u0259t q\u00fcvv\u0259d\u0259 saxlan\u0131lacaq. \u0130. \u00c7ikovani qeyd edib ki, art\u0131q \u00f6lk\u0259d\u0259 iqtisadi f\u0259aliyy\u0259t b\u0259rpa edilir, taksil\u0259rin v\u0259 aqrar bazarlar\u0131n f\u0259aliyy\u0259tin\u0259 qoyulan qada\u011fa g\u00f6t\u00fcr\u00fcl\u00fcr, onlayn formada topdan v\u0259 p\u0259rak\u0259nd\u0259 sat\u0131\u015fa icaz\u0259 verilir. H\u0259r g\u00fcn saat 21:00-06:00 aras\u0131 t\u0259tbiq edil\u0259n komendant saat\u0131 is\u0259\u00a0 q\u00fcvv\u0259d\u0259 qal\u0131r. Ba\u015f nazirin m\u0259tbuat katibi vur\u011fulay\u0131b ki, qeyd edil\u0259n m\u0259hdudiyy\u0259tl\u0259rin g\u00f6t\u00fcr\u00fclm\u0259si G\u00fcrc\u00fcstan\u0131n koronavirus \u00fcz\u0259rind\u0259 q\u0259l\u0259b\u0259 qazanmas\u0131&hellip;<\/p>\n","protected":false},"author":2,"featured_media":154656,"comment_status":"closed","ping_status":"closed","sticky":false,"template":"","format":"standard","meta":{"om_disable_all_campaigns":false,"_monsterinsights_skip_tracking":false,"_monsterinsights_sitenote_active":false,"_monsterinsights_sitenote_note":"","_monsterinsights_sitenote_category":0},"categories":[19],"tags":[],"aioseo_notices":[],"gutentor_comment":0,"rttpg_featured_image_url":{"full":["https:\/\/arantv.az\/wp-content\/uploads\/2020\/04\/845605.jpg",800,600,false],"landscape":["https:\/\/arantv.az\/wp-content\/uploads\/2020\/04\/845605.jpg",800,600,false],"portraits":["https:\/\/arantv.az\/wp-content\/uploads\/2020\/04\/845605.jpg",800,600,false],"thumbnail":["https:\/\/arantv.az\/wp-content\/uploads\/2020\/04\/845605-150x150.jpg",150,150,true],"medium":["https:\/\/arantv.az\/wp-content\/uploads\/2020\/04\/845605-300x225.jpg",300,225,true],"large":["https:\/\/arantv.az\/wp-content\/uploads\/2020\/04\/845605.jpg",640,480,false],"1536x1536":["https:\/\/arantv.az\/wp-content\/uploads\/2020\/04\/845605.jpg",800,600,false],"2048x2048":["https:\/\/arantv.az\/wp-content\/uploads\/2020\/04\/845605.jpg",800,600,false],"post-thumbnail":["https:\/\/arantv.az\/wp-content\/uploads\/2020\/04\/845605-240x172.jpg",240,172,true],"advps-thumb-one":["https:\/\/arantv.az\/wp-content\/uploads\/2020\/04\/845605.jpg",800,600,false]},"rttpg_author":{"display_name":"V\u00fcsal Rafiqo\u011flu","author_link":"https:\/\/arantv.az\/?author=2"},"rttpg_comment":0,"rttpg_category":"<a href=\"https:\/\/arantv.az\/?cat=19\" rel=\"category\">G\u00fcnd\u0259m<\/a>","rttpg_excerpt":"Bu g\u00fcnd\u0259n G\u00fcrc\u00fcstanda avtomobill\u0259rin h\u0259r\u0259k\u0259tin\u0259 g\u0259tiril\u0259n m\u0259hdudiyy\u0259t g\u00f6t\u00fcr\u00fcl\u00fcb. ARANTV.AZ APA-ya istinad\u0259n x\u0259b\u0259r verir ki, bu bar\u0259d\u0259 G\u00fcrc\u00fcstan Ba\u015f nazirinin m\u0259tbuat katibi \u0130rakli \u00c7ikovani bildirib. Onun s\u00f6zl\u0259rin\u0259 g\u00f6r\u0259, s\u0259rt karantin rejiminin t\u0259tbiq edildiyi rayonlarda\u00a0 m\u0259hdudiyy\u0259t q\u00fcvv\u0259d\u0259 saxlan\u0131lacaq. \u0130. \u00c7ikovani qeyd edib ki, art\u0131q \u00f6lk\u0259d\u0259 iqtisadi f\u0259aliyy\u0259t b\u0259rpa edilir, taksil\u0259rin v\u0259 aqrar bazarlar\u0131n f\u0259aliyy\u0259tin\u0259 qoyulan qada\u011fa g\u00f6t\u00fcr\u00fcl\u00fcr,&hellip;","_links":{"self":[{"href":"https:\/\/arantv.az\/index.php?rest_route=\/wp\/v2\/posts\/154655"}],"collection":[{"href":"https:\/\/arantv.az\/index.php?rest_route=\/wp\/v2\/posts"}],"about":[{"href":"https:\/\/arantv.az\/index.php?rest_route=\/wp\/v2\/types\/post"}],"author":[{"embeddable":true,"href":"https:\/\/arantv.az\/index.php?rest_route=\/wp\/v2\/users\/2"}],"replies":[{"embeddable":true,"href":"https:\/\/arantv.az\/index.php?rest_route=%2Fwp%2Fv2%2Fcomments&post=154655"}],"version-history":[{"count":0,"href":"https:\/\/arantv.az\/index.php?rest_route=\/wp\/v2\/posts\/154655\/revisions"}],"wp:featuredmedia":[{"embeddable":true,"href":"https:\/\/arantv.az\/index.php?rest_route=\/wp\/v2\/media\/154656"}],"wp:attachment":[{"href":"https:\/\/arantv.az\/index.php?rest_route=%2Fwp%2Fv2%2Fmedia&parent=154655"}],"wp:term":[{"taxonomy":"category","embeddable":true,"href":"https:\/\/arantv.az\/index.php?rest_route=%2Fwp%2Fv2%2Fcategories&post=154655"},{"taxonomy":"post_tag","embeddable":true,"href":"https:\/\/arantv.az\/index.php?rest_route=%2Fwp%2Fv2%2Ftags&post=154655"}],"curies":[{"name":"wp","href":"https:\/\/api.w.org\/{rel}","templated":true}]}}