{"id":154666,"date":"2020-04-27T21:12:23","date_gmt":"2020-04-27T18:12:23","guid":{"rendered":"http:\/\/arantv.az\/?p=154666"},"modified":"2020-04-27T21:12:23","modified_gmt":"2020-04-27T18:12:23","slug":"vasif-talibov-naziri-v%c9%99zif%c9%99d%c9%99n-azad-etdi","status":"publish","type":"post","link":"https:\/\/arantv.az\/?p=154666","title":{"rendered":"Vasif Tal\u0131bov naziri v\u0259zif\u0259d\u0259n azad etdi"},"content":{"rendered":"<p>Nax\u00e7\u0131van Muxtar Respublikas\u0131n\u0131n \u018fdliyy\u0259 naziri\u00a0Suliddin \u018fliyev\u00a0v\u0259zif\u0259sind\u0259n azad edilib.<\/p>\n<p>\u201cNuxcixan.az\u201d x\u0259b\u0259r verir ki, bununla ba\u011fl\u0131 Nax\u00e7\u0131van Muxtar Respublikas\u0131 Ali M\u0259clisinin S\u0259dri\u00a0Vasif Tal\u0131bov\u00a0aprelin 27-d\u0259 f\u0259rman imzalay\u0131b.<\/p>\n<div id=\"AdviadNativeVideo0\" class=\"AdviadNativeVideo\"><\/div>\n<p>V.Tal\u0131bovun dig\u0259r f\u0259rman\u0131 il\u0259\u00a0Da\u015fq\u0131n Hiday\u0259t o\u011flu R\u0259himov\u00a0Nax\u00e7\u0131van Muxtar Respublikas\u0131n\u0131n \u018fdliyy\u0259 naziri t\u0259yin edilib.<\/p>\n<p>Qeyd ed\u0259k ki, Da\u015fq\u0131n R\u0259himov bundan \u0259vv\u0259l Nax\u00e7\u0131van Muxtar Respublikas\u0131 S\u0259f\u0259rb\u0259rlik v\u0259 H\u0259rbi Xidm\u0259t\u0259 \u00c7a\u011f\u0131r\u0131\u015f \u00fczr\u0259 D\u00f6vl\u0259t Xidm\u0259tinin r\u0259isi v\u0259zif\u0259sind\u0259 \u00e7al\u0131\u015f\u0131b.<\/p>\n","protected":false},"excerpt":{"rendered":"<p>Nax\u00e7\u0131van Muxtar Respublikas\u0131n\u0131n \u018fdliyy\u0259 naziri\u00a0Suliddin \u018fliyev\u00a0v\u0259zif\u0259sind\u0259n azad edilib. \u201cNuxcixan.az\u201d x\u0259b\u0259r verir ki, bununla ba\u011fl\u0131 Nax\u00e7\u0131van Muxtar Respublikas\u0131 Ali M\u0259clisinin S\u0259dri\u00a0Vasif Tal\u0131bov\u00a0aprelin 27-d\u0259 f\u0259rman imzalay\u0131b. V.Tal\u0131bovun dig\u0259r f\u0259rman\u0131 il\u0259\u00a0Da\u015fq\u0131n Hiday\u0259t o\u011flu R\u0259himov\u00a0Nax\u00e7\u0131van Muxtar Respublikas\u0131n\u0131n \u018fdliyy\u0259 naziri t\u0259yin edilib. Qeyd ed\u0259k ki, Da\u015fq\u0131n R\u0259himov bundan \u0259vv\u0259l Nax\u00e7\u0131van Muxtar Respublikas\u0131 S\u0259f\u0259rb\u0259rlik v\u0259 H\u0259rbi Xidm\u0259t\u0259 \u00c7a\u011f\u0131r\u0131\u015f \u00fczr\u0259 D\u00f6vl\u0259t Xidm\u0259tinin r\u0259isi v\u0259zif\u0259sind\u0259 \u00e7al\u0131\u015f\u0131b.<\/p>\n","protected":false},"author":2,"featured_media":154667,"comment_status":"closed","ping_status":"closed","sticky":false,"template":"","format":"standard","meta":{"om_disable_all_campaigns":false,"_monsterinsights_skip_tracking":false,"_monsterinsights_sitenote_active":false,"_monsterinsights_sitenote_note":"","_monsterinsights_sitenote_category":0},"categories":[2],"tags":[],"aioseo_notices":[],"gutentor_comment":0,"rttpg_featured_image_url":{"full":["https:\/\/arantv.az\/wp-content\/uploads\/2020\/04\/ufgdfvdc66499.jpg",620,329,false],"landscape":["https:\/\/arantv.az\/wp-content\/uploads\/2020\/04\/ufgdfvdc66499.jpg",620,329,false],"portraits":["https:\/\/arantv.az\/wp-content\/uploads\/2020\/04\/ufgdfvdc66499.jpg",620,329,false],"thumbnail":["https:\/\/arantv.az\/wp-content\/uploads\/2020\/04\/ufgdfvdc66499-150x150.jpg",150,150,true],"medium":["https:\/\/arantv.az\/wp-content\/uploads\/2020\/04\/ufgdfvdc66499-300x159.jpg",300,159,true],"large":["https:\/\/arantv.az\/wp-content\/uploads\/2020\/04\/ufgdfvdc66499.jpg",620,329,false],"1536x1536":["https:\/\/arantv.az\/wp-content\/uploads\/2020\/04\/ufgdfvdc66499.jpg",620,329,false],"2048x2048":["https:\/\/arantv.az\/wp-content\/uploads\/2020\/04\/ufgdfvdc66499.jpg",620,329,false],"post-thumbnail":["https:\/\/arantv.az\/wp-content\/uploads\/2020\/04\/ufgdfvdc66499-240x172.jpg",240,172,true],"advps-thumb-one":["https:\/\/arantv.az\/wp-content\/uploads\/2020\/04\/ufgdfvdc66499.jpg",620,329,false]},"rttpg_author":{"display_name":"V\u00fcsal Rafiqo\u011flu","author_link":"https:\/\/arantv.az\/?author=2"},"rttpg_comment":0,"rttpg_category":"<a href=\"https:\/\/arantv.az\/?cat=2\" rel=\"category\">Region X\u0259b\u0259rl\u0259ri<\/a>","rttpg_excerpt":"Nax\u00e7\u0131van Muxtar Respublikas\u0131n\u0131n \u018fdliyy\u0259 naziri\u00a0Suliddin \u018fliyev\u00a0v\u0259zif\u0259sind\u0259n azad edilib. \u201cNuxcixan.az\u201d x\u0259b\u0259r verir ki, bununla ba\u011fl\u0131 Nax\u00e7\u0131van Muxtar Respublikas\u0131 Ali M\u0259clisinin S\u0259dri\u00a0Vasif Tal\u0131bov\u00a0aprelin 27-d\u0259 f\u0259rman imzalay\u0131b. V.Tal\u0131bovun dig\u0259r f\u0259rman\u0131 il\u0259\u00a0Da\u015fq\u0131n Hiday\u0259t o\u011flu R\u0259himov\u00a0Nax\u00e7\u0131van Muxtar Respublikas\u0131n\u0131n \u018fdliyy\u0259 naziri t\u0259yin edilib. Qeyd ed\u0259k ki, Da\u015fq\u0131n R\u0259himov bundan \u0259vv\u0259l Nax\u00e7\u0131van Muxtar Respublikas\u0131 S\u0259f\u0259rb\u0259rlik v\u0259 H\u0259rbi Xidm\u0259t\u0259 \u00c7a\u011f\u0131r\u0131\u015f \u00fczr\u0259 D\u00f6vl\u0259t Xidm\u0259tinin&hellip;","_links":{"self":[{"href":"https:\/\/arantv.az\/index.php?rest_route=\/wp\/v2\/posts\/154666"}],"collection":[{"href":"https:\/\/arantv.az\/index.php?rest_route=\/wp\/v2\/posts"}],"about":[{"href":"https:\/\/arantv.az\/index.php?rest_route=\/wp\/v2\/types\/post"}],"author":[{"embeddable":true,"href":"https:\/\/arantv.az\/index.php?rest_route=\/wp\/v2\/users\/2"}],"replies":[{"embeddable":true,"href":"https:\/\/arantv.az\/index.php?rest_route=%2Fwp%2Fv2%2Fcomments&post=154666"}],"version-history":[{"count":0,"href":"https:\/\/arantv.az\/index.php?rest_route=\/wp\/v2\/posts\/154666\/revisions"}],"wp:featuredmedia":[{"embeddable":true,"href":"https:\/\/arantv.az\/index.php?rest_route=\/wp\/v2\/media\/154667"}],"wp:attachment":[{"href":"https:\/\/arantv.az\/index.php?rest_route=%2Fwp%2Fv2%2Fmedia&parent=154666"}],"wp:term":[{"taxonomy":"category","embeddable":true,"href":"https:\/\/arantv.az\/index.php?rest_route=%2Fwp%2Fv2%2Fcategories&post=154666"},{"taxonomy":"post_tag","embeddable":true,"href":"https:\/\/arantv.az\/index.php?rest_route=%2Fwp%2Fv2%2Ftags&post=154666"}],"curies":[{"name":"wp","href":"https:\/\/api.w.org\/{rel}","templated":true}]}}