{"id":154674,"date":"2020-04-27T21:15:57","date_gmt":"2020-04-27T18:15:57","guid":{"rendered":"http:\/\/arantv.az\/?p=154674"},"modified":"2020-04-27T21:15:57","modified_gmt":"2020-04-27T18:15:57","slug":"naxcivanda-dovl%c9%99t-xidm%c9%99tin%c9%99-yeni-r%c9%99is-t%c9%99yin-edildi","status":"publish","type":"post","link":"https:\/\/arantv.az\/?p=154674","title":{"rendered":"Nax\u00e7\u0131vanda D\u00f6vl\u0259t Xidm\u0259tin\u0259 yeni r\u0259is t\u0259yin edildi"},"content":{"rendered":"<p>Nax\u00e7\u0131van Muxtar Respublikas\u0131n\u0131n S\u0259f\u0259rb\u0259rlik v\u0259 H\u0259rbi Xidm\u0259t\u0259 \u00c7a\u011f\u0131r\u0131\u015f \u00fczr\u0259 D\u00f6vl\u0259t Xidm\u0259tin\u0259 yeni\u00a0r\u0259is t\u0259yin edilib.<\/p>\n<p>\u201cNuhcixan.az\u201d x\u0259b\u0259r verir ki, bununla ba\u011fl\u0131 Nax\u00e7\u0131van Muxtar Respublikas\u0131 Ali M\u0259clisinin S\u0259dri\u00a0Vasif Tal\u0131bov\u00a0aprelin 27-d\u0259 f\u0259rman imzalay\u0131b.<\/p>\n<div id=\"AdviadNativeVideo0\" class=\"AdviadNativeVideo\"><\/div>\n<p>F\u0259rmana \u0259sas\u0259n,\u00a0Mirz\u0259 X\u0259lil o\u011flu C\u0259lilov\u00a0Nax\u00e7\u0131van Muxtar Respublikas\u0131 S\u0259f\u0259rb\u0259rlik v\u0259 H\u0259rbi Xidm\u0259t\u0259 \u00c7a\u011f\u0131r\u0131\u015f \u00fczr\u0259 D\u00f6vl\u0259t Xidm\u0259tinin r\u0259isi t\u0259yin olunub.<\/p>\n<p>Qeyd ed\u0259k ki, Mirz\u0259 C\u0259lilov bundan \u0259vv\u0259l Nax\u00e7\u0131van \u015e\u0259h\u0259r Polis \u0130dar\u0259sinin r\u0259isi v\u0259zif\u0259sind\u0259 \u00e7al\u0131\u015f\u0131b.<\/p>\n","protected":false},"excerpt":{"rendered":"<p>Nax\u00e7\u0131van Muxtar Respublikas\u0131n\u0131n S\u0259f\u0259rb\u0259rlik v\u0259 H\u0259rbi Xidm\u0259t\u0259 \u00c7a\u011f\u0131r\u0131\u015f \u00fczr\u0259 D\u00f6vl\u0259t Xidm\u0259tin\u0259 yeni\u00a0r\u0259is t\u0259yin edilib. \u201cNuhcixan.az\u201d x\u0259b\u0259r verir ki, bununla ba\u011fl\u0131 Nax\u00e7\u0131van Muxtar Respublikas\u0131 Ali M\u0259clisinin S\u0259dri\u00a0Vasif Tal\u0131bov\u00a0aprelin 27-d\u0259 f\u0259rman imzalay\u0131b. F\u0259rmana \u0259sas\u0259n,\u00a0Mirz\u0259 X\u0259lil o\u011flu C\u0259lilov\u00a0Nax\u00e7\u0131van Muxtar Respublikas\u0131 S\u0259f\u0259rb\u0259rlik v\u0259 H\u0259rbi Xidm\u0259t\u0259 \u00c7a\u011f\u0131r\u0131\u015f \u00fczr\u0259 D\u00f6vl\u0259t Xidm\u0259tinin r\u0259isi t\u0259yin olunub. Qeyd ed\u0259k ki, Mirz\u0259 C\u0259lilov bundan \u0259vv\u0259l Nax\u00e7\u0131van \u015e\u0259h\u0259r Polis \u0130dar\u0259sinin r\u0259isi v\u0259zif\u0259sind\u0259 \u00e7al\u0131\u015f\u0131b.<\/p>\n","protected":false},"author":2,"featured_media":154675,"comment_status":"closed","ping_status":"closed","sticky":false,"template":"","format":"standard","meta":{"om_disable_all_campaigns":false,"_monsterinsights_skip_tracking":false,"_monsterinsights_sitenote_active":false,"_monsterinsights_sitenote_note":"","_monsterinsights_sitenote_category":0},"categories":[19],"tags":[],"aioseo_notices":[],"gutentor_comment":0,"rttpg_featured_image_url":{"full":["https:\/\/arantv.az\/wp-content\/uploads\/2020\/04\/naxcivan-banker.jpg",620,335,false],"landscape":["https:\/\/arantv.az\/wp-content\/uploads\/2020\/04\/naxcivan-banker.jpg",620,335,false],"portraits":["https:\/\/arantv.az\/wp-content\/uploads\/2020\/04\/naxcivan-banker.jpg",620,335,false],"thumbnail":["https:\/\/arantv.az\/wp-content\/uploads\/2020\/04\/naxcivan-banker-150x150.jpg",150,150,true],"medium":["https:\/\/arantv.az\/wp-content\/uploads\/2020\/04\/naxcivan-banker-300x162.jpg",300,162,true],"large":["https:\/\/arantv.az\/wp-content\/uploads\/2020\/04\/naxcivan-banker.jpg",620,335,false],"1536x1536":["https:\/\/arantv.az\/wp-content\/uploads\/2020\/04\/naxcivan-banker.jpg",620,335,false],"2048x2048":["https:\/\/arantv.az\/wp-content\/uploads\/2020\/04\/naxcivan-banker.jpg",620,335,false],"post-thumbnail":["https:\/\/arantv.az\/wp-content\/uploads\/2020\/04\/naxcivan-banker-240x172.jpg",240,172,true],"advps-thumb-one":["https:\/\/arantv.az\/wp-content\/uploads\/2020\/04\/naxcivan-banker.jpg",620,335,false]},"rttpg_author":{"display_name":"V\u00fcsal Rafiqo\u011flu","author_link":"https:\/\/arantv.az\/?author=2"},"rttpg_comment":0,"rttpg_category":"<a href=\"https:\/\/arantv.az\/?cat=19\" rel=\"category\">G\u00fcnd\u0259m<\/a>","rttpg_excerpt":"Nax\u00e7\u0131van Muxtar Respublikas\u0131n\u0131n S\u0259f\u0259rb\u0259rlik v\u0259 H\u0259rbi Xidm\u0259t\u0259 \u00c7a\u011f\u0131r\u0131\u015f \u00fczr\u0259 D\u00f6vl\u0259t Xidm\u0259tin\u0259 yeni\u00a0r\u0259is t\u0259yin edilib. \u201cNuhcixan.az\u201d x\u0259b\u0259r verir ki, bununla ba\u011fl\u0131 Nax\u00e7\u0131van Muxtar Respublikas\u0131 Ali M\u0259clisinin S\u0259dri\u00a0Vasif Tal\u0131bov\u00a0aprelin 27-d\u0259 f\u0259rman imzalay\u0131b. F\u0259rmana \u0259sas\u0259n,\u00a0Mirz\u0259 X\u0259lil o\u011flu C\u0259lilov\u00a0Nax\u00e7\u0131van Muxtar Respublikas\u0131 S\u0259f\u0259rb\u0259rlik v\u0259 H\u0259rbi Xidm\u0259t\u0259 \u00c7a\u011f\u0131r\u0131\u015f \u00fczr\u0259 D\u00f6vl\u0259t Xidm\u0259tinin r\u0259isi t\u0259yin olunub. Qeyd ed\u0259k ki, Mirz\u0259 C\u0259lilov bundan \u0259vv\u0259l&hellip;","_links":{"self":[{"href":"https:\/\/arantv.az\/index.php?rest_route=\/wp\/v2\/posts\/154674"}],"collection":[{"href":"https:\/\/arantv.az\/index.php?rest_route=\/wp\/v2\/posts"}],"about":[{"href":"https:\/\/arantv.az\/index.php?rest_route=\/wp\/v2\/types\/post"}],"author":[{"embeddable":true,"href":"https:\/\/arantv.az\/index.php?rest_route=\/wp\/v2\/users\/2"}],"replies":[{"embeddable":true,"href":"https:\/\/arantv.az\/index.php?rest_route=%2Fwp%2Fv2%2Fcomments&post=154674"}],"version-history":[{"count":0,"href":"https:\/\/arantv.az\/index.php?rest_route=\/wp\/v2\/posts\/154674\/revisions"}],"wp:featuredmedia":[{"embeddable":true,"href":"https:\/\/arantv.az\/index.php?rest_route=\/wp\/v2\/media\/154675"}],"wp:attachment":[{"href":"https:\/\/arantv.az\/index.php?rest_route=%2Fwp%2Fv2%2Fmedia&parent=154674"}],"wp:term":[{"taxonomy":"category","embeddable":true,"href":"https:\/\/arantv.az\/index.php?rest_route=%2Fwp%2Fv2%2Fcategories&post=154674"},{"taxonomy":"post_tag","embeddable":true,"href":"https:\/\/arantv.az\/index.php?rest_route=%2Fwp%2Fv2%2Ftags&post=154674"}],"curies":[{"name":"wp","href":"https:\/\/api.w.org\/{rel}","templated":true}]}}