{"id":154685,"date":"2020-04-27T21:22:23","date_gmt":"2020-04-27T18:22:23","guid":{"rendered":"http:\/\/arantv.az\/?p=154685"},"modified":"2020-04-27T21:22:23","modified_gmt":"2020-04-27T18:22:23","slug":"az%c9%99rbaycandan-tibbi-maskanin-cixarilmasina-qoyulan-m%c9%99hdudiyy%c9%99t-uzadildi","status":"publish","type":"post","link":"https:\/\/arantv.az\/?p=154685","title":{"rendered":"Az\u0259rbaycandan tibbi maskan\u0131n \u00e7\u0131xar\u0131lmas\u0131na qoyulan m\u0259hdudiyy\u0259t uzad\u0131ld\u0131"},"content":{"rendered":"<p>Yeni koronavirusla (2019-nCoV) m\u00fcbariz\u0259d\u0259 istifad\u0259 olunan b\u0259zi tibbi l\u0259vazimat v\u0259 preparatlar\u0131n (steril \u0259lc\u0259k, baxil, tibbi maska v\u0259 eyn\u0259kl\u0259r, dezinfeksiyaedici madd\u0259 v\u0259 avadanl\u0131qlar, x\u00fcsusi geyiml\u0259r v\u0259 z\u0259ruri olan dig\u0259r tibbi l\u0259vazimat v\u0259 preparatlar) Az\u0259rbaycan Respublikas\u0131n\u0131n \u0259razisind\u0259n apar\u0131lmas\u0131n\u0131n m\u0259hdudla\u015fd\u0131r\u0131lamas\u0131na dair m\u00fcdd\u0259t daha 2 ay uzad\u0131l\u0131b.<\/p>\n<p>Milli.Az bildirir ki, Nazirl\u0259r Kabineti bununla ba\u011fl\u0131 &#8220;B\u0259zi tibbi l\u0259vazimat v\u0259 preparatlar\u0131n \u00f6lk\u0259 \u0259razisind\u0259n apar\u0131lmas\u0131n\u0131n m\u00fcv\u0259qq\u0259ti olaraq m\u0259hdudla\u015fd\u0131r\u0131lmas\u0131na dair t\u0259dbirl\u0259r haqq\u0131nda&#8221; 14 fevral 2020-ci il tarixli q\u0259rar\u0131nda d\u0259yi\u015fiklik edib.<\/p>\n<p>Bu m\u00fcdd\u0259t may\u0131n 1-d\u0259n\u00a0 iyulun 1-d\u0259k uzad\u0131l\u0131b.<\/p>\n","protected":false},"excerpt":{"rendered":"<p>Yeni koronavirusla (2019-nCoV) m\u00fcbariz\u0259d\u0259 istifad\u0259 olunan b\u0259zi tibbi l\u0259vazimat v\u0259 preparatlar\u0131n (steril \u0259lc\u0259k, baxil, tibbi maska v\u0259 eyn\u0259kl\u0259r, dezinfeksiyaedici madd\u0259 v\u0259 avadanl\u0131qlar, x\u00fcsusi geyiml\u0259r v\u0259 z\u0259ruri olan dig\u0259r tibbi l\u0259vazimat v\u0259 preparatlar) Az\u0259rbaycan Respublikas\u0131n\u0131n \u0259razisind\u0259n apar\u0131lmas\u0131n\u0131n m\u0259hdudla\u015fd\u0131r\u0131lamas\u0131na dair m\u00fcdd\u0259t daha 2 ay uzad\u0131l\u0131b. Milli.Az bildirir ki, Nazirl\u0259r Kabineti bununla ba\u011fl\u0131 &#8220;B\u0259zi tibbi l\u0259vazimat v\u0259 preparatlar\u0131n \u00f6lk\u0259 \u0259razisind\u0259n apar\u0131lmas\u0131n\u0131n m\u00fcv\u0259qq\u0259ti olaraq m\u0259hdudla\u015fd\u0131r\u0131lmas\u0131na dair t\u0259dbirl\u0259r haqq\u0131nda&#8221; 14 fevral 2020-ci il tarixli q\u0259rar\u0131nda d\u0259yi\u015fiklik edib. Bu m\u00fcdd\u0259t may\u0131n 1-d\u0259n\u00a0 iyulun 1-d\u0259k uzad\u0131l\u0131b.<\/p>\n","protected":false},"author":2,"featured_media":154686,"comment_status":"closed","ping_status":"closed","sticky":false,"template":"","format":"standard","meta":{"om_disable_all_campaigns":false,"_monsterinsights_skip_tracking":false,"_monsterinsights_sitenote_active":false,"_monsterinsights_sitenote_note":"","_monsterinsights_sitenote_category":0},"categories":[24],"tags":[],"aioseo_notices":[],"gutentor_comment":0,"rttpg_featured_image_url":{"full":["https:\/\/arantv.az\/wp-content\/uploads\/2020\/04\/maska_1.jpg",800,600,false],"landscape":["https:\/\/arantv.az\/wp-content\/uploads\/2020\/04\/maska_1.jpg",800,600,false],"portraits":["https:\/\/arantv.az\/wp-content\/uploads\/2020\/04\/maska_1.jpg",800,600,false],"thumbnail":["https:\/\/arantv.az\/wp-content\/uploads\/2020\/04\/maska_1-150x150.jpg",150,150,true],"medium":["https:\/\/arantv.az\/wp-content\/uploads\/2020\/04\/maska_1-300x225.jpg",300,225,true],"large":["https:\/\/arantv.az\/wp-content\/uploads\/2020\/04\/maska_1.jpg",640,480,false],"1536x1536":["https:\/\/arantv.az\/wp-content\/uploads\/2020\/04\/maska_1.jpg",800,600,false],"2048x2048":["https:\/\/arantv.az\/wp-content\/uploads\/2020\/04\/maska_1.jpg",800,600,false],"post-thumbnail":["https:\/\/arantv.az\/wp-content\/uploads\/2020\/04\/maska_1-240x172.jpg",240,172,true],"advps-thumb-one":["https:\/\/arantv.az\/wp-content\/uploads\/2020\/04\/maska_1.jpg",800,600,false]},"rttpg_author":{"display_name":"V\u00fcsal Rafiqo\u011flu","author_link":"https:\/\/arantv.az\/?author=2"},"rttpg_comment":0,"rttpg_category":"<a href=\"https:\/\/arantv.az\/?cat=24\" rel=\"category\">Maraql\u0131<\/a>","rttpg_excerpt":"Yeni koronavirusla (2019-nCoV) m\u00fcbariz\u0259d\u0259 istifad\u0259 olunan b\u0259zi tibbi l\u0259vazimat v\u0259 preparatlar\u0131n (steril \u0259lc\u0259k, baxil, tibbi maska v\u0259 eyn\u0259kl\u0259r, dezinfeksiyaedici madd\u0259 v\u0259 avadanl\u0131qlar, x\u00fcsusi geyiml\u0259r v\u0259 z\u0259ruri olan dig\u0259r tibbi l\u0259vazimat v\u0259 preparatlar) Az\u0259rbaycan Respublikas\u0131n\u0131n \u0259razisind\u0259n apar\u0131lmas\u0131n\u0131n m\u0259hdudla\u015fd\u0131r\u0131lamas\u0131na dair m\u00fcdd\u0259t daha 2 ay uzad\u0131l\u0131b. Milli.Az bildirir ki, Nazirl\u0259r Kabineti bununla ba\u011fl\u0131 &#8220;B\u0259zi tibbi l\u0259vazimat v\u0259 preparatlar\u0131n&hellip;","_links":{"self":[{"href":"https:\/\/arantv.az\/index.php?rest_route=\/wp\/v2\/posts\/154685"}],"collection":[{"href":"https:\/\/arantv.az\/index.php?rest_route=\/wp\/v2\/posts"}],"about":[{"href":"https:\/\/arantv.az\/index.php?rest_route=\/wp\/v2\/types\/post"}],"author":[{"embeddable":true,"href":"https:\/\/arantv.az\/index.php?rest_route=\/wp\/v2\/users\/2"}],"replies":[{"embeddable":true,"href":"https:\/\/arantv.az\/index.php?rest_route=%2Fwp%2Fv2%2Fcomments&post=154685"}],"version-history":[{"count":0,"href":"https:\/\/arantv.az\/index.php?rest_route=\/wp\/v2\/posts\/154685\/revisions"}],"wp:featuredmedia":[{"embeddable":true,"href":"https:\/\/arantv.az\/index.php?rest_route=\/wp\/v2\/media\/154686"}],"wp:attachment":[{"href":"https:\/\/arantv.az\/index.php?rest_route=%2Fwp%2Fv2%2Fmedia&parent=154685"}],"wp:term":[{"taxonomy":"category","embeddable":true,"href":"https:\/\/arantv.az\/index.php?rest_route=%2Fwp%2Fv2%2Fcategories&post=154685"},{"taxonomy":"post_tag","embeddable":true,"href":"https:\/\/arantv.az\/index.php?rest_route=%2Fwp%2Fv2%2Ftags&post=154685"}],"curies":[{"name":"wp","href":"https:\/\/api.w.org\/{rel}","templated":true}]}}