{"id":154699,"date":"2020-04-27T23:07:51","date_gmt":"2020-04-27T20:07:51","guid":{"rendered":"http:\/\/arantv.az\/?p=154699"},"modified":"2020-04-27T23:07:51","modified_gmt":"2020-04-27T20:07:51","slug":"20-ci-sah%c9%99-yasayis-massivi-yenid%c9%99n-qurulacaq","status":"publish","type":"post","link":"https:\/\/arantv.az\/?p=154699","title":{"rendered":"\u201c20-ci sah\u0259\u201d ya\u015fay\u0131\u015f massivi yenid\u0259n qurulacaq"},"content":{"rendered":"<p>Haz\u0131rda iri \u00c7in investorlar\u0131 il\u0259 \u201c20-ci sah\u0259\u201d layih\u0259si m\u00fczakir\u0259 olunur.<\/p>\n<p>Bunu\u00a0<a href=\"https:\/\/media.az\/society\/1067773990\/intervyu-elbay-kasim-zade\/\" target=\"_blank\" rel=\"noopener\">Media.az<\/a>-a a\u00e7\u0131qlamas\u0131nda Az\u0259rbaycan Memarlar \u0130ttifaq\u0131n\u0131n s\u0259dri Elb\u0259y Qas\u0131mzad\u0259 bildirib.<\/p>\n<p>O, bunun Bak\u0131n\u0131n \u015f\u0259h\u0259rsalma sferas\u0131nda maraql\u0131 layih\u0259 oldu\u011funu qeyd edib:<\/p>\n<div id=\"AdviadNativeVideo0\" class=\"AdviadNativeVideo\"><\/div>\n<p>\u201c\u00c7inli t\u0259r\u0259fda\u015flar\u0131m\u0131z\u0131n t\u0259xmin\u0259n, 800 hektar sah\u0259d\u0259, sahil zonas\u0131na \u00e7\u0131x\u0131\u015f\u0131 olan v\u0259 bulvar\u0131n davam\u0131 olacaq b\u00f6y\u00fck ya\u015fay\u0131\u015f rayonu yaratmaq niyy\u0259ti var. Layih\u0259 maraql\u0131d\u0131r, m\u0259n bu layih\u0259nin texniki-iqtisadi \u0259sasland\u0131r\u0131lmas\u0131n\u0131 etmi\u015f\u0259m. Orada ya\u015fay\u0131\u015f massivl\u0259rinin, m\u0259kt\u0259bl\u0259rin, ba\u011f\u00e7alar\u0131n, ticar\u0259t m\u0259rk\u0259zl\u0259rinin tikintisi n\u0259z\u0259rd\u0259 tutulub\u201d.<\/p>\n<p>E.Qas\u0131mzad\u0259 koronavirus s\u0259b\u0259bind\u0259n dan\u0131\u015f\u0131qlar\u0131n m\u00fcv\u0259qq\u0259ti dayand\u0131r\u0131ld\u0131\u011f\u0131n\u0131 bildirs\u0259 d\u0259, s\u0259rh\u0259dl\u0259r a\u00e7\u0131ld\u0131qdan sonra layih\u0259nin realla\u015faca\u011f\u0131n\u0131 m\u00fcmk\u00fcn hesab edir.<\/p>\n<p>\u201c20-ci sah\u0259\u201dnin haz\u0131rk\u0131 durumu haqda dan\u0131\u015fan memar orada v\u0259ziyy\u0259tin \u00fcr\u0259ka\u00e7an olmad\u0131\u011f\u0131n\u0131 bildirib: \u201c\u0130ndi orada v\u0259ziyy\u0259t d\u0259h\u015f\u0259tlidir, kanalizasiya yoxdur, torpaq s\u00fcr\u00fc\u015fm\u0259l\u0259ri ba\u015f verir. \u0130nsanlar\u0131n i\u015fl\u0259tdiyi su a\u015fa\u011f\u0131 t\u0259b\u0259q\u0259l\u0259r\u0259 gedir. S\u00fcr\u00fc\u015fm\u0259 n\u0259dir? Bu, d\u0259rinlikd\u0259 yerl\u0259\u015f\u0259n qayad\u0131r, sonra qrunt v\u0259 gil qat\u0131 g\u0259lir. Su qruntdan ke\u00e7\u0259r\u0259k gili sabuna \u00e7evirir, t\u0259b\u0259q\u0259ni yuyur v\u0259 o da qayadan s\u00fcr\u00fc\u015fm\u0259y\u0259 ba\u015flay\u0131r. Bel\u0259likl\u0259, bu s\u00fcr\u00fc\u015fm\u0259l\u0259r insan\u0131n t\u0259nziml\u0259nm\u0259mi\u015f f\u0259aliyy\u0259tinin n\u0259tic\u0259sidir\u201d.<\/p>\n","protected":false},"excerpt":{"rendered":"<p>Haz\u0131rda iri \u00c7in investorlar\u0131 il\u0259 \u201c20-ci sah\u0259\u201d layih\u0259si m\u00fczakir\u0259 olunur. Bunu\u00a0Media.az-a a\u00e7\u0131qlamas\u0131nda Az\u0259rbaycan Memarlar \u0130ttifaq\u0131n\u0131n s\u0259dri Elb\u0259y Qas\u0131mzad\u0259 bildirib. O, bunun Bak\u0131n\u0131n \u015f\u0259h\u0259rsalma sferas\u0131nda maraql\u0131 layih\u0259 oldu\u011funu qeyd edib: \u201c\u00c7inli t\u0259r\u0259fda\u015flar\u0131m\u0131z\u0131n t\u0259xmin\u0259n, 800 hektar sah\u0259d\u0259, sahil zonas\u0131na \u00e7\u0131x\u0131\u015f\u0131 olan v\u0259 bulvar\u0131n davam\u0131 olacaq b\u00f6y\u00fck ya\u015fay\u0131\u015f rayonu yaratmaq niyy\u0259ti var. Layih\u0259 maraql\u0131d\u0131r, m\u0259n bu layih\u0259nin texniki-iqtisadi \u0259sasland\u0131r\u0131lmas\u0131n\u0131 etmi\u015f\u0259m. Orada ya\u015fay\u0131\u015f massivl\u0259rinin, m\u0259kt\u0259bl\u0259rin, ba\u011f\u00e7alar\u0131n, ticar\u0259t m\u0259rk\u0259zl\u0259rinin tikintisi n\u0259z\u0259rd\u0259 tutulub\u201d. E.Qas\u0131mzad\u0259 koronavirus s\u0259b\u0259bind\u0259n dan\u0131\u015f\u0131qlar\u0131n m\u00fcv\u0259qq\u0259ti dayand\u0131r\u0131ld\u0131\u011f\u0131n\u0131 bildirs\u0259 d\u0259, s\u0259rh\u0259dl\u0259r a\u00e7\u0131ld\u0131qdan sonra layih\u0259nin realla\u015faca\u011f\u0131n\u0131 m\u00fcmk\u00fcn hesab edir. \u201c20-ci sah\u0259\u201dnin haz\u0131rk\u0131 durumu haqda dan\u0131\u015fan memar&hellip;<\/p>\n","protected":false},"author":2,"featured_media":154700,"comment_status":"closed","ping_status":"closed","sticky":false,"template":"","format":"standard","meta":{"om_disable_all_campaigns":false,"_monsterinsights_skip_tracking":false,"_monsterinsights_sitenote_active":false,"_monsterinsights_sitenote_note":"","_monsterinsights_sitenote_category":0},"categories":[26],"tags":[],"aioseo_notices":[],"gutentor_comment":0,"rttpg_featured_image_url":{"full":["https:\/\/arantv.az\/wp-content\/uploads\/2020\/04\/15695912566550548189_1000x669.jpg",620,407,false],"landscape":["https:\/\/arantv.az\/wp-content\/uploads\/2020\/04\/15695912566550548189_1000x669.jpg",620,407,false],"portraits":["https:\/\/arantv.az\/wp-content\/uploads\/2020\/04\/15695912566550548189_1000x669.jpg",620,407,false],"thumbnail":["https:\/\/arantv.az\/wp-content\/uploads\/2020\/04\/15695912566550548189_1000x669-150x150.jpg",150,150,true],"medium":["https:\/\/arantv.az\/wp-content\/uploads\/2020\/04\/15695912566550548189_1000x669-300x197.jpg",300,197,true],"large":["https:\/\/arantv.az\/wp-content\/uploads\/2020\/04\/15695912566550548189_1000x669.jpg",620,407,false],"1536x1536":["https:\/\/arantv.az\/wp-content\/uploads\/2020\/04\/15695912566550548189_1000x669.jpg",620,407,false],"2048x2048":["https:\/\/arantv.az\/wp-content\/uploads\/2020\/04\/15695912566550548189_1000x669.jpg",620,407,false],"post-thumbnail":["https:\/\/arantv.az\/wp-content\/uploads\/2020\/04\/15695912566550548189_1000x669-240x172.jpg",240,172,true],"advps-thumb-one":["https:\/\/arantv.az\/wp-content\/uploads\/2020\/04\/15695912566550548189_1000x669.jpg",620,407,false]},"rttpg_author":{"display_name":"V\u00fcsal Rafiqo\u011flu","author_link":"https:\/\/arantv.az\/?author=2"},"rttpg_comment":0,"rttpg_category":"<a href=\"https:\/\/arantv.az\/?cat=26\" rel=\"category\">Sosial<\/a>","rttpg_excerpt":"Haz\u0131rda iri \u00c7in investorlar\u0131 il\u0259 \u201c20-ci sah\u0259\u201d layih\u0259si m\u00fczakir\u0259 olunur. Bunu\u00a0Media.az-a a\u00e7\u0131qlamas\u0131nda Az\u0259rbaycan Memarlar \u0130ttifaq\u0131n\u0131n s\u0259dri Elb\u0259y Qas\u0131mzad\u0259 bildirib. O, bunun Bak\u0131n\u0131n \u015f\u0259h\u0259rsalma sferas\u0131nda maraql\u0131 layih\u0259 oldu\u011funu qeyd edib: \u201c\u00c7inli t\u0259r\u0259fda\u015flar\u0131m\u0131z\u0131n t\u0259xmin\u0259n, 800 hektar sah\u0259d\u0259, sahil zonas\u0131na \u00e7\u0131x\u0131\u015f\u0131 olan v\u0259 bulvar\u0131n davam\u0131 olacaq b\u00f6y\u00fck ya\u015fay\u0131\u015f rayonu yaratmaq niyy\u0259ti var. Layih\u0259 maraql\u0131d\u0131r, m\u0259n bu layih\u0259nin texniki-iqtisadi&hellip;","_links":{"self":[{"href":"https:\/\/arantv.az\/index.php?rest_route=\/wp\/v2\/posts\/154699"}],"collection":[{"href":"https:\/\/arantv.az\/index.php?rest_route=\/wp\/v2\/posts"}],"about":[{"href":"https:\/\/arantv.az\/index.php?rest_route=\/wp\/v2\/types\/post"}],"author":[{"embeddable":true,"href":"https:\/\/arantv.az\/index.php?rest_route=\/wp\/v2\/users\/2"}],"replies":[{"embeddable":true,"href":"https:\/\/arantv.az\/index.php?rest_route=%2Fwp%2Fv2%2Fcomments&post=154699"}],"version-history":[{"count":0,"href":"https:\/\/arantv.az\/index.php?rest_route=\/wp\/v2\/posts\/154699\/revisions"}],"wp:featuredmedia":[{"embeddable":true,"href":"https:\/\/arantv.az\/index.php?rest_route=\/wp\/v2\/media\/154700"}],"wp:attachment":[{"href":"https:\/\/arantv.az\/index.php?rest_route=%2Fwp%2Fv2%2Fmedia&parent=154699"}],"wp:term":[{"taxonomy":"category","embeddable":true,"href":"https:\/\/arantv.az\/index.php?rest_route=%2Fwp%2Fv2%2Fcategories&post=154699"},{"taxonomy":"post_tag","embeddable":true,"href":"https:\/\/arantv.az\/index.php?rest_route=%2Fwp%2Fv2%2Ftags&post=154699"}],"curies":[{"name":"wp","href":"https:\/\/api.w.org\/{rel}","templated":true}]}}