{"id":155329,"date":"2020-04-28T19:10:20","date_gmt":"2020-04-28T16:10:20","guid":{"rendered":"http:\/\/arantv.az\/?p=155329"},"modified":"2020-04-28T19:10:20","modified_gmt":"2020-04-28T16:10:20","slug":"rusiyada-qeyri-is-gunl%c9%99ri-uzadildi","status":"publish","type":"post","link":"https:\/\/arantv.az\/?p=155329","title":{"rendered":"Rusiyada qeyri-i\u015f g\u00fcnl\u0259ri uzad\u0131ld\u0131"},"content":{"rendered":"<p><strong>Rusiyada koronavirus pandemiyas\u0131na g\u00f6r\u0259 t\u0259tbiq olunan qeyri-i\u015f g\u00fcnl\u0259ri may\u0131n 11-d\u0259k uzad\u0131l\u0131b.<\/strong><\/p>\n<p><strong>ARANTV.AZ<\/strong>\u00a0<a href=\"http:\/\/az.trend.az\/\" target=\"_blank\" rel=\"noopener\">Trend<\/a>-\u0259 istinad\u0259n bildirir ki,\u00a0bu bar\u0259d\u0259 Rusiya Prezidenti Vladimir Putin regionlarda pandemiyan\u0131n yay\u0131lmas\u0131na qar\u015f\u0131 t\u0259dbirl\u0259rl\u0259 ba\u011fl\u0131 ke\u00e7iril\u0259n konfransda deyib.<\/p>\n<p>Prezident bildirib ki, g\u00f6r\u00fcl\u0259n profilaktik t\u0259dbirl\u0259r\u0259 ciddi riay\u0259t etm\u0259k \u015f\u0259rtil\u0259 qeyri-i\u015f g\u00fcnl\u0259ri may\u0131n 11-d\u0259k uzad\u0131lmal\u0131d\u0131r: &#8220;Qar\u015f\u0131da bir s\u0131ra t\u0259till\u0259r var. 6-8 may tarixl\u0259ri i\u015f g\u00fcnl\u0259ri olsa da bu \u00fc\u00e7 g\u00fcn\u00fcn \u0259m\u0259khaqq\u0131n\u0131n saxlanmas\u0131 il\u0259 qeyri-i\u015f g\u00fcn\u00fc kimi elan edilm\u0259sini do\u011fru hesab edir\u0259m. \u0130stirah\u0259t g\u00fcnl\u0259ri v\u0259 may t\u0259till\u0259ri d\u0259 n\u0259z\u0259r\u0259 al\u0131nmaqla bu tarix may\u0131n 11-d\u0259k uzad\u0131lacaq&#8221;.<\/p>\n","protected":false},"excerpt":{"rendered":"<p>Rusiyada koronavirus pandemiyas\u0131na g\u00f6r\u0259 t\u0259tbiq olunan qeyri-i\u015f g\u00fcnl\u0259ri may\u0131n 11-d\u0259k uzad\u0131l\u0131b. ARANTV.AZ\u00a0Trend-\u0259 istinad\u0259n bildirir ki,\u00a0bu bar\u0259d\u0259 Rusiya Prezidenti Vladimir Putin regionlarda pandemiyan\u0131n yay\u0131lmas\u0131na qar\u015f\u0131 t\u0259dbirl\u0259rl\u0259 ba\u011fl\u0131 ke\u00e7iril\u0259n konfransda deyib. Prezident bildirib ki, g\u00f6r\u00fcl\u0259n profilaktik t\u0259dbirl\u0259r\u0259 ciddi riay\u0259t etm\u0259k \u015f\u0259rtil\u0259 qeyri-i\u015f g\u00fcnl\u0259ri may\u0131n 11-d\u0259k uzad\u0131lmal\u0131d\u0131r: &#8220;Qar\u015f\u0131da bir s\u0131ra t\u0259till\u0259r var. 6-8 may tarixl\u0259ri i\u015f g\u00fcnl\u0259ri olsa da bu \u00fc\u00e7 g\u00fcn\u00fcn \u0259m\u0259khaqq\u0131n\u0131n saxlanmas\u0131 il\u0259 qeyri-i\u015f g\u00fcn\u00fc kimi elan edilm\u0259sini do\u011fru hesab edir\u0259m. \u0130stirah\u0259t g\u00fcnl\u0259ri v\u0259 may t\u0259till\u0259ri d\u0259 n\u0259z\u0259r\u0259 al\u0131nmaqla bu tarix may\u0131n 11-d\u0259k uzad\u0131lacaq&#8221;.<\/p>\n","protected":false},"author":2,"featured_media":155331,"comment_status":"closed","ping_status":"closed","sticky":false,"template":"","format":"standard","meta":{"om_disable_all_campaigns":false,"_monsterinsights_skip_tracking":false,"_monsterinsights_sitenote_active":false,"_monsterinsights_sitenote_note":"","_monsterinsights_sitenote_category":0},"categories":[7],"tags":[],"aioseo_notices":[],"gutentor_comment":0,"rttpg_featured_image_url":{"full":["https:\/\/arantv.az\/wp-content\/uploads\/2020\/04\/846057.jpg",587,440,false],"landscape":["https:\/\/arantv.az\/wp-content\/uploads\/2020\/04\/846057.jpg",587,440,false],"portraits":["https:\/\/arantv.az\/wp-content\/uploads\/2020\/04\/846057.jpg",587,440,false],"thumbnail":["https:\/\/arantv.az\/wp-content\/uploads\/2020\/04\/846057-150x150.jpg",150,150,true],"medium":["https:\/\/arantv.az\/wp-content\/uploads\/2020\/04\/846057-300x225.jpg",300,225,true],"large":["https:\/\/arantv.az\/wp-content\/uploads\/2020\/04\/846057.jpg",587,440,false],"1536x1536":["https:\/\/arantv.az\/wp-content\/uploads\/2020\/04\/846057.jpg",587,440,false],"2048x2048":["https:\/\/arantv.az\/wp-content\/uploads\/2020\/04\/846057.jpg",587,440,false],"post-thumbnail":["https:\/\/arantv.az\/wp-content\/uploads\/2020\/04\/846057-240x172.jpg",240,172,true],"advps-thumb-one":["https:\/\/arantv.az\/wp-content\/uploads\/2020\/04\/846057.jpg",587,440,false]},"rttpg_author":{"display_name":"V\u00fcsal Rafiqo\u011flu","author_link":"https:\/\/arantv.az\/?author=2"},"rttpg_comment":0,"rttpg_category":"<a href=\"https:\/\/arantv.az\/?cat=7\" rel=\"category\">D\u00fcnya<\/a>","rttpg_excerpt":"Rusiyada koronavirus pandemiyas\u0131na g\u00f6r\u0259 t\u0259tbiq olunan qeyri-i\u015f g\u00fcnl\u0259ri may\u0131n 11-d\u0259k uzad\u0131l\u0131b. ARANTV.AZ\u00a0Trend-\u0259 istinad\u0259n bildirir ki,\u00a0bu bar\u0259d\u0259 Rusiya Prezidenti Vladimir Putin regionlarda pandemiyan\u0131n yay\u0131lmas\u0131na qar\u015f\u0131 t\u0259dbirl\u0259rl\u0259 ba\u011fl\u0131 ke\u00e7iril\u0259n konfransda deyib. Prezident bildirib ki, g\u00f6r\u00fcl\u0259n profilaktik t\u0259dbirl\u0259r\u0259 ciddi riay\u0259t etm\u0259k \u015f\u0259rtil\u0259 qeyri-i\u015f g\u00fcnl\u0259ri may\u0131n 11-d\u0259k uzad\u0131lmal\u0131d\u0131r: &#8220;Qar\u015f\u0131da bir s\u0131ra t\u0259till\u0259r var. 6-8 may tarixl\u0259ri i\u015f g\u00fcnl\u0259ri olsa&hellip;","_links":{"self":[{"href":"https:\/\/arantv.az\/index.php?rest_route=\/wp\/v2\/posts\/155329"}],"collection":[{"href":"https:\/\/arantv.az\/index.php?rest_route=\/wp\/v2\/posts"}],"about":[{"href":"https:\/\/arantv.az\/index.php?rest_route=\/wp\/v2\/types\/post"}],"author":[{"embeddable":true,"href":"https:\/\/arantv.az\/index.php?rest_route=\/wp\/v2\/users\/2"}],"replies":[{"embeddable":true,"href":"https:\/\/arantv.az\/index.php?rest_route=%2Fwp%2Fv2%2Fcomments&post=155329"}],"version-history":[{"count":0,"href":"https:\/\/arantv.az\/index.php?rest_route=\/wp\/v2\/posts\/155329\/revisions"}],"wp:featuredmedia":[{"embeddable":true,"href":"https:\/\/arantv.az\/index.php?rest_route=\/wp\/v2\/media\/155331"}],"wp:attachment":[{"href":"https:\/\/arantv.az\/index.php?rest_route=%2Fwp%2Fv2%2Fmedia&parent=155329"}],"wp:term":[{"taxonomy":"category","embeddable":true,"href":"https:\/\/arantv.az\/index.php?rest_route=%2Fwp%2Fv2%2Fcategories&post=155329"},{"taxonomy":"post_tag","embeddable":true,"href":"https:\/\/arantv.az\/index.php?rest_route=%2Fwp%2Fv2%2Ftags&post=155329"}],"curies":[{"name":"wp","href":"https:\/\/api.w.org\/{rel}","templated":true}]}}