{"id":155339,"date":"2020-04-28T19:12:11","date_gmt":"2020-04-28T16:12:11","guid":{"rendered":"http:\/\/arantv.az\/?p=155339"},"modified":"2020-04-28T19:12:11","modified_gmt":"2020-04-28T16:12:11","slug":"tural-g%c9%99nc%c9%99liyev-dagliq-qarabag-bolg%c9%99sinin-erm%c9%99ni-icmasi-az%c9%99rbaycanli-icma-il%c9%99-sulh-s%c9%99raitind%c9%99-birg%c9%99-yasamaqda-maraqlidir","status":"publish","type":"post","link":"https:\/\/arantv.az\/?p=155339","title":{"rendered":"Tural G\u0259nc\u0259liyev: Da\u011fl\u0131q Qaraba\u011f b\u00f6lg\u0259sinin erm\u0259ni icmas\u0131 az\u0259rbaycanl\u0131 icma il\u0259 s\u00fclh \u015f\u0259raitind\u0259 birg\u0259 ya\u015famaqda maraql\u0131d\u0131r"},"content":{"rendered":"<p>Az\u0259rbaycan Respublikas\u0131n\u0131n Da\u011fl\u0131q Qaraba\u011f b\u00f6lg\u0259sinin erm\u0259ni icmas\u0131 Az\u0259rbaycan Respublikas\u0131n\u0131n beyn\u0259lxalq s\u0259viyy\u0259d\u0259 tan\u0131nm\u0131\u015f s\u0259rh\u0259dl\u0259ri daxilind\u0259 az\u0259rbaycanl\u0131 icma il\u0259 s\u00fclh \u015f\u0259raitind\u0259 birg\u0259 ya\u015famaqda maraql\u0131d\u0131r.<\/p>\n<p><strong>ARANTV.AZ<\/strong>\u00a0<a href=\"http:\/\/az.trend.az\/\" target=\"_blank\" rel=\"noopener\">Trend<\/a>-\u0259 istinad\u0259n bildirir ki,\u00a0bunu \u0130cma s\u0259dri Tural G\u0259nc\u0259liyev deyib. \u0130cma s\u0259drinin a\u00e7\u0131qlamas\u0131nda deyilir:<\/p>\n<p>&#8220;M\u0259lum oldu\u011fu kimi, Az\u0259rbaycan Respublikas\u0131 Da\u011fl\u0131q Qaraba\u011f b\u00f6lg\u0259sinin az\u0259rbaycanl\u0131 icmas\u0131n\u0131n f\u0259aliyy\u0259tini \u0259n yax\u0131ndan izl\u0259y\u0259nl\u0259r aras\u0131nda Da\u011fl\u0131q Qaraba\u011f b\u00f6lg\u0259mizin erm\u0259ni icmas\u0131ndan olan xeyli sayda v\u0259t\u0259nda\u015f\u0131m\u0131z var. Az\u0259rbaycan\u0131n i\u015f\u011fal olunmu\u015f \u0259razil\u0259rind\u0259 Erm\u0259nistan t\u0259r\u0259find\u0259n qeyri-qanuni \u015f\u0259kild\u0259 idar\u0259 edil\u0259n qondarma rejimin repressiv davran\u0131\u015flar\u0131na r\u0259\u011fm\u0259n, erm\u0259ni icmas\u0131n\u0131n \u00fczv\u00fc olan sakinl\u0259r biziml\u0259 \u0259laq\u0259 saxlayaraq f\u0259aliyy\u0259timizi d\u0259st\u0259kl\u0259dikl\u0259rini v\u0259 az\u0259rbaycanl\u0131 icma il\u0259 s\u00fclh \u015f\u0259raitind\u0259 \u00f6lk\u0259mizin beyn\u0259lxalq tan\u0131nm\u0131\u015f s\u0259rh\u0259dl\u0259ri \u00e7\u0259r\u00e7iv\u0259sind\u0259 birg\u0259 ya\u015fama\u011fa haz\u0131r olduqlar\u0131n\u0131 bildirmi\u015fl\u0259r.<\/p>\n<p>He\u00e7 k\u0259s\u0259 sirr deyil ki, Erm\u0259nistan t\u0259r\u0259find\u0259n Az\u0259rbaycan\u0131n Da\u011fl\u0131q Qaraba\u011f b\u00f6lg\u0259sinin erm\u0259ni icmas\u0131n\u0131n a\u015fa\u011f\u0131lanmas\u0131na y\u00f6n\u0259lik faktlar (pandemiya d\u00f6vr\u00fcnd\u0259 &#8220;se\u00e7ki&#8221; \u015fousunun ke\u00e7irilm\u0259si v\u0259 s.) m\u00f6vcuddur v\u0259 bu hal indi d\u0259 davam etm\u0259kd\u0259dir. Amma Erm\u0259nistan \u00f6z daxilind\u0259ki b\u00fct\u00fcn probleml\u0259rd\u0259n sad\u0259 v\u0259t\u0259nda\u015flar\u0131n diqq\u0259tini yay\u0131nd\u0131rmaq \u00fc\u00e7\u00fcn daim Az\u0259rbaycan \u0259razil\u0259rinin i\u015f\u011fal\u0131n\u0131 bir vasit\u0259 kimi istifad\u0259 edir, Erm\u0259nistandak\u0131 probleml\u0259ri h\u0259ll etm\u0259k \u0259v\u0259zin\u0259, torpaqlar\u0131m\u0131zda qanunsuz f\u0259aliyy\u0259tini davam etdirir, daim t\u0259xribat xarakterli add\u0131mlar at\u0131r v\u0259 b\u0259yanatlar s\u0259sl\u0259ndirir.<\/p>\n<p>Faktlar is\u0259 onu g\u00f6st\u0259rir ki, Az\u0259rbaycan\u0131n Da\u011fl\u0131q Qaraba\u011f b\u00f6lg\u0259sinin erm\u0259ni icmas\u0131 \u00f6zl\u0259rinin b\u00fct\u00fcn bu oyunlar\u0131n qurban\u0131 olduqlar\u0131n\u0131n, Erm\u0259nistan t\u0259r\u0259find\u0259n Az\u0259rbaycana qar\u015f\u0131 t\u0259cav\u00fcz\u00fcn bir al\u0259tin\u0259 \u00e7evrildikl\u0259rinin f\u0259rqind\u0259dirl\u0259r. M\u00fcsb\u0259t hald\u0131r ki, Az\u0259rbaycan Respublikas\u0131n\u0131n Da\u011fl\u0131q Qaraba\u011f b\u00f6lg\u0259sinin erm\u0259ni icmas\u0131 daxilind\u0259 b\u00f6lg\u0259d\u0259 \u0259dal\u0259tli v\u0259 davaml\u0131 s\u00fclh\u0259 nail olunmas\u0131 v\u0259 normal h\u0259yat\u0131n b\u0259rpas\u0131 \u00fc\u00e7\u00fcn m\u00fcnaqi\u015f\u0259nin yegan\u0259 h\u0259llinin Az\u0259rbaycan\u0131n beyn\u0259lxalq s\u0259viyy\u0259d\u0259 tan\u0131nm\u0131\u015f \u0259razi b\u00fct\u00f6vl\u00fcy\u00fc \u00e7\u0259r\u00e7iv\u0259sind\u0259 iki icman\u0131n birg\u0259 m\u00f6vcudlu\u011fundan ke\u00e7diyini anlayan \u015f\u0259xsl\u0259rin say\u0131 kifay\u0259t q\u0259d\u0259r \u00e7oxdur v\u0259 artmaqdad\u0131r. Son d\u00f6vrl\u0259r \u0259rzind\u0259 h\u0259m az\u0259rbaycanl\u0131 icman\u0131n r\u0259smi sosial media hesablar\u0131na, h\u0259m d\u0259 m\u0259nim \u015f\u0259xsi hesablar\u0131ma erm\u0259ni icmas\u0131n\u0131n n\u00fcmay\u0259nd\u0259l\u0259ri t\u0259r\u0259find\u0259n g\u00f6nd\u0259ril\u0259n \u00e7oxsayl\u0131 ismar\u0131clar bunu dem\u0259y\u0259 \u0259sas verir.<\/p>\n<p>Az\u0259rbaycan Respublikas\u0131 Da\u011fl\u0131q Qaraba\u011f b\u00f6lg\u0259sinin se\u00e7ilmi\u015f n\u00fcmay\u0259nd\u0259si olaraq, m\u0259n, erm\u0259ni icmas\u0131n\u0131n diqq\u0259tin\u0259 \u00e7atd\u0131rmaq ist\u0259yir\u0259m ki, onlar\u0131n biz\u0259 g\u00f6nd\u0259rdikl\u0259ri m\u00fcraci\u0259tl\u0259rin anonimliyi h\u0259min \u015f\u0259xsl\u0259rin t\u0259hl\u00fck\u0259sizliyi namin\u0259 yekun s\u00fclh \u0259ld\u0259 olunanad\u0259k tam qorunacaqd\u0131r. Az\u0259rbaycan Respublikas\u0131n\u0131n Da\u011fl\u0131q Qaraba\u011f b\u00f6lg\u0259sinin az\u0259rbaycanl\u0131 icmas\u0131 b\u00f6lg\u0259d\u0259 s\u00fclh\u00fcn b\u0259rpas\u0131 \u00fc\u00e7\u00fcn daim s\u0259y g\u00f6st\u0259rir v\u0259 bu prosesd\u0259 biz\u0259 d\u0259st\u0259k olan b\u00fct\u00fcn erm\u0259ni icmas\u0131n\u0131n n\u00fcmay\u0259nd\u0259l\u0259rinin f\u0259aliyy\u0259timiz\u0259 d\u0259st\u0259yini qiym\u0259tl\u0259ndiririk.<\/p>\n<p>Xank\u0259ndi \u015f\u0259h\u0259rinin mill\u0259t v\u0259kili olaraq, \u015f\u0259h\u0259rin h\u0259m erm\u0259ni, h\u0259m d\u0259 az\u0259rbaycanl\u0131 sakinl\u0259rinin b\u00fct\u00fcn qay\u011f\u0131 v\u0259 probleml\u0259rinin h\u0259lli istiqam\u0259tind\u0259 \u00e7al\u0131\u015fd\u0131\u011f\u0131ma sizl\u0259ri bir daha \u0259min etm\u0259k ist\u0259yir\u0259m. Xank\u0259ndinin ist\u0259nil\u0259n erm\u0259ni \u0259silli sakini, eynil\u0259 az\u0259rbaycanl\u0131 sakinl\u0259r kimi i\u015f\u011fal\u00e7\u0131 Erm\u0259nistan\u0131n t\u0259zyiql\u0259rin\u0259 r\u0259\u011fm\u0259n sosial media v\u0259 elektron po\u00e7t vasit\u0259sil\u0259 biz\u0259 \u00f6z \u015fikay\u0259t v\u0259 t\u0259klifl\u0259rini g\u00f6nd\u0259r\u0259 bil\u0259rl\u0259r.<\/p>\n<p>Az\u0259rbaycan Respublikas\u0131 Da\u011fl\u0131q Qaraba\u011f b\u00f6lg\u0259sinin erm\u0259ni icmas\u0131na bir daha bildirm\u0259k ist\u0259yir\u0259m ki, biz, s\u00fclh namin\u0259 icmalararas\u0131 daha geni\u015f dialoqa haz\u0131r\u0131q v\u0259 bunu tezlikl\u0259 t\u0259\u015fkil ed\u0259c\u0259yik. \u015e\u00fcbh\u0259siz ki, Az\u0259rbaycan\u0131n \u0259razi b\u00fct\u00f6vl\u00fcy\u00fc tezlikl\u0259 b\u0259rpa edil\u0259c\u0259k v\u0259 Az\u0259rbaycan\u0131n Da\u011fl\u0131q Qaraba\u011f b\u00f6lg\u0259sind\u0259 ya\u015fayan h\u0259r iki icman\u0131n b\u00fct\u00fcn h\u00fcquq v\u0259 azadl\u0131qlar\u0131 Az\u0259rbaycan Respublikas\u0131n\u0131n Konstitusiyas\u0131na m\u00fcvafiq olaraq b\u0259rab\u0259r \u015f\u0259kild\u0259, \u0259n y\u00fcks\u0259k s\u0259viyy\u0259d\u0259 qorunacaq&#8221;.<\/p>\n","protected":false},"excerpt":{"rendered":"<p>Az\u0259rbaycan Respublikas\u0131n\u0131n Da\u011fl\u0131q Qaraba\u011f b\u00f6lg\u0259sinin erm\u0259ni icmas\u0131 Az\u0259rbaycan Respublikas\u0131n\u0131n beyn\u0259lxalq s\u0259viyy\u0259d\u0259 tan\u0131nm\u0131\u015f s\u0259rh\u0259dl\u0259ri daxilind\u0259 az\u0259rbaycanl\u0131 icma il\u0259 s\u00fclh \u015f\u0259raitind\u0259 birg\u0259 ya\u015famaqda maraql\u0131d\u0131r. ARANTV.AZ\u00a0Trend-\u0259 istinad\u0259n bildirir ki,\u00a0bunu \u0130cma s\u0259dri Tural G\u0259nc\u0259liyev deyib. \u0130cma s\u0259drinin a\u00e7\u0131qlamas\u0131nda deyilir: &#8220;M\u0259lum oldu\u011fu kimi, Az\u0259rbaycan Respublikas\u0131 Da\u011fl\u0131q Qaraba\u011f b\u00f6lg\u0259sinin az\u0259rbaycanl\u0131 icmas\u0131n\u0131n f\u0259aliyy\u0259tini \u0259n yax\u0131ndan izl\u0259y\u0259nl\u0259r aras\u0131nda Da\u011fl\u0131q Qaraba\u011f b\u00f6lg\u0259mizin erm\u0259ni icmas\u0131ndan olan xeyli sayda v\u0259t\u0259nda\u015f\u0131m\u0131z var. Az\u0259rbaycan\u0131n i\u015f\u011fal olunmu\u015f \u0259razil\u0259rind\u0259 Erm\u0259nistan t\u0259r\u0259find\u0259n qeyri-qanuni \u015f\u0259kild\u0259 idar\u0259 edil\u0259n qondarma rejimin repressiv davran\u0131\u015flar\u0131na r\u0259\u011fm\u0259n, erm\u0259ni icmas\u0131n\u0131n \u00fczv\u00fc olan sakinl\u0259r biziml\u0259 \u0259laq\u0259 saxlayaraq f\u0259aliyy\u0259timizi d\u0259st\u0259kl\u0259dikl\u0259rini v\u0259 az\u0259rbaycanl\u0131 icma il\u0259 s\u00fclh&hellip;<\/p>\n","protected":false},"author":2,"featured_media":155340,"comment_status":"closed","ping_status":"closed","sticky":false,"template":"","format":"standard","meta":{"om_disable_all_campaigns":false,"_monsterinsights_skip_tracking":false,"_monsterinsights_sitenote_active":false,"_monsterinsights_sitenote_note":"","_monsterinsights_sitenote_category":0},"categories":[19],"tags":[],"aioseo_notices":[],"gutentor_comment":0,"rttpg_featured_image_url":{"full":["https:\/\/arantv.az\/wp-content\/uploads\/2020\/04\/846055.jpg",1000,633,false],"landscape":["https:\/\/arantv.az\/wp-content\/uploads\/2020\/04\/846055.jpg",1000,633,false],"portraits":["https:\/\/arantv.az\/wp-content\/uploads\/2020\/04\/846055.jpg",1000,633,false],"thumbnail":["https:\/\/arantv.az\/wp-content\/uploads\/2020\/04\/846055-150x150.jpg",150,150,true],"medium":["https:\/\/arantv.az\/wp-content\/uploads\/2020\/04\/846055-300x190.jpg",300,190,true],"large":["https:\/\/arantv.az\/wp-content\/uploads\/2020\/04\/846055.jpg",640,405,false],"1536x1536":["https:\/\/arantv.az\/wp-content\/uploads\/2020\/04\/846055.jpg",1000,633,false],"2048x2048":["https:\/\/arantv.az\/wp-content\/uploads\/2020\/04\/846055.jpg",1000,633,false],"post-thumbnail":["https:\/\/arantv.az\/wp-content\/uploads\/2020\/04\/846055-240x172.jpg",240,172,true],"advps-thumb-one":["https:\/\/arantv.az\/wp-content\/uploads\/2020\/04\/846055-1000x620.jpg",1000,620,true]},"rttpg_author":{"display_name":"V\u00fcsal Rafiqo\u011flu","author_link":"https:\/\/arantv.az\/?author=2"},"rttpg_comment":0,"rttpg_category":"<a href=\"https:\/\/arantv.az\/?cat=19\" rel=\"category\">G\u00fcnd\u0259m<\/a>","rttpg_excerpt":"Az\u0259rbaycan Respublikas\u0131n\u0131n Da\u011fl\u0131q Qaraba\u011f b\u00f6lg\u0259sinin erm\u0259ni icmas\u0131 Az\u0259rbaycan Respublikas\u0131n\u0131n beyn\u0259lxalq s\u0259viyy\u0259d\u0259 tan\u0131nm\u0131\u015f s\u0259rh\u0259dl\u0259ri daxilind\u0259 az\u0259rbaycanl\u0131 icma il\u0259 s\u00fclh \u015f\u0259raitind\u0259 birg\u0259 ya\u015famaqda maraql\u0131d\u0131r. ARANTV.AZ\u00a0Trend-\u0259 istinad\u0259n bildirir ki,\u00a0bunu \u0130cma s\u0259dri Tural G\u0259nc\u0259liyev deyib. \u0130cma s\u0259drinin a\u00e7\u0131qlamas\u0131nda deyilir: &#8220;M\u0259lum oldu\u011fu kimi, Az\u0259rbaycan Respublikas\u0131 Da\u011fl\u0131q Qaraba\u011f b\u00f6lg\u0259sinin az\u0259rbaycanl\u0131 icmas\u0131n\u0131n f\u0259aliyy\u0259tini \u0259n yax\u0131ndan izl\u0259y\u0259nl\u0259r aras\u0131nda Da\u011fl\u0131q Qaraba\u011f b\u00f6lg\u0259mizin erm\u0259ni icmas\u0131ndan&hellip;","_links":{"self":[{"href":"https:\/\/arantv.az\/index.php?rest_route=\/wp\/v2\/posts\/155339"}],"collection":[{"href":"https:\/\/arantv.az\/index.php?rest_route=\/wp\/v2\/posts"}],"about":[{"href":"https:\/\/arantv.az\/index.php?rest_route=\/wp\/v2\/types\/post"}],"author":[{"embeddable":true,"href":"https:\/\/arantv.az\/index.php?rest_route=\/wp\/v2\/users\/2"}],"replies":[{"embeddable":true,"href":"https:\/\/arantv.az\/index.php?rest_route=%2Fwp%2Fv2%2Fcomments&post=155339"}],"version-history":[{"count":0,"href":"https:\/\/arantv.az\/index.php?rest_route=\/wp\/v2\/posts\/155339\/revisions"}],"wp:featuredmedia":[{"embeddable":true,"href":"https:\/\/arantv.az\/index.php?rest_route=\/wp\/v2\/media\/155340"}],"wp:attachment":[{"href":"https:\/\/arantv.az\/index.php?rest_route=%2Fwp%2Fv2%2Fmedia&parent=155339"}],"wp:term":[{"taxonomy":"category","embeddable":true,"href":"https:\/\/arantv.az\/index.php?rest_route=%2Fwp%2Fv2%2Fcategories&post=155339"},{"taxonomy":"post_tag","embeddable":true,"href":"https:\/\/arantv.az\/index.php?rest_route=%2Fwp%2Fv2%2Ftags&post=155339"}],"curies":[{"name":"wp","href":"https:\/\/api.w.org\/{rel}","templated":true}]}}