{"id":155350,"date":"2020-04-28T19:16:55","date_gmt":"2020-04-28T16:16:55","guid":{"rendered":"http:\/\/arantv.az\/?p=155350"},"modified":"2020-04-28T19:16:55","modified_gmt":"2020-04-28T16:16:55","slug":"umumdunya-s%c9%99hiyy%c9%99-t%c9%99skilatinin-bas-direktoru-az%c9%99rbaycan-prezidentin%c9%99-t%c9%99s%c9%99kkur-edib-video","status":"publish","type":"post","link":"https:\/\/arantv.az\/?p=155350","title":{"rendered":"\u00dcmumd\u00fcnya S\u0259hiyy\u0259 T\u0259\u015fkilat\u0131n\u0131n Ba\u015f direktoru Az\u0259rbaycan Prezidentin\u0259 t\u0259\u015f\u0259kk\u00fcr edib &#8211; V\u0130DEO"},"content":{"rendered":"<p>\u00dcmumd\u00fcnya S\u0259hiyy\u0259 T\u0259\u015fkilat\u0131n\u0131n (\u00dcST) Ba\u015f direktoru Tedros Adhanom Qebreyesus ke\u00e7irdiyi m\u0259tbuat konfrans\u0131nda Az\u0259rbaycan\u0131n koronavirus pandemiyas\u0131na qar\u015f\u0131 h\u0259m qlobal, h\u0259m d\u0259 regional m\u00fcbariz\u0259y\u0259 t\u00f6hf\u0259sind\u0259n dan\u0131\u015f\u0131b.<\/p>\n<p><strong>ARANTV.AZ<\/strong>\u00a0<a href=\"http:\/\/az.trend.az\/\" target=\"_blank\" rel=\"noopener\">Trend<\/a>-\u0259 istinad\u0259n bildirir ki,\u00a0Ba\u015f direktor bu yax\u0131nlarda Az\u0259rbaycan Prezidentinin t\u0259\u015f\u0259bb\u00fcs\u00fc il\u0259 ke\u00e7iril\u0259n videokonfrans format\u0131nda toplant\u0131da koronavirusa qar\u015f\u0131 m\u00fcbariz\u0259 bar\u0259d\u0259 m\u00fczakir\u0259l\u0259r apar\u0131ld\u0131\u011f\u0131n\u0131, \u00f6z\u00fcn\u00fcn d\u0259 h\u0259min toplant\u0131da i\u015ftirak etdiyini bildirib. Tedros Adhanom Qebreyesus bu kimi add\u0131mlar\u0131 vacib hesab etdiyini vur\u011fulay\u0131b.<\/p>\n<p>\u00dcST-nin ba\u015f direktoru Az\u0259rbaycan\u0131n koronavirus pandemiyas\u0131na qar\u015f\u0131 m\u00fcbariz\u0259y\u0259 verdiyi qlobal t\u00f6hf\u0259ni y\u00fcks\u0259k qiym\u0259tl\u0259ndirib. O deyib ki, Az\u0259rbaycan qlobal s\u0259viyy\u0259d\u0259 bu m\u00fcbariz\u0259y\u0259 5 milyon AB\u015e dollar\u0131 v\u0259sait ay\u0131r\u0131b. &#8220;M\u0259n Az\u0259rbaycan Prezidentinin milli, regional v\u0259 qlobal s\u0259viyy\u0259d\u0259 bu m\u00fcbariz\u0259d\u0259 g\u00fccl\u00fc s\u0259yl\u0259rini g\u00f6r\u00fcr\u0259m. \u0130mkandan istifad\u0259 ed\u0259r\u0259k c\u0259nab Prezident\u0259 t\u0259\u015f\u0259kk\u00fcr\u00fcm\u00fc bildirm\u0259k ist\u0259yir\u0259m ki, b\u00fct\u00fcn bu \u00fc\u00e7 s\u0259viyy\u0259d\u0259 s\u0259yl\u0259ri birl\u0259\u015fdirir, d\u0259st\u0259k verir&#8221;, &#8211; dey\u0259 Tedros Adhanom Qebreyesus bildirib.<\/p>\n<div class=\"container\">\n<div class=\"page-content\">\n<div class=\"content-wrapper article-page\" data-cat-id=\"3000\">\n<div class=\"article-wrapper active\" data-url=\"https:\/\/az.trend.az\/azerbaijan\/politics\/3231085.html\">\n<div class=\"article-content-wrapper\">\n<div class=\"article-body-wrapper\">\n<div class=\"article-body\">\n<div class=\"article-text\">\n<p><iframe loading=\"lazy\" src=\"https:\/\/www.trend.az\/player.php?f=%20https:\/\/cdn.trend.az\/2020\/04\/28\/video_who_280420_01.mp4\" width=\"100%\" height=\"360\" frameborder=\"0\" allowfullscreen=\"allowfullscreen\" data-mce-fragment=\"1\"><\/iframe><\/p>\n<\/div>\n<\/div>\n<div class=\"article-footer\">\n<div class=\"tags-wrapper\"><\/div>\n<\/div>\n<\/div>\n<\/div>\n<\/div>\n<\/div>\n<\/div>\n<\/div>\n","protected":false},"excerpt":{"rendered":"<p>\u00dcmumd\u00fcnya S\u0259hiyy\u0259 T\u0259\u015fkilat\u0131n\u0131n (\u00dcST) Ba\u015f direktoru Tedros Adhanom Qebreyesus ke\u00e7irdiyi m\u0259tbuat konfrans\u0131nda Az\u0259rbaycan\u0131n koronavirus pandemiyas\u0131na qar\u015f\u0131 h\u0259m qlobal, h\u0259m d\u0259 regional m\u00fcbariz\u0259y\u0259 t\u00f6hf\u0259sind\u0259n dan\u0131\u015f\u0131b. ARANTV.AZ\u00a0Trend-\u0259 istinad\u0259n bildirir ki,\u00a0Ba\u015f direktor bu yax\u0131nlarda Az\u0259rbaycan Prezidentinin t\u0259\u015f\u0259bb\u00fcs\u00fc il\u0259 ke\u00e7iril\u0259n videokonfrans format\u0131nda toplant\u0131da koronavirusa qar\u015f\u0131 m\u00fcbariz\u0259 bar\u0259d\u0259 m\u00fczakir\u0259l\u0259r apar\u0131ld\u0131\u011f\u0131n\u0131, \u00f6z\u00fcn\u00fcn d\u0259 h\u0259min toplant\u0131da i\u015ftirak etdiyini bildirib. Tedros Adhanom Qebreyesus bu kimi add\u0131mlar\u0131 vacib hesab etdiyini vur\u011fulay\u0131b. \u00dcST-nin ba\u015f direktoru Az\u0259rbaycan\u0131n koronavirus pandemiyas\u0131na qar\u015f\u0131 m\u00fcbariz\u0259y\u0259 verdiyi qlobal t\u00f6hf\u0259ni y\u00fcks\u0259k qiym\u0259tl\u0259ndirib. O deyib ki, Az\u0259rbaycan qlobal s\u0259viyy\u0259d\u0259 bu m\u00fcbariz\u0259y\u0259 5 milyon AB\u015e dollar\u0131 v\u0259sait ay\u0131r\u0131b. &#8220;M\u0259n&hellip;<\/p>\n","protected":false},"author":2,"featured_media":155352,"comment_status":"closed","ping_status":"closed","sticky":false,"template":"","format":"standard","meta":{"om_disable_all_campaigns":false,"_monsterinsights_skip_tracking":false,"_monsterinsights_sitenote_active":false,"_monsterinsights_sitenote_note":"","_monsterinsights_sitenote_category":0},"categories":[7],"tags":[],"aioseo_notices":[],"gutentor_comment":0,"rttpg_featured_image_url":{"full":["https:\/\/arantv.az\/wp-content\/uploads\/2020\/04\/846049.jpg",660,495,false],"landscape":["https:\/\/arantv.az\/wp-content\/uploads\/2020\/04\/846049.jpg",660,495,false],"portraits":["https:\/\/arantv.az\/wp-content\/uploads\/2020\/04\/846049.jpg",660,495,false],"thumbnail":["https:\/\/arantv.az\/wp-content\/uploads\/2020\/04\/846049-150x150.jpg",150,150,true],"medium":["https:\/\/arantv.az\/wp-content\/uploads\/2020\/04\/846049-300x225.jpg",300,225,true],"large":["https:\/\/arantv.az\/wp-content\/uploads\/2020\/04\/846049.jpg",640,480,false],"1536x1536":["https:\/\/arantv.az\/wp-content\/uploads\/2020\/04\/846049.jpg",660,495,false],"2048x2048":["https:\/\/arantv.az\/wp-content\/uploads\/2020\/04\/846049.jpg",660,495,false],"post-thumbnail":["https:\/\/arantv.az\/wp-content\/uploads\/2020\/04\/846049-240x172.jpg",240,172,true],"advps-thumb-one":["https:\/\/arantv.az\/wp-content\/uploads\/2020\/04\/846049.jpg",660,495,false]},"rttpg_author":{"display_name":"V\u00fcsal Rafiqo\u011flu","author_link":"https:\/\/arantv.az\/?author=2"},"rttpg_comment":0,"rttpg_category":"<a href=\"https:\/\/arantv.az\/?cat=7\" rel=\"category\">D\u00fcnya<\/a>","rttpg_excerpt":"\u00dcmumd\u00fcnya S\u0259hiyy\u0259 T\u0259\u015fkilat\u0131n\u0131n (\u00dcST) Ba\u015f direktoru Tedros Adhanom Qebreyesus ke\u00e7irdiyi m\u0259tbuat konfrans\u0131nda Az\u0259rbaycan\u0131n koronavirus pandemiyas\u0131na qar\u015f\u0131 h\u0259m qlobal, h\u0259m d\u0259 regional m\u00fcbariz\u0259y\u0259 t\u00f6hf\u0259sind\u0259n dan\u0131\u015f\u0131b. ARANTV.AZ\u00a0Trend-\u0259 istinad\u0259n bildirir ki,\u00a0Ba\u015f direktor bu yax\u0131nlarda Az\u0259rbaycan Prezidentinin t\u0259\u015f\u0259bb\u00fcs\u00fc il\u0259 ke\u00e7iril\u0259n videokonfrans format\u0131nda toplant\u0131da koronavirusa qar\u015f\u0131 m\u00fcbariz\u0259 bar\u0259d\u0259 m\u00fczakir\u0259l\u0259r apar\u0131ld\u0131\u011f\u0131n\u0131, \u00f6z\u00fcn\u00fcn d\u0259 h\u0259min toplant\u0131da i\u015ftirak etdiyini bildirib. Tedros Adhanom Qebreyesus&hellip;","_links":{"self":[{"href":"https:\/\/arantv.az\/index.php?rest_route=\/wp\/v2\/posts\/155350"}],"collection":[{"href":"https:\/\/arantv.az\/index.php?rest_route=\/wp\/v2\/posts"}],"about":[{"href":"https:\/\/arantv.az\/index.php?rest_route=\/wp\/v2\/types\/post"}],"author":[{"embeddable":true,"href":"https:\/\/arantv.az\/index.php?rest_route=\/wp\/v2\/users\/2"}],"replies":[{"embeddable":true,"href":"https:\/\/arantv.az\/index.php?rest_route=%2Fwp%2Fv2%2Fcomments&post=155350"}],"version-history":[{"count":0,"href":"https:\/\/arantv.az\/index.php?rest_route=\/wp\/v2\/posts\/155350\/revisions"}],"wp:featuredmedia":[{"embeddable":true,"href":"https:\/\/arantv.az\/index.php?rest_route=\/wp\/v2\/media\/155352"}],"wp:attachment":[{"href":"https:\/\/arantv.az\/index.php?rest_route=%2Fwp%2Fv2%2Fmedia&parent=155350"}],"wp:term":[{"taxonomy":"category","embeddable":true,"href":"https:\/\/arantv.az\/index.php?rest_route=%2Fwp%2Fv2%2Fcategories&post=155350"},{"taxonomy":"post_tag","embeddable":true,"href":"https:\/\/arantv.az\/index.php?rest_route=%2Fwp%2Fv2%2Ftags&post=155350"}],"curies":[{"name":"wp","href":"https:\/\/api.w.org\/{rel}","templated":true}]}}