{"id":155354,"date":"2020-04-28T19:57:34","date_gmt":"2020-04-28T16:57:34","guid":{"rendered":"http:\/\/arantv.az\/?p=155354"},"modified":"2020-04-28T19:57:34","modified_gmt":"2020-04-28T16:57:34","slug":"fatma-yildirim-az%c9%99rbaycan-diasporunun-isinin-daha-da-s%c9%99m%c9%99r%c9%99li-aparilmasi-ucun-beyn%c9%99lxalq-d%c9%99st%c9%99k-fondu-yaradilmalidir-musahib%c9%99","status":"publish","type":"post","link":"https:\/\/arantv.az\/?p=155354","title":{"rendered":"Fatma Y\u0131ld\u0131r\u0131m: \u201cAz\u0259rbaycan diasporunun i\u015finin daha da s\u0259m\u0259r\u0259li apar\u0131lmas\u0131 \u00fc\u00e7\u00fcn beyn\u0259lxalq d\u0259st\u0259k fondu yarad\u0131lmal\u0131d\u0131r\u201d &#8211; M\u00dcSAH\u0130B\u018f"},"content":{"rendered":"<p style=\"font-style: inherit; font-weight: inherit;\"><span style=\"font-style: inherit; font-weight: inherit;\">Mill\u0259t v\u0259kili Fatma Y\u0131ld\u0131r\u0131m\u0131n\u00a0<a href=\"https:\/\/apa.az\/\">APA<\/a>-ya m\u00fcsahib\u0259si<\/span><\/p>\n<p style=\"font-style: inherit; font-weight: inherit;\"><b><strong><span style=\"font-style: inherit; font-weight: inherit;\">&#8211; Bilirik ki, \u0259sl\u0259n \u015eu\u015fa rayonunun Mal\u0131b\u0259yli k\u0259ndind\u0259nsiniz. \u015eu\u015fan\u0131, Mal\u0131b\u0259ylini nec\u0259 xat\u0131rlay\u0131rs\u0131n\u0131z?<\/span><\/strong><\/b><\/p>\n<p style=\"font-style: inherit; font-weight: inherit;\"><span style=\"font-style: inherit; font-weight: inherit;\">&#8211; Az\u0259rbaycan\u0131n dilb\u0259r gu\u015f\u0259si olan \u015eu\u015fa, onun h\u0259r bir qar\u0131\u015f\u0131 m\u0259nim \u00fc\u00e7\u00fcn \u00e7ox \u0259zizdir. \u015eu\u015fa, Mal\u0131b\u0259yli il\u0259 ba\u011fl\u0131 unudulmaz anlar\u0131m, nisgilli xatir\u0259l\u0259rim var. Bu g\u00fcn \u015eu\u015fa i\u015f\u011fal alt\u0131ndad\u0131r. Ona g\u00f6r\u0259 d\u0259, bu haqda dan\u0131\u015fmaq m\u0259nim \u00fc\u00e7\u00fcn \u00e7ox \u00e7\u0259tindir. U\u015faql\u0131q ill\u0259rimin \u0259n g\u00f6z\u0259l g\u00fcnl\u0259ri Mal\u0131b\u0259ylid\u0259 ke\u00e7ib. H\u0259r d\u0259f\u0259 \u015eu\u015fa ad\u0131 \u00e7\u0259kil\u0259nd\u0259 Mayl\u0131b\u0259ylid\u0259ki Navl\u0131 bula\u011f\u0131, q\u0131zlarla birlikd\u0259 s\u0259h\u0259ngl\u0259 su da\u015f\u0131ma\u011f\u0131m\u0131z, ulu babalar\u0131m\u0131z\u0131n yatd\u0131\u011f\u0131 q\u0259biristanl\u0131q, oradak\u0131 qoca \u00e7inar a\u011fac\u0131 yad\u0131ma d\u00fc\u015f\u00fcr.<\/span><\/p>\n<p style=\"font-style: inherit; font-weight: inherit;\"><span style=\"font-style: inherit; font-weight: inherit;\">\u018fn \u00e7ox xat\u0131rlad\u0131\u011f\u0131m is\u0259 Mal\u0131b\u0259ylid\u0259 h\u0259r bir evd\u0259 kitaba olan b\u00f6y\u00fck maraq idi. T\u0259sad\u00fcfi deyil ki, t\u0259kc\u0259 Mal\u0131b\u0259yli k\u0259ndind\u0259n 40-dan \u00e7ox professor yeti\u015fib. F\u0259xrl\u0259 dey\u0259 bil\u0259r\u0259m ki, onlardan biri d\u0259 m\u0259nim atam &#8211; d\u00fcnyada tan\u0131nm\u0131\u015f fizika elml\u0259ri doktoru, professor \u018fliyev Vidadi Yusif o\u011fludur.<\/span><\/p>\n<p style=\"font-style: inherit; font-weight: inherit;\"><span style=\"font-style: inherit; font-weight: inherit;\">Mal\u0131b\u0259yli il\u0259 ba\u011fl\u0131 \u0259n k\u0259d\u0259rli xatir\u0259m do\u011fma k\u0259ndimin i\u015f\u011fal edildiyi g\u00fcnd\u00fcr. M\u0259lum oldu\u011fu kimi, o vaxt xaos d\u00f6vr\u00fc idi, indiki kimi g\u00fccl\u00fc orduya sahib deyildik. T\u0259\u0259ss\u00fcf ki, 1992-ci ild\u0259 fevral\u0131n 10-dan 11-n\u0259 ke\u00e7\u0259n gec\u0259 Mal\u0131b\u0259yli k\u0259ndi erm\u0259nil\u0259r t\u0259r\u0259find\u0259n i\u015f\u011fal edil\u0259r\u0259k tamamil\u0259 yand\u0131r\u0131ld\u0131. M\u0259ni q\u0259h\u0259rl\u0259ndir\u0259n anlardan biri d\u0259 evimizd\u0259 ulu babalar\u0131m\u0131n da \u015f\u0259kill\u0259rinin yer ald\u0131\u011f\u0131 ail\u0259 albomunu \u00f6z\u00fcm\u00fczl\u0259 g\u0259tir\u0259 bilm\u0259m\u0259yimiz oldu.<\/span><\/p>\n<p style=\"font-style: inherit; font-weight: inherit;\"><span style=\"font-style: inherit; font-weight: inherit;\">Amma b\u00fct\u00fcn bunlara r\u0259\u011fm\u0259n \u00fcmidimi itirmir\u0259m. \u0130nan\u0131ram ki, m\u00f6ht\u0259r\u0259m Prezidentimiz, Ali Ba\u015f Komandan\u0131m\u0131z c\u0259nab \u0130lham \u018fliyevin q\u0259tiyy\u0259tli siyas\u0259ti n\u0259tic\u0259sind\u0259 torpaqlar\u0131m\u0131z, o c\u00fcml\u0259d\u0259n \u015eu\u015fam\u0131z erm\u0259ni i\u015f\u011fal\u0131ndan azad olunacaq. M\u0259n h\u0259min g\u00fcn\u00fc s\u0259birsizlikl\u0259 g\u00f6zl\u0259yir\u0259m. O torpaqlar\u0131 yenid\u0259n qar\u0131\u015f-qar\u0131\u015f g\u0259zm\u0259k, xo\u015f xatir\u0259l\u0259rimi b\u00f6l\u00fc\u015fm\u0259k, do\u011fma torpa\u011f\u0131m\u0131n qoxusunu duymaq m\u0259nim \u0259n b\u00f6y\u00fck arzular\u0131mdan biridir. Bu, b\u00fct\u00fcn xalq\u0131m\u0131z\u0131n dil\u0259yidir. D\u00f6vl\u0259timiz bu problemin s\u00fclh yolu il\u0259 h\u0259lli \u00fc\u00e7\u00fcn b\u00fct\u00fcn imkanlar\u0131n\u0131 s\u0259f\u0259rb\u0259r edib, beyn\u0259lxalq birlik Az\u0259rbaycan\u0131n \u0259razi b\u00fct\u00f6vl\u00fcy\u00fcn\u00fc d\u0259st\u0259kl\u0259yir. \u0130nan\u0131ram ki, o g\u00fcn uzaqda deyil, biz m\u00fctl\u0259q torpaqlar\u0131m\u0131za geri qay\u0131daca\u011f\u0131q.<\/span><\/p>\n<p style=\"font-style: inherit; font-weight: inherit;\"><b><strong><span style=\"font-style: inherit; font-weight: inherit;\">&#8211; \u0130xtisasca fizik olsan\u0131z da, daha \u00e7ox m\u00fcxt\u0259lif \u00f6z\u0259l \u015firk\u0259tl\u0259rd\u0259 insan resurslar\u0131 \u00fczr\u0259 \u015f\u00f6b\u0259 m\u00fcdiri, 2012-ci ild\u0259 \u201c\u0130\u00e7\u0259ri\u015f\u0259h\u0259r\u201d D\u00f6vl\u0259t Tarix-Memarl\u0131q Qoru\u011fu \u0130dar\u0259sind\u0259 kadrlar \u00fczr\u0259 \u015f\u00f6b\u0259 m\u00fcdirinin m\u00fcavini, daha sonra M\u0259nzil \u0130n\u015faat\u0131 D\u00f6vl\u0259t Agentliyind\u0259 insan resurslar\u0131 \u015f\u00f6b\u0259sinin m\u00fcdiri, 2018-ci ild\u0259n is\u0259 D\u00f6vl\u0259t \u015e\u0259h\u0259rsalma v\u0259 Arxitektura Komit\u0259sind\u0259 insan resurslar\u0131 \u015f\u00f6b\u0259sinin m\u00fcdiri v\u0259zif\u0259sind\u0259 \u00e7al\u0131\u015fm\u0131s\u0131n\u0131z. Fizika ixtisas\u0131 \u00fczr\u0259 \u00e7al\u0131\u015fmama\u011f\u0131n\u0131z\u0131n s\u0259b\u0259bi n\u0259dir?<\/span><\/strong><\/b><\/p>\n<p style=\"font-style: inherit; font-weight: inherit;\"><span style=\"font-style: inherit; font-weight: inherit;\">&#8211; \u00dcmumiyy\u0259tl\u0259, h\u0259r k\u0259sin bir h\u0259yat yolu var. \u00d6nc\u0259 orta t\u0259hsil, sonra ali t\u0259hsil, daha sonra is\u0259 h\u0259yat\u0131n \u0259n m\u0259suliyy\u0259tli d\u00f6vr\u00fc ba\u015flay\u0131r. Qeyd etdiyiniz kimi, m\u0259n ali t\u0259hsilimi fizika ixtisas\u0131 \u00fczr\u0259 bitirmi\u015f\u0259m. Bir m\u00fcdd\u0259t Az\u0259rbaycan Memarl\u0131q v\u0259 \u0130n\u015faat Universitetind\u0259 elmi-pedaqoji f\u0259aliyy\u0259tl\u0259 m\u0259\u015f\u011ful olmu\u015fam, fizika-riyaziyyat elml\u0259ri namiz\u0259diy\u0259m. Bu ixtisas \u00fczr\u0259 \u00e7al\u0131\u015f\u0131b-\u00e7al\u0131\u015fmamaq is\u0259 d\u00fc\u015f\u00fcn\u00fcr\u0259m ki, qism\u0259t, tale m\u0259s\u0259l\u0259sidir. Qar\u015f\u0131ma \u00e7\u0131xan imkanlar\u0131 d\u0259y\u0259rl\u0259ndir\u0259r\u0259k sonralar insan resurslar\u0131n\u0131n idar\u0259 edilm\u0259si istiqam\u0259tin\u0259 maraq duymu\u015fam v\u0259 g\u0259l\u0259c\u0259k karyeram\u0131 kadrlar sah\u0259sind\u0259 f\u0259aliyy\u0259timl\u0259 davam etmi\u015f\u0259m. \u0130\u015fl\u0259diyim h\u0259m \u00f6z\u0259l m\u00fc\u0259ssis\u0259l\u0259rd\u0259, h\u0259m\u00e7inin d\u00f6vl\u0259t qullu\u011funda komandan\u0131n formala\u015fmas\u0131nda, \u0259sas\u0259n, savad, m\u0259suliyy\u0259t, komanda i\u015fi, v\u0259t\u0259np\u0259rv\u0259rlik amill\u0259rin\u0259 \u00fcst\u00fcnl\u00fck v\u0259 x\u00fcsusi diqq\u0259t yetir\u0259r\u0259k d\u00f6vl\u0259timiz\u0259 faydal\u0131 olma\u011fa \u00e7al\u0131\u015fm\u0131\u015fam.<\/span><\/p>\n<p style=\"font-style: inherit; font-weight: inherit;\"><b><strong><span style=\"font-style: inherit; font-weight: inherit;\">&#8211; Bir m\u00fcdd\u0259t diaspor sah\u0259sind\u0259 f\u0259all\u0131\u011f\u0131n\u0131zla da se\u00e7ilmisiniz. Bu g\u00fcn Az\u0259rbaycan diasporunun durumunu bar\u0259d\u0259 n\u0259 dey\u0259 bil\u0259rsiniz? Lobbi\u00e7ilik f\u0259aliyy\u0259ti istiqam\u0259tind\u0259 g\u00f6r\u00fcl\u0259n i\u015fl\u0259ri nec\u0259 qiym\u0259tl\u0259ndirirsiniz?<\/span><\/strong><\/b><\/p>\n<p style=\"font-style: inherit; font-weight: inherit;\"><span style=\"font-style: inherit; font-weight: inherit;\">&#8211; H\u0259r bir v\u0259t\u0259nda\u015f \u00f6z d\u00f6vl\u0259tini beyn\u0259lxalq arenada da t\u0259msil etm\u0259yi bacarmal\u0131d\u0131r. M\u0259n bir ne\u00e7\u0259 il Avropada ya\u015fam\u0131\u015fam v\u0259 orada diaspor f\u0259aliyy\u0259ti il\u0259 m\u0259\u015f\u011ful olmu\u015fam. F\u0259aliyy\u0259timiz daim d\u00f6vl\u0259timizin xarici siyas\u0259tini d\u0259st\u0259kl\u0259y\u0259r\u0259k Qaraba\u011f h\u0259qiq\u0259tl\u0259rinin d\u00fcnya ictimaiyy\u0259tin\u0259 \u00e7atd\u0131r\u0131lmas\u0131 \u00fcz\u0259rind\u0259 qurulmu\u015fdu. Eyni zamanda, \u0259sas m\u0259qs\u0259dl\u0259rimizd\u0259n biri xalq\u0131m\u0131z\u0131n \u0259n yaral\u0131 yeri olan Xocal\u0131 soyq\u0131r\u0131m\u0131n\u0131n d\u00fcnya t\u0259r\u0259find\u0259n tan\u0131nmas\u0131 v\u0259 buna siyasi qiym\u0259tin verilm\u0259si idi. H\u0259l\u0259 diasporun yeni yarand\u0131\u011f\u0131 d\u00f6vrl\u0259rd\u0259 (2004-c\u00fc il) Bel\u00e7ika v\u0259 Niderlandda d\u00f6vl\u0259timizin haql\u0131 m\u00f6vqeyini \u00e7atd\u0131raraq, bu m\u0259s\u0259l\u0259y\u0259 Avropa ictimaiyy\u0259tinin diqq\u0259tini \u00e7\u0259k\u0259 bilmi\u015fdik. Bu g\u00fcn \u0259minlikl\u0259 dey\u0259 bil\u0259rik ki, c\u0259nab Prezidentimiz \u0130lham \u018fliyev v\u0259 Birinci vitse-prezidentimiz Mehriban xan\u0131m \u018fliyevan\u0131n apard\u0131\u011f\u0131 d\u00fc\u015f\u00fcn\u00fclm\u00fc\u015f, m\u0259qs\u0259dy\u00f6nl\u00fc xarici siyas\u0259t n\u0259tic\u0259sind\u0259 Az\u0259rbaycan d\u00fcnyada say\u0131l\u0131b se\u00e7il\u0259n n\u00fcfuzlu \u00f6lk\u0259l\u0259r s\u0131ras\u0131nda yer al\u0131b.<\/span><\/p>\n<p style=\"font-style: inherit; font-weight: inherit;\"><span style=\"font-style: inherit; font-weight: inherit;\">Buna \u0259saslanaraq diaspor f\u0259aliyy\u0259ti daim davam etdirilm\u0259lidir. Bu g\u00fcn Az\u0259rbaycan diasporu t\u0259\u015fkilatlanm\u0131\u015f formadad\u0131r. D\u00f6vl\u0259timiz xaricd\u0259 diasporumuzun g\u00fccl\u0259ndirilm\u0259si \u00fc\u00e7\u00fcn laz\u0131mi add\u0131mlar at\u0131r. \u00d6t\u0259n ill\u0259r \u0259rzind\u0259 xeyli sayda diaspor t\u0259\u015fkilatlar\u0131 yarad\u0131l\u0131b, onlar Az\u0259rbaycan diasporunun xaricd\u0259 m\u00fct\u0259\u015f\u0259kkil q\u00fcvv\u0259y\u0259 \u00e7evrilm\u0259si \u00fc\u00e7\u00fcn \u00e7al\u0131\u015f\u0131rlar.<\/span><\/p>\n<p style=\"font-style: inherit; font-weight: inherit;\"><span style=\"font-style: inherit; font-weight: inherit;\">Son ill\u0259r xarici \u00f6lk\u0259l\u0259rd\u0259 Az\u0259rbaycan Evl\u0259ri, Koordinasiya M\u0259rk\u0259zl\u0259ri yarad\u0131l\u0131r ki, b\u00fct\u00fcn bunlar diasporumuzun daha g\u00fccl\u00fc v\u0259 s\u0259m\u0259r\u0259li f\u0259aliyy\u0259t g\u00f6st\u0259rm\u0259sin\u0259 xidm\u0259t edir. Bizim diasporun qar\u015f\u0131s\u0131nda duran v\u0259zif\u0259l\u0259r Az\u0259rbaycan\u0131n u\u011furlu inki\u015faf\u0131n\u0131 t\u0259bli\u011f etm\u0259kl\u0259 yana\u015f\u0131, Qaraba\u011f h\u0259qiq\u0259tl\u0259rini d\u00fcnya ictimaiyy\u0259tin\u0259 \u00e7atd\u0131rmaq, erm\u0259ni yalanlar\u0131n\u0131 if\u015fa etm\u0259kdir. Bu istiqam\u0259td\u0259 ciddi n\u0259tic\u0259l\u0259r \u0259ld\u0259 olunmaqdad\u0131r.<\/span><\/p>\n<p style=\"font-style: inherit; font-weight: inherit;\"><span style=\"font-style: inherit; font-weight: inherit;\">Lakin bununla kifay\u0259tl\u0259nm\u0259k laz\u0131m deyil, biz \u00e7al\u0131\u015fmal\u0131y\u0131q ki, xaricd\u0259 ya\u015fayan soyda\u015flar\u0131m\u0131z daha m\u00fct\u0259\u015f\u0259kkil formada f\u0259aliyy\u0259t g\u00f6st\u0259r\u0259r\u0259k ya\u015fad\u0131qlar\u0131 \u00f6lk\u0259l\u0259rin, \u015f\u0259h\u0259rl\u0259rin siyasi h\u0259yat\u0131nda da yer als\u0131nlar. Parlament se\u00e7kil\u0259rin\u0259, b\u0259l\u0259diyy\u0259 se\u00e7kil\u0259rin\u0259 qo\u015fularaq bu se\u00e7kili orqanlarda t\u0259msil olunma\u011fa \u00e7al\u0131\u015fs\u0131nlar. Bunu d\u0259f\u0259l\u0259rl\u0259 \u00e7a\u011f\u0131r\u0131\u015flar\u0131nda Prezident \u0130lham \u018fliyev d\u0259 vur\u011fulay\u0131b. Biz b\u00f6y\u00fck xalq\u0131q! D\u00fcnyada 50 milyon soyda\u015f\u0131m\u0131z ya\u015fay\u0131r, daha da aktiv v\u0259 strateji f\u0259aliyy\u0259t qurmaq m\u0259cburiyy\u0259tind\u0259yik ki, s\u0259simiz daha da y\u00fcks\u0259kl\u0259rd\u0259n e\u015fidilsin.<\/span><\/p>\n<p style=\"font-style: inherit; font-weight: inherit;\"><span style=\"font-style: inherit; font-weight: inherit;\">Bilirsiniz ki, c\u0259nab Prezident h\u0259r zaman beyn\u0259lxalq arenada d\u00f6vl\u0259timizin Qaraba\u011f m\u0259s\u0259l\u0259si il\u0259 ba\u011fl\u0131 prinsipial m\u00f6vqeyini c\u0259sar\u0259tl\u0259 s\u0259sl\u0259ndirm\u0259kd\u0259dir. Biz d\u0259 mill\u0259t v\u0259kill\u0259ri olaraq beyn\u0259lxalq f\u0259aliyy\u0259timizd\u0259 Erm\u0259nistan\u0131n i\u015f\u011fal\u00e7\u0131l\u0131q siyas\u0259tinin if\u015fa olunmas\u0131nda aktiv olmal\u0131y\u0131q. Biz n\u0259 q\u0259d\u0259r f\u0259al olsaq, bir o q\u0259d\u0259r d\u0259 Az\u0259rbaycan, Qaraba\u011f h\u0259qiq\u0259tl\u0259rini d\u00fcnyada yaya, qazand\u0131\u011f\u0131m\u0131z dostlar\u0131n say\u0131n\u0131 art\u0131ra bil\u0259rik.<\/span><\/p>\n<p style=\"font-style: inherit; font-weight: inherit;\"><span style=\"font-style: inherit; font-weight: inherit;\">Bilirsiniz ki, xaricd\u0259 Az\u0259rbaycan v\u0259 T\u00fcrk diaspor t\u0259\u015fkilatlar\u0131 daim \u0259m\u0259kda\u015fl\u0131q edir, erm\u0259ni yalanlar\u0131n\u0131n if\u015fa olunmas\u0131nda birg\u0259 f\u0259aliyy\u0259t g\u00f6st\u0259rir. D\u00fc\u015f\u00fcn\u00fcr\u0259m ki, lobbi\u00e7ilik m\u0259s\u0259l\u0259sind\u0259 xaricd\u0259ki t\u00fcrk icmas\u0131n\u0131n t\u0259cr\u00fcb\u0259sind\u0259n faydalanmaq laz\u0131md\u0131r. T\u00fcrk xalq\u0131n\u0131n lobbi\u00e7ilik f\u0259aliyy\u0259ti g\u00fccl\u00fcd\u00fcr. Onlar ill\u0259rdir erm\u0259nil\u0259rin qondarma \u201csoyq\u0131r\u0131m\u0131\u201d yalanlar\u0131na qar\u015f\u0131 m\u00fct\u0259\u015f\u0259kkil formada m\u00fcbariz\u0259 aparmaqdad\u0131rlar.<\/span><\/p>\n<p style=\"font-style: inherit; font-weight: inherit;\"><span style=\"font-style: inherit; font-weight: inherit;\">Az\u0259rbaycan diasporunun i\u015fini daha da s\u0259m\u0259r\u0259li apar\u0131lmas\u0131 \u00fc\u00e7\u00fcn hesab edir\u0259m ki, beyn\u0259lxalq d\u0259st\u0259k fondu yarad\u0131lmal\u0131d\u0131r. \u00c7\u00fcnki maddi d\u0259st\u0259k h\u0259m \u00f6lk\u0259mizin tan\u0131d\u0131lmas\u0131nda, h\u0259m d\u0259 Qaraba\u011f h\u0259qiq\u0259tl\u0259rinin d\u00fcnyada daha geni\u015f yay\u0131lmas\u0131 prosesind\u0259 \u00e7ox vacibdir. M\u0259n inan\u0131ram ki, d\u00fcnya az\u0259rbaycanl\u0131lar\u0131, i\u015f adamlar\u0131 d\u00f6vl\u0259timiz\u0259 d\u0259st\u0259k olaraq lobbi\u00e7iliyimiz \u00fc\u00e7\u00fcn bu \u00e7a\u011f\u0131r\u0131\u015fa s\u0259s ver\u0259c\u0259kl\u0259r.<\/span><\/p>\n<p style=\"font-style: inherit; font-weight: inherit;\"><b><strong><span style=\"font-style: inherit; font-weight: inherit;\">&#8211; \u0130\u015f v\u0259 ail\u0259 h\u0259yat\u0131n\u0131z\u0131 uzla\u015fd\u0131rmaqda \u00e7\u0259tinlik \u00e7\u0259kdiyiniz m\u0259qamlar olubmu? Ail\u0259d\u0259ki m\u00fcnasib\u0259tl\u0259r karyeran\u0131zdak\u0131 u\u011furlarda n\u0259 d\u0259r\u0259c\u0259d\u0259 rol oynay\u0131b?<\/span><\/strong><\/b><\/p>\n<p style=\"font-style: inherit; font-weight: inherit;\"><span style=\"font-style: inherit; font-weight: inherit;\">&#8211; \u018flb\u0259tt\u0259 ki, h\u0259r bir insan \u00fc\u00e7\u00fcn h\u0259m i\u015f h\u0259yat\u0131, h\u0259m d\u0259 ail\u0259 \u00e7ox b\u00f6y\u00fck \u00f6n\u0259m k\u0259sb edir. Bu s\u0259b\u0259bd\u0259n d\u0259, i\u015f v\u0259 ail\u0259 h\u0259yat\u0131n\u0131n uzla\u015fd\u0131r\u0131lmas\u0131 laz\u0131ml\u0131d\u0131r. \u00c7\u00fcnki ail\u0259 m\u00fcq\u0259dd\u0259s d\u0259y\u0259rdir, eyni zamanda, i\u015f h\u0259yat\u0131 da \u00e7ox \u00f6n\u0259mlidir. Bu m\u0259s\u0259l\u0259 qad\u0131n v\u0259 ana \u00fc\u00e7\u00fcn daha\u00a0\u00a0h\u0259ssasd\u0131r. Qad\u0131nlar i\u015f v\u0259 ail\u0259 h\u0259yat\u0131n\u0131 el\u0259 uzla\u015fd\u0131rmal\u0131d\u0131r ki, bir-birin\u0259 \u0259ng\u0259l olmas\u0131n. \u018fsas odur ki, bu m\u0259s\u0259l\u0259d\u0259 qar\u015f\u0131l\u0131ql\u0131 h\u00f6rm\u0259t v\u0259 anlay\u0131\u015f olsun. Bel\u0259 olan halda, \u00e7\u0259tinlikl\u0259r asanl\u0131qla h\u0259llini tap\u0131r.<\/span><\/p>\n<p style=\"font-style: inherit; font-weight: inherit;\"><span style=\"font-style: inherit; font-weight: inherit;\">\u015e\u0259xs\u0259n m\u0259n\u0259 g\u0259linc\u0259, dey\u0259 bil\u0259r\u0259m ki, bu m\u0259s\u0259l\u0259d\u0259 b\u0259xtim g\u0259tirib. Ail\u0259m h\u0259r zaman m\u0259n\u0259 d\u0259st\u0259k olur. Bu da i\u015f h\u0259yat\u0131mda u\u011fur qazanma\u011f\u0131m \u00fc\u00e7\u00fcn b\u00f6y\u00fck stimuldur.<\/span><\/p>\n<p style=\"font-style: inherit; font-weight: inherit;\"><b><strong><span style=\"font-style: inherit; font-weight: inherit;\">&#8211; Bir xan\u0131m \u00fc\u00e7\u00fcn d\u00f6vl\u0259t qurumunda \u00e7al\u0131\u015fmaq, daha sonra mill\u0259t v\u0259kili se\u00e7il\u0259r\u0259k qanunvericilik f\u0259aliyy\u0259ti il\u0259 m\u0259\u015f\u011ful olmaq h\u0259yat\u0131nda n\u0259l\u0259ri d\u0259yi\u015fdirir?<\/span><\/strong><\/b><\/p>\n<p style=\"font-style: inherit; font-weight: inherit;\"><span style=\"font-style: inherit; font-weight: inherit;\">&#8211; Qeyd edim ki, Az\u0259rbaycan qad\u0131n\u0131n\u0131n tariximizin b\u00fct\u00fcn m\u0259rh\u0259l\u0259l\u0259rind\u0259 xalq\u0131m\u0131z\u0131n h\u0259yat\u0131nda \u00f6z\u00fcn\u0259m\u0259xsus rolu olub. O, qay\u011f\u0131ke\u015f ana, fitri istedada malik \u015fair, m\u00f6hk\u0259m irad\u0259li h\u00f6kmdar, d\u0259rin z\u0259kal\u0131 m\u00fct\u0259f\u0259kkir olaraq \u00f6z ad\u0131n\u0131 tariximizin s\u0259hif\u0259l\u0259rin\u0259 yazd\u0131ra bilib. El\u0259 buna g\u00f6r\u0259 d\u0259, c\u0259miyy\u0259tin inki\u015faf\u0131n\u0131n b\u00fct\u00fcn d\u00f6vrl\u0259rind\u0259 qad\u0131nlar ki\u015fil\u0259rl\u0259 b\u0259rab\u0259r d\u00f6vl\u0259t quruculu\u011funda, siyasi q\u0259rarlar\u0131n verilm\u0259sind\u0259 f\u0259al i\u015ftirak edibl\u0259r.<\/span><\/p>\n<p style=\"font-style: inherit; font-weight: inherit;\"><span style=\"font-style: inherit; font-weight: inherit;\">Qad\u0131nlar bu g\u00fcn d\u0259 c\u0259miyy\u0259timizin h\u0259yat\u0131nda f\u0259al i\u015ftirak edirl\u0259r. Onlar\u0131n aras\u0131nda g\u00f6rk\u0259mli d\u00f6vl\u0259t, elm, m\u0259d\u0259niyy\u0259t v\u0259 ictimai-siyasi xadiml\u0259ri var. Az\u0259rbaycan qad\u0131n\u0131 ana olmaqla yana\u015f\u0131, h\u0259m d\u0259 bacar\u0131ql\u0131 siyas\u0259t\u00e7i, i\u015f adam\u0131, d\u00f6vl\u0259t m\u0259muru, xalq\u0131n inan\u0131b s\u0259s verdiyi mill\u0259t v\u0259kilidir. M\u00fcasir d\u00f6vrd\u0259 respublikam\u0131z\u0131n Birinci vitse-prezidenti, Heyd\u0259r \u018fliyev Fondunun prezidenti Mehriban xan\u0131m \u018fliyeva ictimai-siyasi f\u0259aliyy\u0259ti il\u0259 Az\u0259rbaycan qad\u0131nlar\u0131na n\u00fcmun\u0259dir. O, m\u00fcasir Az\u0259rbaycan qad\u0131n h\u0259r\u0259kat\u0131n\u0131n lideri kimi d\u00f6vl\u0259timizin t\u0259r\u0259qqisi namin\u0259 geni\u015f f\u0259aliyy\u0259t g\u00f6st\u0259rir.<\/span><\/p>\n<p style=\"font-style: inherit; font-weight: inherit;\"><span style=\"font-style: inherit; font-weight: inherit;\">B\u00fct\u00f6vl\u00fckd\u0259, Az\u0259rbaycan qad\u0131n\u0131 h\u0259r zaman oldu\u011fu kimi, bu g\u00fcn d\u0259 d\u00f6vl\u0259tin d\u0259st\u0259yini hiss ed\u0259r\u0259k, \u00f6z\u00fcn\u00fcn f\u0259all\u0131\u011f\u0131 il\u0259 c\u0259miyy\u0259td\u0259 b\u0259rab\u0259rh\u00fcquqlu m\u00f6vqey\u0259 nail olma\u011f\u0131 bacar\u0131r. Qad\u0131nlar\u0131m\u0131z m\u00fcst\u0259qil d\u00f6vl\u0259timizin daha da g\u00fccl\u0259nm\u0259si namin\u0259 b\u00fct\u00fcn f\u0259aliyy\u0259t sferalar\u0131nda \u00f6z t\u00f6hf\u0259l\u0259rini verirl\u0259r.<\/span><\/p>\n<p style=\"font-style: inherit; font-weight: inherit;\"><b><strong><span style=\"font-style: inherit; font-weight: inherit;\">&#8211; Parlamentin T\u0259bii ehtiyatlar, energetika v\u0259 ekologiya komit\u0259si v\u0259 Elm v\u0259 t\u0259hsil komit\u0259sind\u0259 \u00fczv kimi t\u0259msil olunursunuz. Komit\u0259l\u0259rin parlamentin f\u0259aliyy\u0259tind\u0259 rolunu nec\u0259 g\u00f6r\u00fcrs\u00fcn\u00fcz?<\/span><\/strong><\/b><\/p>\n<p style=\"font-style: inherit; font-weight: inherit;\"><span style=\"font-style: inherit; font-weight: inherit;\">&#8211; Bilirsiniz ki, Milli M\u0259clis ali qanunvericilik orqan\u0131d\u0131r. Parlament d\u00f6vl\u0259tin qanunlar\u0131n\u0131 q\u0259bul edir. Amma bu qanunlar plenar iclasdan \u0259vv\u0259l m\u00fcvafiq komit\u0259l\u0259rd\u0259 m\u00fczakir\u0259 olunur. \u018fg\u0259r komit\u0259 iclaslar\u0131nda m\u00fczakir\u0259 olunan qanun layih\u0259l\u0259rinin plenar iclas\u0131n m\u00fczakir\u0259sin\u0259 \u00e7\u0131xar\u0131lmas\u0131 t\u00f6vsiy\u0259 edilirs\u0259, layih\u0259l\u0259r plenar iclas\u0131n g\u00fcnd\u0259liyin\u0259 daxil edilir.<\/span><\/p>\n<p style=\"font-style: inherit; font-weight: inherit;\"><span style=\"font-style: inherit; font-weight: inherit;\">D\u00fc\u015f\u00fcn\u00fcr\u0259m ki, qanun yarad\u0131c\u0131l\u0131\u011f\u0131 prosesind\u0259 parlament komit\u0259l\u0259rinin rolu kifay\u0259t q\u0259d\u0259r b\u00f6y\u00fckd\u00fcr. O c\u00fcml\u0259d\u0259n, m\u0259nim d\u0259 \u00fczv oldu\u011fum &#8220;T\u0259bii ehtiyatlar, energetika v\u0259 ekologiya komit\u0259si&#8221; v\u0259 &#8220;Elm v\u0259 t\u0259hsil komit\u0259si&#8221; Milli M\u0259clisin qanun yarad\u0131c\u0131l\u0131\u011f\u0131 i\u015find\u0259 vacib rol oynay\u0131rlar.<\/span><\/p>\n<p style=\"font-style: inherit; font-weight: inherit;\"><span style=\"font-style: inherit; font-weight: inherit;\">H\u0259r iki komit\u0259 indiy\u0259 q\u0259d\u0259r aidiyy\u0259ti \u00fczr\u0259 d\u00f6vl\u0259t h\u0259yat\u0131 \u00fc\u00e7\u00fcn m\u00fch\u00fcm qanun layih\u0259l\u0259ri haz\u0131rlay\u0131b, m\u00fczakir\u0259 edib v\u0259 parlamentin plenar iclaslar\u0131na t\u0259qdim edib. Plenar iclaslarda is\u0259 h\u0259min qanunlar q\u0259bul olunub. \u00dczv oldu\u011fum komit\u0259l\u0259rin yaz sessiyas\u0131 \u00fc\u00e7\u00fcn i\u015f plan\u0131nda da vacib m\u0259s\u0259l\u0259l\u0259r n\u0259z\u0259rd\u0259 tutulur. Hesab edir\u0259m ki, komit\u0259l\u0259r bu v\u0259zif\u0259l\u0259ri layiqinc\u0259 yerin\u0259 yetir\u0259c\u0259k.<\/span><\/p>\n<p style=\"font-style: inherit; font-weight: inherit;\"><b><strong><span style=\"font-style: inherit; font-weight: inherit;\">&#8211; VI \u00e7a\u011f\u0131r\u0131\u015f parlamentin qism\u0259tin\u0259 koronavirus, neftin k\u0259skin ucuzla\u015fmas\u0131 fonunda bir n\u00f6v f\u0259rqli, faktiki f\u00f6vq\u0259lad\u0259 formada \u00e7al\u0131\u015fmaq d\u00fc\u015fd\u00fc. Milli M\u0259clis bu qeyri-adi rejimind\u0259 n\u0259 q\u0259d\u0259r effektiv \u00e7al\u0131\u015fa bilir?<\/span><\/strong><\/b><\/p>\n<p style=\"font-style: inherit; font-weight: inherit;\"><span style=\"font-style: inherit; font-weight: inherit;\">&#8211; Do\u011frudur, haz\u0131rda \u00e7\u0259tin, m\u0259suliyy\u0259tli g\u00fcnl\u0259r ya\u015fay\u0131r\u0131q. B\u00fct\u00fcn d\u00fcnya b\u00f6y\u00fck riskl\u0259 \u00fcz-\u00fcz\u0259dir. Bu g\u00fcn koronovirus pandemiyas\u0131 d\u00fcnya \u00f6lk\u0259l\u0259rinin iqtisadiyyat\u0131na, sosial h\u0259yat\u0131na ciddi \u015f\u0259kild\u0259 t\u0259sir g\u00f6st\u0259rm\u0259kd\u0259dir. Haz\u0131rda d\u00fcnya birliyi bu t\u0259hl\u00fck\u0259d\u0259n xilas olmaq \u00fc\u00e7\u00fcn b\u00fct\u00fcn imkanlar\u0131n\u0131 s\u0259f\u0259rb\u0259r edir.<\/span><\/p>\n<p style=\"font-style: inherit; font-weight: inherit;\"><span style=\"font-style: inherit; font-weight: inherit;\">Bu m\u0259nada, Az\u0259rbaycanda da koronovirusa qar\u015f\u0131 g\u00fccl\u00fc m\u00fcbariz\u0259 apar\u0131l\u0131r, d\u00f6vl\u0259t t\u0259r\u0259find\u0259n \u00f6nl\u0259yici add\u0131mlar at\u0131l\u0131r. D\u00f6vl\u0259timiz bu problemin iqtisadiyyat\u0131m\u0131za v\u0259 sosial h\u0259yat\u0131m\u0131za z\u0259r\u0259r vurmamas\u0131 \u00fc\u00e7\u00fcn maksimum \u00e7al\u0131\u015f\u0131r. Prezident \u0130lham \u018fliyevin qeyd etdiyi kimi, \u201cBiz birlikd\u0259 g\u00fccl\u00fcy\u00fck!\u201d VI \u00e7a\u011f\u0131r\u0131\u015f Milli M\u0259clis d\u0259 bel\u0259 bir zamanda \u00fcz\u0259rin\u0259 d\u00fc\u015f\u0259n v\u0259zif\u0259l\u0259ri layiqinc\u0259 h\u0259yata ke\u00e7irm\u0259y\u0259 \u00e7al\u0131\u015f\u0131r. Komit\u0259l\u0259r daha \u00e7ox onlayn rejimd\u0259 f\u0259aliyy\u0259tl\u0259rin\u0259 davam edir, ax\u0131 h\u0259yat davam edir v\u0259 biz d\u0259 \u00f6z v\u0259zif\u0259l\u0259rimizi layiqinc\u0259 yerin\u0259 yetirm\u0259y\u0259 \u00e7al\u0131\u015f\u0131r\u0131q. Parlamentin plenar iclaslar\u0131 da m\u00fcnt\u0259z\u0259m olaraq ke\u00e7irilir v\u0259 d\u00f6vl\u0259tin, c\u0259miyy\u0259tin h\u0259yat\u0131 \u00fc\u00e7\u00fcn vacib qanunlar q\u0259bul edilir. D\u00fc\u015f\u00fcn\u00fcr\u0259m ki, Az\u0259rbaycan parlamenti bu \u00e7\u0259tin v\u0259 m\u0259suliyy\u0259tli d\u00f6vrd\u0259 \u015f\u0259r\u0259fl\u0259 f\u0259aliyy\u0259t g\u00f6st\u0259r\u0259c\u0259k.<\/span><\/p>\n<p style=\"font-style: inherit; font-weight: 600;\">\n<p><img loading=\"lazy\" class=\"alignnone size-medium wp-image-155362\" src=\"https:\/\/arantv.az\/wp-content\/uploads\/2020\/04\/1588058238841_u6FAtAgF-300x200.jpg\" alt=\"\" width=\"300\" height=\"200\" \/><img loading=\"lazy\" class=\"alignnone size-medium wp-image-155363\" src=\"https:\/\/arantv.az\/wp-content\/uploads\/2020\/04\/1588058239474_logT0ltH-300x200.jpg\" alt=\"\" width=\"300\" height=\"200\" \/><img loading=\"lazy\" class=\"alignnone size-medium wp-image-155364\" src=\"https:\/\/arantv.az\/wp-content\/uploads\/2020\/04\/1588058238210_zBOC5KH7-300x200.jpg\" alt=\"\" width=\"300\" height=\"200\" \/><\/p>\n","protected":false},"excerpt":{"rendered":"<p>Mill\u0259t v\u0259kili Fatma Y\u0131ld\u0131r\u0131m\u0131n\u00a0APA-ya m\u00fcsahib\u0259si &#8211; Bilirik ki, \u0259sl\u0259n \u015eu\u015fa rayonunun Mal\u0131b\u0259yli k\u0259ndind\u0259nsiniz. \u015eu\u015fan\u0131, Mal\u0131b\u0259ylini nec\u0259 xat\u0131rlay\u0131rs\u0131n\u0131z? &#8211; Az\u0259rbaycan\u0131n dilb\u0259r gu\u015f\u0259si olan \u015eu\u015fa, onun h\u0259r bir qar\u0131\u015f\u0131 m\u0259nim \u00fc\u00e7\u00fcn \u00e7ox \u0259zizdir. \u015eu\u015fa, Mal\u0131b\u0259yli il\u0259 ba\u011fl\u0131 unudulmaz anlar\u0131m, nisgilli xatir\u0259l\u0259rim var. Bu g\u00fcn \u015eu\u015fa i\u015f\u011fal alt\u0131ndad\u0131r. Ona g\u00f6r\u0259 d\u0259, bu haqda dan\u0131\u015fmaq m\u0259nim \u00fc\u00e7\u00fcn \u00e7ox \u00e7\u0259tindir. U\u015faql\u0131q ill\u0259rimin \u0259n g\u00f6z\u0259l g\u00fcnl\u0259ri Mal\u0131b\u0259ylid\u0259 ke\u00e7ib. H\u0259r d\u0259f\u0259 \u015eu\u015fa ad\u0131 \u00e7\u0259kil\u0259nd\u0259 Mayl\u0131b\u0259ylid\u0259ki Navl\u0131 bula\u011f\u0131, q\u0131zlarla birlikd\u0259 s\u0259h\u0259ngl\u0259 su da\u015f\u0131ma\u011f\u0131m\u0131z, ulu babalar\u0131m\u0131z\u0131n yatd\u0131\u011f\u0131 q\u0259biristanl\u0131q, oradak\u0131 qoca \u00e7inar a\u011fac\u0131 yad\u0131ma d\u00fc\u015f\u00fcr. \u018fn \u00e7ox xat\u0131rlad\u0131\u011f\u0131m is\u0259 Mal\u0131b\u0259ylid\u0259&hellip;<\/p>\n","protected":false},"author":2,"featured_media":155362,"comment_status":"closed","ping_status":"closed","sticky":false,"template":"","format":"standard","meta":{"om_disable_all_campaigns":false,"_monsterinsights_skip_tracking":false,"_monsterinsights_sitenote_active":false,"_monsterinsights_sitenote_note":"","_monsterinsights_sitenote_category":0},"categories":[19],"tags":[],"aioseo_notices":[],"gutentor_comment":0,"rttpg_featured_image_url":{"full":["https:\/\/arantv.az\/wp-content\/uploads\/2020\/04\/1588058238841_u6FAtAgF.jpg",749,500,false],"landscape":["https:\/\/arantv.az\/wp-content\/uploads\/2020\/04\/1588058238841_u6FAtAgF.jpg",749,500,false],"portraits":["https:\/\/arantv.az\/wp-content\/uploads\/2020\/04\/1588058238841_u6FAtAgF.jpg",749,500,false],"thumbnail":["https:\/\/arantv.az\/wp-content\/uploads\/2020\/04\/1588058238841_u6FAtAgF-150x150.jpg",150,150,true],"medium":["https:\/\/arantv.az\/wp-content\/uploads\/2020\/04\/1588058238841_u6FAtAgF-300x200.jpg",300,200,true],"large":["https:\/\/arantv.az\/wp-content\/uploads\/2020\/04\/1588058238841_u6FAtAgF.jpg",640,427,false],"1536x1536":["https:\/\/arantv.az\/wp-content\/uploads\/2020\/04\/1588058238841_u6FAtAgF.jpg",749,500,false],"2048x2048":["https:\/\/arantv.az\/wp-content\/uploads\/2020\/04\/1588058238841_u6FAtAgF.jpg",749,500,false],"post-thumbnail":["https:\/\/arantv.az\/wp-content\/uploads\/2020\/04\/1588058238841_u6FAtAgF-240x172.jpg",240,172,true],"advps-thumb-one":["https:\/\/arantv.az\/wp-content\/uploads\/2020\/04\/1588058238841_u6FAtAgF.jpg",749,500,false]},"rttpg_author":{"display_name":"V\u00fcsal Rafiqo\u011flu","author_link":"https:\/\/arantv.az\/?author=2"},"rttpg_comment":0,"rttpg_category":"<a href=\"https:\/\/arantv.az\/?cat=19\" rel=\"category\">G\u00fcnd\u0259m<\/a>","rttpg_excerpt":"Mill\u0259t v\u0259kili Fatma Y\u0131ld\u0131r\u0131m\u0131n\u00a0APA-ya m\u00fcsahib\u0259si &#8211; Bilirik ki, \u0259sl\u0259n \u015eu\u015fa rayonunun Mal\u0131b\u0259yli k\u0259ndind\u0259nsiniz. \u015eu\u015fan\u0131, Mal\u0131b\u0259ylini nec\u0259 xat\u0131rlay\u0131rs\u0131n\u0131z? &#8211; Az\u0259rbaycan\u0131n dilb\u0259r gu\u015f\u0259si olan \u015eu\u015fa, onun h\u0259r bir qar\u0131\u015f\u0131 m\u0259nim \u00fc\u00e7\u00fcn \u00e7ox \u0259zizdir. \u015eu\u015fa, Mal\u0131b\u0259yli il\u0259 ba\u011fl\u0131 unudulmaz anlar\u0131m, nisgilli xatir\u0259l\u0259rim var. Bu g\u00fcn \u015eu\u015fa i\u015f\u011fal alt\u0131ndad\u0131r. Ona g\u00f6r\u0259 d\u0259, bu haqda dan\u0131\u015fmaq m\u0259nim \u00fc\u00e7\u00fcn \u00e7ox \u00e7\u0259tindir.&hellip;","_links":{"self":[{"href":"https:\/\/arantv.az\/index.php?rest_route=\/wp\/v2\/posts\/155354"}],"collection":[{"href":"https:\/\/arantv.az\/index.php?rest_route=\/wp\/v2\/posts"}],"about":[{"href":"https:\/\/arantv.az\/index.php?rest_route=\/wp\/v2\/types\/post"}],"author":[{"embeddable":true,"href":"https:\/\/arantv.az\/index.php?rest_route=\/wp\/v2\/users\/2"}],"replies":[{"embeddable":true,"href":"https:\/\/arantv.az\/index.php?rest_route=%2Fwp%2Fv2%2Fcomments&post=155354"}],"version-history":[{"count":0,"href":"https:\/\/arantv.az\/index.php?rest_route=\/wp\/v2\/posts\/155354\/revisions"}],"wp:featuredmedia":[{"embeddable":true,"href":"https:\/\/arantv.az\/index.php?rest_route=\/wp\/v2\/media\/155362"}],"wp:attachment":[{"href":"https:\/\/arantv.az\/index.php?rest_route=%2Fwp%2Fv2%2Fmedia&parent=155354"}],"wp:term":[{"taxonomy":"category","embeddable":true,"href":"https:\/\/arantv.az\/index.php?rest_route=%2Fwp%2Fv2%2Fcategories&post=155354"},{"taxonomy":"post_tag","embeddable":true,"href":"https:\/\/arantv.az\/index.php?rest_route=%2Fwp%2Fv2%2Ftags&post=155354"}],"curies":[{"name":"wp","href":"https:\/\/api.w.org\/{rel}","templated":true}]}}