{"id":155357,"date":"2020-04-28T19:47:56","date_gmt":"2020-04-28T16:47:56","guid":{"rendered":"http:\/\/arantv.az\/?p=155357"},"modified":"2020-04-28T19:57:05","modified_gmt":"2020-04-28T16:57:05","slug":"bu-gun-guclu-qudr%c9%99tli-az%c9%99rbaycan-dovl%c9%99tinin-qarsisinda-erm%c9%99nistan-acizdir","status":"publish","type":"post","link":"https:\/\/arantv.az\/?p=155357","title":{"rendered":"\u201cBu g\u00fcn g\u00fccl\u00fc, q\u00fcdr\u0259tli Az\u0259rbaycan d\u00f6vl\u0259tinin qar\u015f\u0131s\u0131nda Erm\u0259nistan acizdir\u201d"},"content":{"rendered":"<p>\u201c<strong>Bir ne\u00e7\u0259 g\u00fcn \u00f6nc\u0259 Erm\u0259nistan\u0131n xarici i\u015fl\u0259r nazirinin s\u0259sl\u0259ndirdiyi b\u0259yanat bir daha onlar\u0131n i\u015f\u011fal\u00e7\u0131 mahiyy\u0259tini a\u00e7\u0131q \u015f\u0259kild\u0259 ifad\u0259 edir. B\u0259yanatda iddia olunur ki, Erm\u0259nistan i\u015f\u011fal etdiyi Az\u0259rbaycan torpaqlar\u0131n\u0131 azad etm\u0259y\u0259c\u0259k v\u0259 bu m\u0259s\u0259l\u0259d\u0259 g\u00fcz\u0259\u015ft etm\u0259y\u0259c\u0259k\u201d.<\/strong><\/p>\n<p><strong>ARANTV.AZ<\/strong> x\u0259b\u0259r verir ki, bunu deputat Fatma Y\u0131ld\u0131r\u0131m deyib. Onun s\u00f6zl\u0259rin\u0259 g\u00f6r\u0259, Rusiyan\u0131n xarici i\u015fl\u0259r naziri Sergey Lavrovun m\u00fcnaqi\u015f\u0259nin m\u0259rh\u0259l\u0259li yolla h\u0259llin\u0259 dair a\u00e7\u0131qlamas\u0131 v\u0259 ilkin m\u0259rh\u0259l\u0259d\u0259 Az\u0259rbaycan\u0131n bir ne\u00e7\u0259 rayonunun azad edilm\u0259sin\u0259 dair fikirl\u0259ri Minsk qrupunun t\u0259r\u0259fl\u0259r\u0259 t\u0259qdim etdiyi s\u00fclh plan\u0131nda \u00f6z \u0259ksini tap\u0131r.<\/p>\n<p>\u201cY\u0259ni, bu yeni m\u0259s\u0259l\u0259 deyil. Bel\u0259 bir halda, Erm\u0259nistan\u0131n xarici i\u015fl\u0259r nazirinin h\u0259min a\u00e7\u0131qlamas\u0131 i\u015f\u011fal\u00e7\u0131 \u00f6lk\u0259nin s\u00fclh dan\u0131\u015f\u0131qlar\u0131nda s\u0259mimi olmad\u0131\u011f\u0131n\u0131 v\u0259 m\u0259qs\u0259dinin yaln\u0131z m\u00fcnaqi\u015f\u0259nin h\u0259llini uzatmaq oldu\u011fu a\u00e7\u0131q \u015f\u0259kild\u0259 g\u00f6r\u00fcn\u00fcr. Bu m\u00f6vqe \u0259n az\u0131 Minsk qrupunun h\u0259ms\u0259drl\u0259rin\u0259 v\u0259 onlar\u0131n s\u00fclh t\u0259\u015f\u0259bb\u00fcs\u00fcn\u0259 a\u00e7\u0131q h\u00f6rm\u0259tsizlik v\u0259 saymamazl\u0131qd\u0131r. Dig\u0259r t\u0259r\u0259fd\u0259n, Erm\u0259nistan beyn\u0259lxalq h\u00fcquq normalar\u0131n\u0131 bu b\u0259yanatla bir daha ayaqlar alt\u0131na al\u0131r. Ona g\u00f6r\u0259 d\u0259, Minsk qrupunun h\u0259ms\u0259drl\u0259rinin Erm\u0259nistan\u0131n bu m\u00f6vqeyin\u0259 m\u00fcnasib\u0259t bildirm\u0259si \u015f\u0259rtdir. Erm\u0259nistan\u0131n xarici i\u015fl\u0259r naziri iddia edir ki, i\u015f\u011fal etdikl\u0259ri torpaqlar guya Da\u011fl\u0131q Qaraba\u011f \u0259halisinin t\u0259hl\u00fck\u0259sizliyini t\u0259min edir. Bu yana\u015fma, beyn\u0259lxalq qanunlara zidd olmaqla yana\u015f\u0131, he\u00e7 bir m\u0259ntiq\u0259 s\u0131\u011fm\u0131r.<\/p>\n<p>\u201cT\u0259hl\u00fck\u0259sizlik m\u0259qs\u0259di\u201d \u00fc\u00e7\u00fcn bir \u00f6lk\u0259nin \u0259razisini i\u015f\u011fal etm\u0259k, h\u0259min \u0259razid\u0259 ya\u015fayan dinc insanlar\u0131 q\u0259tl\u0259 yetirm\u0259k, do\u011fma yurdlar\u0131ndan qovmaq v\u0259 onlar\u0131n evl\u0259rini yand\u0131rmaq, m\u0259zarl\u0131qlar\u0131 da\u011f\u0131tmaq hans\u0131 qanunda yaz\u0131l\u0131b? Erm\u0259nistan\u0131n xarici i\u015fl\u0259r naziri dedikl\u0259rinin f\u0259rqind\u0259dirmi? M\u0259s\u0259l\u0259 ayd\u0131nd\u0131r : Az\u0259rbaycan Prezidenti c\u0259nab \u0130lham \u018fliyevin h\u0259yata ke\u00e7irdiyi q\u0259tiyy\u0259tli siyas\u0259t, d\u00f6vl\u0259timizin ba\u015f\u00e7\u0131s\u0131n\u0131n Erm\u0259nistan\u0131n i\u015f\u011fal\u00e7\u0131 mahiyy\u0259tini b\u00fct\u00fcn d\u00fcnyada if\u015fa etm\u0259si t\u0259cav\u00fczkarlar\u0131 \u00e7\u0131x\u0131lmaz duruma d\u00fc\u015f\u00fcr\u00fcb. X\u00fcsusil\u0259, Valday Beyn\u0259lxalq Diskussiya Klubunda v\u0259 M\u00fcnxen T\u0259hl\u00fck\u0259sizlik Konfrans\u0131nda biz bunun \u015fahidi olduq. B\u00fct\u00fcn bunlar onu g\u00f6st\u0259rir ki, Erm\u0259nistan art\u0131q \u00e7\u0131x\u0131lmaz durumdad\u0131r v\u0259 onun r\u0259hb\u0259rliyi n\u0259 dan\u0131\u015fd\u0131\u011f\u0131n\u0131n f\u0259rqind\u0259 deyil. Bu da i\u015f\u011fal\u00e7\u0131 \u00f6lk\u0259ni u\u00e7uruma s\u00fcr\u00fckl\u0259yir. Bu g\u00fcn g\u00fccl\u00fc, q\u00fcdr\u0259tli Az\u0259rbaycan d\u00f6vl\u0259tinin qar\u015f\u0131s\u0131nda Erm\u0259nistan acizdir.<\/p>\n<p>O h\u0259r m\u0259nada Az\u0259rbaycana uduzur. G\u00fccl\u00fc ordumuz q\u0131sa m\u00fcdd\u0259td\u0259 torpaqlar\u0131m\u0131z\u0131 i\u015f\u011faldan azad etm\u0259y\u0259 qadirdir! Amma d\u00f6vl\u0259timiz s\u00fclh m\u0259raml\u0131d\u0131r v\u0259 qan t\u00f6k\u00fclm\u0259sini ist\u0259mir. Bunu Erm\u0259nistan\u0131n r\u0259hb\u0259rliyi n\u0259 q\u0259d\u0259r tez anlasa o q\u0259d\u0259r yax\u015f\u0131 olar!\u201dxalq.az<\/p>\n","protected":false},"excerpt":{"rendered":"<p>\u201cBir ne\u00e7\u0259 g\u00fcn \u00f6nc\u0259 Erm\u0259nistan\u0131n xarici i\u015fl\u0259r nazirinin s\u0259sl\u0259ndirdiyi b\u0259yanat bir daha onlar\u0131n i\u015f\u011fal\u00e7\u0131 mahiyy\u0259tini a\u00e7\u0131q \u015f\u0259kild\u0259 ifad\u0259 edir. B\u0259yanatda iddia olunur ki, Erm\u0259nistan i\u015f\u011fal etdiyi Az\u0259rbaycan torpaqlar\u0131n\u0131 azad etm\u0259y\u0259c\u0259k v\u0259 bu m\u0259s\u0259l\u0259d\u0259 g\u00fcz\u0259\u015ft etm\u0259y\u0259c\u0259k\u201d. ARANTV.AZ x\u0259b\u0259r verir ki, bunu deputat Fatma Y\u0131ld\u0131r\u0131m deyib. Onun s\u00f6zl\u0259rin\u0259 g\u00f6r\u0259, Rusiyan\u0131n xarici i\u015fl\u0259r naziri Sergey Lavrovun m\u00fcnaqi\u015f\u0259nin m\u0259rh\u0259l\u0259li yolla h\u0259llin\u0259 dair a\u00e7\u0131qlamas\u0131 v\u0259 ilkin m\u0259rh\u0259l\u0259d\u0259 Az\u0259rbaycan\u0131n bir ne\u00e7\u0259 rayonunun azad edilm\u0259sin\u0259 dair fikirl\u0259ri Minsk qrupunun t\u0259r\u0259fl\u0259r\u0259 t\u0259qdim etdiyi s\u00fclh plan\u0131nda \u00f6z \u0259ksini tap\u0131r. \u201cY\u0259ni, bu yeni m\u0259s\u0259l\u0259 deyil. Bel\u0259 bir halda, Erm\u0259nistan\u0131n xarici&hellip;<\/p>\n","protected":false},"author":2,"featured_media":155365,"comment_status":"closed","ping_status":"closed","sticky":false,"template":"","format":"standard","meta":{"om_disable_all_campaigns":false,"_monsterinsights_skip_tracking":false,"_monsterinsights_sitenote_active":false,"_monsterinsights_sitenote_note":"","_monsterinsights_sitenote_category":0},"categories":[1],"tags":[],"aioseo_notices":[],"gutentor_comment":0,"rttpg_featured_image_url":{"full":["https:\/\/arantv.az\/wp-content\/uploads\/2020\/04\/94640251_156475592539699_976242531622715392_n.jpg",960,959,false],"landscape":["https:\/\/arantv.az\/wp-content\/uploads\/2020\/04\/94640251_156475592539699_976242531622715392_n.jpg",960,959,false],"portraits":["https:\/\/arantv.az\/wp-content\/uploads\/2020\/04\/94640251_156475592539699_976242531622715392_n.jpg",960,959,false],"thumbnail":["https:\/\/arantv.az\/wp-content\/uploads\/2020\/04\/94640251_156475592539699_976242531622715392_n-150x150.jpg",150,150,true],"medium":["https:\/\/arantv.az\/wp-content\/uploads\/2020\/04\/94640251_156475592539699_976242531622715392_n-300x300.jpg",300,300,true],"large":["https:\/\/arantv.az\/wp-content\/uploads\/2020\/04\/94640251_156475592539699_976242531622715392_n.jpg",640,639,false],"1536x1536":["https:\/\/arantv.az\/wp-content\/uploads\/2020\/04\/94640251_156475592539699_976242531622715392_n.jpg",960,959,false],"2048x2048":["https:\/\/arantv.az\/wp-content\/uploads\/2020\/04\/94640251_156475592539699_976242531622715392_n.jpg",960,959,false],"post-thumbnail":["https:\/\/arantv.az\/wp-content\/uploads\/2020\/04\/94640251_156475592539699_976242531622715392_n-240x172.jpg",240,172,true],"advps-thumb-one":["https:\/\/arantv.az\/wp-content\/uploads\/2020\/04\/94640251_156475592539699_976242531622715392_n-960x620.jpg",960,620,true]},"rttpg_author":{"display_name":"V\u00fcsal Rafiqo\u011flu","author_link":"https:\/\/arantv.az\/?author=2"},"rttpg_comment":0,"rttpg_category":"<a href=\"https:\/\/arantv.az\/?cat=1\" rel=\"category\">C\u0259miyy\u0259t<\/a>","rttpg_excerpt":"\u201cBir ne\u00e7\u0259 g\u00fcn \u00f6nc\u0259 Erm\u0259nistan\u0131n xarici i\u015fl\u0259r nazirinin s\u0259sl\u0259ndirdiyi b\u0259yanat bir daha onlar\u0131n i\u015f\u011fal\u00e7\u0131 mahiyy\u0259tini a\u00e7\u0131q \u015f\u0259kild\u0259 ifad\u0259 edir. B\u0259yanatda iddia olunur ki, Erm\u0259nistan i\u015f\u011fal etdiyi Az\u0259rbaycan torpaqlar\u0131n\u0131 azad etm\u0259y\u0259c\u0259k v\u0259 bu m\u0259s\u0259l\u0259d\u0259 g\u00fcz\u0259\u015ft etm\u0259y\u0259c\u0259k\u201d. ARANTV.AZ x\u0259b\u0259r verir ki, bunu deputat Fatma Y\u0131ld\u0131r\u0131m deyib. Onun s\u00f6zl\u0259rin\u0259 g\u00f6r\u0259, Rusiyan\u0131n xarici i\u015fl\u0259r naziri Sergey Lavrovun m\u00fcnaqi\u015f\u0259nin m\u0259rh\u0259l\u0259li&hellip;","_links":{"self":[{"href":"https:\/\/arantv.az\/index.php?rest_route=\/wp\/v2\/posts\/155357"}],"collection":[{"href":"https:\/\/arantv.az\/index.php?rest_route=\/wp\/v2\/posts"}],"about":[{"href":"https:\/\/arantv.az\/index.php?rest_route=\/wp\/v2\/types\/post"}],"author":[{"embeddable":true,"href":"https:\/\/arantv.az\/index.php?rest_route=\/wp\/v2\/users\/2"}],"replies":[{"embeddable":true,"href":"https:\/\/arantv.az\/index.php?rest_route=%2Fwp%2Fv2%2Fcomments&post=155357"}],"version-history":[{"count":0,"href":"https:\/\/arantv.az\/index.php?rest_route=\/wp\/v2\/posts\/155357\/revisions"}],"wp:featuredmedia":[{"embeddable":true,"href":"https:\/\/arantv.az\/index.php?rest_route=\/wp\/v2\/media\/155365"}],"wp:attachment":[{"href":"https:\/\/arantv.az\/index.php?rest_route=%2Fwp%2Fv2%2Fmedia&parent=155357"}],"wp:term":[{"taxonomy":"category","embeddable":true,"href":"https:\/\/arantv.az\/index.php?rest_route=%2Fwp%2Fv2%2Fcategories&post=155357"},{"taxonomy":"post_tag","embeddable":true,"href":"https:\/\/arantv.az\/index.php?rest_route=%2Fwp%2Fv2%2Ftags&post=155357"}],"curies":[{"name":"wp","href":"https:\/\/api.w.org\/{rel}","templated":true}]}}