{"id":155397,"date":"2020-04-28T21:39:53","date_gmt":"2020-04-28T18:39:53","guid":{"rendered":"http:\/\/arantv.az\/?p=155397"},"modified":"2020-04-28T21:39:53","modified_gmt":"2020-04-28T18:39:53","slug":"oqtay-sir%c9%99liyev-turkdilli-dovl%c9%99tl%c9%99rin-s%c9%99hiyy%c9%99-nazirlikl%c9%99ri-arasinda-yeni-qurum-yaradilacaq","status":"publish","type":"post","link":"https:\/\/arantv.az\/?p=155397","title":{"rendered":"Oqtay \u015eir\u0259liyev: T\u00fcrkdilli d\u00f6vl\u0259tl\u0259rin S\u0259hiyy\u0259 nazirlikl\u0259ri aras\u0131nda yeni qurum yarad\u0131lacaq"},"content":{"rendered":"<p>T\u00fcrkdilli d\u00f6vl\u0259tl\u0259rin s\u0259hiyy\u0259 nazirlikl\u0259ri aras\u0131nda yeni qurum yarad\u0131lacaq.<\/p>\n<p>ARANTV.AZ\u00a0<a href=\"http:\/\/az.trend.az\/\" target=\"_blank\" rel=\"noopener\">Trend<\/a>-\u0259 istinad\u0259n bildirir ki,\u00a0bunu AzTV-nin &#8220;H\u0259d\u0259f&#8221; verili\u015finin qona\u011f\u0131 olan S\u0259hiyy\u0259 naziri Oqtay \u015eir\u0259liyev deyib.<\/p>\n<p>Nazir bu g\u00fcn ba\u015f tutan T\u00fcrkdilli d\u00f6vl\u0259tl\u0259rin s\u0259hiyy\u0259 nazirl\u0259rinin g\u00f6r\u00fc\u015f\u00fc haqq\u0131nda m\u0259lumat verib. O bildirib ki, bu g\u00f6r\u00fc\u015fd\u0259ki m\u00fczakir\u0259l\u0259r b\u00f6y\u00fck \u0259h\u0259miyy\u0259t\u0259 malikdir:<\/p>\n<p>&#8220;Bildiyiniz kimi, Prezident \u0130lham \u018fliyevin t\u0259\u015f\u0259bb\u00fcs\u00fc il\u0259 aprelin 10-da T\u00fcrk \u015euras\u0131n\u0131n videokonfrans vasit\u0259sil\u0259 f\u00f6vq\u0259lad\u0259 Zirv\u0259 g\u00f6r\u00fc\u015f\u00fc ke\u00e7irilib. Zirv\u0259 g\u00f6r\u00fc\u015f\u00fc koronavirus pandemiyas\u0131 il\u0259 m\u00fcbariz\u0259 m\u00f6vzusuna h\u0259sr olunub. Bu g\u00f6r\u00fc\u015fd\u0259 Prezident \u0130lham \u018fliyevin t\u0259klifi idi ki, h\u0259min \u00f6lk\u0259l\u0259rin S\u0259hiyy\u0259 nazirl\u0259ri d\u0259 videokonfransla g\u00f6r\u00fc\u015f\u0259r\u0259k pandemiya il\u0259 ba\u011fl\u0131 \u00f6z fikirl\u0259rini b\u00f6l\u00fc\u015fs\u00fcnl\u0259r. \u00c7ox q\u0131sa vaxtda \u00f6lk\u0259l\u0259rl\u0259 \u0259laq\u0259 saxlan\u0131ld\u0131 v\u0259 bu fikir h\u0259min \u00f6lk\u0259l\u0259r t\u0259r\u0259find\u0259n d\u0259 m\u0259mnuniyy\u0259tl\u0259 d\u0259st\u0259kl\u0259ndil\u0259r. Bu g\u00fcn g\u00f6r\u00fc\u015f ba\u015f tutdu. G\u00f6r\u00fc\u015fd\u0259 T\u00fcrkdilli d\u00f6vl\u0259tl\u0259rin s\u0259hiyy\u0259 r\u0259hb\u0259rl\u0259ri il\u0259 yana\u015f\u0131, \u00dcmumd\u00fcnya S\u0259hiyy\u0259 T\u0259\u015fkilat\u0131n\u0131n (\u00dcST) Avropa Regional B\u00fcrosunun direktoru Hans Kl\u00fcqe d\u0259 i\u015ftirak edib. O, Az\u0259rbaycanda d\u0259f\u0259l\u0259rl\u0259 olub v\u0259 vur\u011fulay\u0131b ki, Az\u0259rbaycan Prezidentinin s\u0259hiyy\u0259y\u0259 olan d\u0259st\u0259yinin \u015fahidi olub. Bu d\u0259st\u0259yin n\u0259tic\u0259sind\u0259 s\u0259hiyy\u0259nin burada g\u00f6z\u0259l infrastrukturu var, eyni zamanda g\u00fccl\u00fc, \u00e7evikdir&#8221;.<\/p>\n<p>Oqtay \u015eir\u0259liyev qeyd edib ki, g\u00f6r\u00fc\u015f maraql\u0131 ke\u00e7ib v\u0259 m\u00fczakir\u0259l\u0259r zaman\u0131 suallar olduqca \u00e7ox idi. Bundan \u0259lav\u0259 yeni q\u0259rarlar q\u0259bul edildi:<\/p>\n<p>&#8220;Birinci vitse-prezident Mehriban xan\u0131m \u018fliyevan\u0131n da dediyi kimi, baxmayaraq ki, bu q\u0259d\u0259r informasiya bollu\u011fu var, amma suallar cavablardan daha \u00e7oxdur. \u0130lk n\u00f6vb\u0259d\u0259 b\u00fct\u00fcn i\u015ftirak\u00e7\u0131lar\u0131 maraqland\u0131ran sual epidemiyan\u0131n qar\u015f\u0131s\u0131n\u0131n bizim \u00f6lk\u0259l\u0259rd\u0259 \u00f6nc\u0259 al\u0131nmas\u0131 m\u0259s\u0259l\u0259si idi. Do\u011furdan da qeyd etm\u0259k laz\u0131md\u0131r ki, probleml\u0259r v\u0259 ona yana\u015fma da birdir. \u0130lk n\u00f6vb\u0259d\u0259 b\u00fct\u00fcn \u00f6lk\u0259l\u0259rd\u0259 \u0259sas m\u0259qs\u0259d x\u0259st\u0259liyin daxil olmas\u0131n\u0131n qar\u015f\u0131s\u0131n\u0131n al\u0131nmas\u0131 idi. Birinci m\u0259rh\u0259l\u0259 \u00f6lk\u0259y\u0259 g\u0259l\u0259nl\u0259rin yoxlan\u0131lmas\u0131, karantin t\u0259dbirl\u0259ri v\u0259 s\u0259rh\u0259dl\u0259rin ba\u011flanmas\u0131 idi. \u0130kinci m\u0259h\u0259l\u0259d\u0259 daxild\u0259 yay\u0131lman\u0131n qar\u015f\u0131s\u0131n\u0131n al\u0131nmas\u0131 idi.<\/p>\n<div><\/div>\n<p>Bu g\u00fcn ba\u015f tutan g\u00f6r\u00fc\u015fd\u0259 i\u015ftirak ed\u0259n b\u00fct\u00fcn \u00f6lk\u0259l\u0259r bu bar\u0259d\u0259 dan\u0131\u015f\u0131b \u00f6z fikirl\u0259rini b\u00f6l\u00fc\u015fd\u00fcl\u0259r. Burada ba\u015fqa, m\u00f6vzular da m\u00fczakir\u0259 edildi. \u018fn \u0259sas\u0131 b\u00fct\u00fcn i\u015ftirak\u00e7\u0131lar d\u0259f\u0259l\u0259rl\u0259 vur\u011fulad\u0131 ki, indiki d\u00f6vrd\u0259 birg\u0259 f\u0259aliyy\u0259t, birg\u0259 informasiya m\u00fcbadil\u0259si vacibdir. \u018flb\u0259tt\u0259 ki, bir g\u00f6r\u00fc\u015fd\u0259 b\u00fct\u00fcn bunlar\u0131 \u0259hat\u0259 etm\u0259k \u00e7\u0259tindir.<\/p>\n<p>C\u0259nab Prezidentin bel\u0259 bir t\u0259klifi oldu ki, s\u0259hiyy\u0259 nazirlikl\u0259ri aras\u0131nda bir ekspert qurumu yarad\u0131ls\u0131n. B\u00fct\u00fcn infeksiyalara qar\u015f\u0131 \u00fcmumi strategiya yarad\u0131ls\u0131n, b\u00fct\u00fcn \u0259sas m\u0259lumatlar, epidemioloji n\u0259zar\u0259t, profilaktika, yeni m\u00fcalic\u0259 \u00fcsullar\u0131 v\u0259 s. m\u00fczakir\u0259 edilsin. B\u00fct\u00fcn i\u015ftirak\u00e7ilar bu t\u0259klifi d\u0259st\u0259kl\u0259di v\u0259 t\u0259r\u0259fl\u0259rin ekspertl\u0259rind\u0259n ibar\u0259t Birg\u0259 \u0130\u015f\u00e7i Qrupunun yarad\u0131lmas\u0131 q\u0259rara al\u0131nd\u0131&#8221;.<\/p>\n","protected":false},"excerpt":{"rendered":"<p>T\u00fcrkdilli d\u00f6vl\u0259tl\u0259rin s\u0259hiyy\u0259 nazirlikl\u0259ri aras\u0131nda yeni qurum yarad\u0131lacaq. ARANTV.AZ\u00a0Trend-\u0259 istinad\u0259n bildirir ki,\u00a0bunu AzTV-nin &#8220;H\u0259d\u0259f&#8221; verili\u015finin qona\u011f\u0131 olan S\u0259hiyy\u0259 naziri Oqtay \u015eir\u0259liyev deyib. Nazir bu g\u00fcn ba\u015f tutan T\u00fcrkdilli d\u00f6vl\u0259tl\u0259rin s\u0259hiyy\u0259 nazirl\u0259rinin g\u00f6r\u00fc\u015f\u00fc haqq\u0131nda m\u0259lumat verib. O bildirib ki, bu g\u00f6r\u00fc\u015fd\u0259ki m\u00fczakir\u0259l\u0259r b\u00f6y\u00fck \u0259h\u0259miyy\u0259t\u0259 malikdir: &#8220;Bildiyiniz kimi, Prezident \u0130lham \u018fliyevin t\u0259\u015f\u0259bb\u00fcs\u00fc il\u0259 aprelin 10-da T\u00fcrk \u015euras\u0131n\u0131n videokonfrans vasit\u0259sil\u0259 f\u00f6vq\u0259lad\u0259 Zirv\u0259 g\u00f6r\u00fc\u015f\u00fc ke\u00e7irilib. Zirv\u0259 g\u00f6r\u00fc\u015f\u00fc koronavirus pandemiyas\u0131 il\u0259 m\u00fcbariz\u0259 m\u00f6vzusuna h\u0259sr olunub. Bu g\u00f6r\u00fc\u015fd\u0259 Prezident \u0130lham \u018fliyevin t\u0259klifi idi ki, h\u0259min \u00f6lk\u0259l\u0259rin S\u0259hiyy\u0259 nazirl\u0259ri d\u0259 videokonfransla g\u00f6r\u00fc\u015f\u0259r\u0259k pandemiya il\u0259 ba\u011fl\u0131 \u00f6z fikirl\u0259rini&hellip;<\/p>\n","protected":false},"author":2,"featured_media":155398,"comment_status":"closed","ping_status":"closed","sticky":false,"template":"","format":"standard","meta":{"om_disable_all_campaigns":false,"_monsterinsights_skip_tracking":false,"_monsterinsights_sitenote_active":false,"_monsterinsights_sitenote_note":"","_monsterinsights_sitenote_category":0},"categories":[13],"tags":[],"aioseo_notices":[],"gutentor_comment":0,"rttpg_featured_image_url":{"full":["https:\/\/arantv.az\/wp-content\/uploads\/2020\/04\/374904033.jpg",800,600,false],"landscape":["https:\/\/arantv.az\/wp-content\/uploads\/2020\/04\/374904033.jpg",800,600,false],"portraits":["https:\/\/arantv.az\/wp-content\/uploads\/2020\/04\/374904033.jpg",800,600,false],"thumbnail":["https:\/\/arantv.az\/wp-content\/uploads\/2020\/04\/374904033-150x150.jpg",150,150,true],"medium":["https:\/\/arantv.az\/wp-content\/uploads\/2020\/04\/374904033-300x225.jpg",300,225,true],"large":["https:\/\/arantv.az\/wp-content\/uploads\/2020\/04\/374904033.jpg",640,480,false],"1536x1536":["https:\/\/arantv.az\/wp-content\/uploads\/2020\/04\/374904033.jpg",800,600,false],"2048x2048":["https:\/\/arantv.az\/wp-content\/uploads\/2020\/04\/374904033.jpg",800,600,false],"post-thumbnail":["https:\/\/arantv.az\/wp-content\/uploads\/2020\/04\/374904033-240x172.jpg",240,172,true],"advps-thumb-one":["https:\/\/arantv.az\/wp-content\/uploads\/2020\/04\/374904033.jpg",800,600,false]},"rttpg_author":{"display_name":"V\u00fcsal Rafiqo\u011flu","author_link":"https:\/\/arantv.az\/?author=2"},"rttpg_comment":0,"rttpg_category":"<a href=\"https:\/\/arantv.az\/?cat=13\" rel=\"category\">Bizim h\u0259kim<\/a>","rttpg_excerpt":"T\u00fcrkdilli d\u00f6vl\u0259tl\u0259rin s\u0259hiyy\u0259 nazirlikl\u0259ri aras\u0131nda yeni qurum yarad\u0131lacaq. ARANTV.AZ\u00a0Trend-\u0259 istinad\u0259n bildirir ki,\u00a0bunu AzTV-nin &#8220;H\u0259d\u0259f&#8221; verili\u015finin qona\u011f\u0131 olan S\u0259hiyy\u0259 naziri Oqtay \u015eir\u0259liyev deyib. Nazir bu g\u00fcn ba\u015f tutan T\u00fcrkdilli d\u00f6vl\u0259tl\u0259rin s\u0259hiyy\u0259 nazirl\u0259rinin g\u00f6r\u00fc\u015f\u00fc haqq\u0131nda m\u0259lumat verib. O bildirib ki, bu g\u00f6r\u00fc\u015fd\u0259ki m\u00fczakir\u0259l\u0259r b\u00f6y\u00fck \u0259h\u0259miyy\u0259t\u0259 malikdir: &#8220;Bildiyiniz kimi, Prezident \u0130lham \u018fliyevin t\u0259\u015f\u0259bb\u00fcs\u00fc il\u0259 aprelin 10-da T\u00fcrk \u015euras\u0131n\u0131n&hellip;","_links":{"self":[{"href":"https:\/\/arantv.az\/index.php?rest_route=\/wp\/v2\/posts\/155397"}],"collection":[{"href":"https:\/\/arantv.az\/index.php?rest_route=\/wp\/v2\/posts"}],"about":[{"href":"https:\/\/arantv.az\/index.php?rest_route=\/wp\/v2\/types\/post"}],"author":[{"embeddable":true,"href":"https:\/\/arantv.az\/index.php?rest_route=\/wp\/v2\/users\/2"}],"replies":[{"embeddable":true,"href":"https:\/\/arantv.az\/index.php?rest_route=%2Fwp%2Fv2%2Fcomments&post=155397"}],"version-history":[{"count":0,"href":"https:\/\/arantv.az\/index.php?rest_route=\/wp\/v2\/posts\/155397\/revisions"}],"wp:featuredmedia":[{"embeddable":true,"href":"https:\/\/arantv.az\/index.php?rest_route=\/wp\/v2\/media\/155398"}],"wp:attachment":[{"href":"https:\/\/arantv.az\/index.php?rest_route=%2Fwp%2Fv2%2Fmedia&parent=155397"}],"wp:term":[{"taxonomy":"category","embeddable":true,"href":"https:\/\/arantv.az\/index.php?rest_route=%2Fwp%2Fv2%2Fcategories&post=155397"},{"taxonomy":"post_tag","embeddable":true,"href":"https:\/\/arantv.az\/index.php?rest_route=%2Fwp%2Fv2%2Ftags&post=155397"}],"curies":[{"name":"wp","href":"https:\/\/api.w.org\/{rel}","templated":true}]}}