{"id":155408,"date":"2020-04-28T21:42:50","date_gmt":"2020-04-28T18:42:50","guid":{"rendered":"http:\/\/arantv.az\/?p=155408"},"modified":"2020-04-28T21:42:50","modified_gmt":"2020-04-28T18:42:50","slug":"prezident-ilham-%c9%99liyev-hazirda-iqtisadi-inkisafimizin-%c9%99sas-m%c9%99qs%c9%99dl%c9%99rind%c9%99n-biri-kolg%c9%99-iqtisadiyyatinin-miqyasinin-azaldilmasidir","status":"publish","type":"post","link":"https:\/\/arantv.az\/?p=155408","title":{"rendered":"Prezident \u0130lham \u018fliyev: Haz\u0131rda iqtisadi inki\u015faf\u0131m\u0131z\u0131n \u0259sas m\u0259qs\u0259dl\u0259rind\u0259n biri k\u00f6lg\u0259 iqtisadiyyat\u0131n\u0131n miqyas\u0131n\u0131n azald\u0131lmas\u0131d\u0131r"},"content":{"rendered":"<p>Haz\u0131rda iqtisadi inki\u015faf\u0131m\u0131z\u0131n \u0259sas m\u0259qs\u0259dl\u0259rind\u0259n biri k\u00f6lg\u0259 iqtisadiyyat\u0131n\u0131n miqyas\u0131n\u0131n azald\u0131lmas\u0131d\u0131r.<\/p>\n<p><a href=\"http:\/\/azertag.az\/\" target=\"_blank\" rel=\"noopener\"><strong>ARANTV.AZ<\/strong> AZ\u018fRTAC<\/a>-a istinad\u0259n bildirir ki,\u00a0bunu Az\u0259rbaycan Prezidenti \u0130lham \u018fliyev aprelin 28-d\u0259 Avropa Yenid\u0259nqurma v\u0259 \u0130nki\u015faf Bank\u0131n\u0131n prezidentinin t\u0259\u015f\u0259bb\u00fcs\u00fc il\u0259 ke\u00e7iril\u0259n videokonfransda deyib.<\/p>\n<p>Prezident \u0130lham \u018fliyev qeyd edib:<\/p>\n<p>&#8220;\u00d6t\u0259n il biz yax\u015f\u0131 ir\u0259lil\u0259yi\u015f\u0259 nail olduq. Bu il is\u0259 biz bu istiqam\u0259td\u0259 \u00e7ox u\u011furla ir\u0259lil\u0259yirik. Az\u0259rbaycanda \u00e7oxlu d\u0259yi\u015fiklikl\u0259r olub. Prezident Administrasiyas\u0131nda, h\u00f6kum\u0259td\u0259, parlamentd\u0259, yerli icra hakimiyy\u0259ti orqanlar\u0131nda d\u0259yi\u015fiklikl\u0259r ba\u015f verib. Onlar davam edir.<\/p>\n<p>G\u0259l\u0259c\u0259k planlara g\u0259ldikd\u0259, m\u0259n, h\u0259m\u00e7inin \u015f\u0259xs\u0259n siz\u0259, bank\u0131n r\u0259hb\u0259rliyin\u0259 Az\u0259rbaycana \u00f6n\u0259m verdiyiniz\u0259 g\u00f6r\u0259 t\u0259\u015f\u0259kk\u00fcr\u00fcm\u00fc bildirm\u0259k ist\u0259yir\u0259m. \u018fn vacib infrastruktur v\u0259 enerji infrastrukturu layih\u0259l\u0259rin\u0259, o c\u00fcml\u0259d\u0259n C\u0259nub Qaz D\u0259hlizin\u0259 d\u0259st\u0259k verdiyiniz\u0259 g\u00f6r\u0259 siz\u0259 \u00e7ox minn\u0259tdar\u0131q.<\/p>\n<p>\u0130ndi is\u0259 biz raz\u0131la\u015fd\u0131rd\u0131r\u0131lm\u0131\u015f g\u00fcnd\u0259liy\u0259 ke\u00e7irik. M\u0259n d\u0259 planlar\u0131m\u0131zla ba\u011fl\u0131 dedikl\u0259rinizi \u015f\u0259rh etm\u0259k ist\u0259rdim. Ya\u015f\u0131l proqrama g\u0259ldikd\u0259, biz bu m\u0259s\u0259l\u0259y\u0259 \u00e7ox ciddi yana\u015f\u0131r\u0131q. M\u0259n\u0259 m\u0259lumat verildi ki, haz\u0131rda bizd\u0259 9 layih\u0259 var. G\u0259nc\u0259d\u0259 tullant\u0131lar\u0131n idar\u0259 edilm\u0259si layih\u0259sin\u0259 art\u0131q ya\u015f\u0131l i\u015f\u0131q yand\u0131r\u0131l\u0131b. &#8220;G\u0259nc\u0259 &#8211; Ya\u015f\u0131l \u015e\u0259h\u0259r&#8221;, fikrimc\u0259, Az\u0259rbaycan\u0131n dig\u0259r b\u00f6y\u00fck \u015f\u0259h\u0259rl\u0259ri \u00fc\u00e7\u00fcn yax\u015f\u0131 n\u00fcmun\u0259 ola bil\u0259r. B\u0259rpa olunan enerjiy\u0259 g\u0259ldikd\u0259, biz buna \u00e7ox h\u0259v\u0259sl\u0259 yana\u015f\u0131r\u0131q. Bu, indi d\u0259 bel\u0259dir. Yanvarda biz b\u0259rpa olunan enerji sah\u0259sind\u0259 iki t\u0259cr\u00fcb\u0259li \u015firk\u0259tl\u0259 440 meqavatl\u0131q g\u00fcn\u0259\u015f v\u0259 k\u00fcl\u0259k enerjisi stansiyalar\u0131n\u0131n tikintisi il\u0259 \u0259laq\u0259dar ilkin s\u0259n\u0259dl\u0259ri imzalad\u0131q. Bildiyim q\u0259d\u0259r, Avropa Yenid\u0259nqurma v\u0259 \u0130nki\u015faf Bank\u0131 onlara d\u0259st\u0259k verm\u0259yi planla\u015fd\u0131r\u0131r. \u00c7ox vacibdir ki, bu koronavirus h\u0259min \u015firk\u0259tl\u0259rin plan\u0131na m\u00fcdaxil\u0259 etm\u0259sin. Bir ne\u00e7\u0259 g\u00fcn \u00f6nc\u0259 Energetika nazirimiz m\u0259n\u0259 m\u0259lumat verdi ki, onlar \u00f6hd\u0259likl\u0259rin\u0259 ciddi yana\u015f\u0131rlar. Bu, \u0259lb\u0259tt\u0259 ki, dig\u0259r b\u00f6y\u00fck \u015firk\u0259tl\u0259r \u00fc\u00e7\u00fcn d\u0259 geni\u015f qap\u0131lar\u0131 a\u00e7acaq. Y\u0259qin bilirsiniz ki, tender prosesind\u0259 i\u015ftirak ed\u0259n 7 \u0259sas enerji \u015firk\u0259ti var idi. Bu d\u0259f\u0259 ke\u00e7m\u0259y\u0259n \u015firk\u0259tl\u0259r\u0259 g\u0259ldikd\u0259, biz onlara ayr\u0131ca olaraq n\u00f6vb\u0259ti dan\u0131\u015f\u0131qlar\u0131n apar\u0131lmas\u0131 t\u0259klifi il\u0259 m\u00fcraci\u0259t etmi\u015fik. H\u0259m\u00e7inin sizin o fikirl\u0259 raz\u0131yam ki, bu b\u00f6hran d\u00f6vr\u00fcnd\u0259 biz \u00e7ox ciddi t\u0259dbirl\u0259r g\u00f6rm\u0259liyik. Biz s\u0259yl\u0259rimizi s\u0259f\u0259rb\u0259r etm\u0259liyik v\u0259 daha \u00e7ox v\u0259sait s\u0259rf etm\u0259liyik ki, b\u00f6hrandan \u00e7ox asan \u00e7\u0131x\u0131\u015f yolu tapa bil\u0259k. Bu, el\u0259 bir v\u0259ziyy\u0259tdir ki, he\u00e7 k\u0259s buna haz\u0131r deyildi. Biz bu v\u0259ziyy\u0259td\u0259n nec\u0259 \u00e7\u0131xaca\u011f\u0131q, f\u0259sadlar\u0131 hans\u0131 olacaq, f\u0259sadlar\u0131 nec\u0259 qiym\u0259tl\u0259ndirm\u0259liyik, prioritetl\u0259ri nec\u0259 planla\u015fd\u0131rmal\u0131y\u0131q. Buna g\u00f6r\u0259 c\u0259nab prezident, bizim bank\u0131n v\u0259 sizin d\u0259st\u0259yiniz\u0259, ekspert yard\u0131m\u0131n\u0131za ehtiyac\u0131m\u0131z olacaq. \u00c7\u00fcnki s\u00f6yl\u0259diyim kimi, d\u00fcnyada he\u00e7 bir \u00f6lk\u0259 bel\u0259 v\u0259ziyy\u0259tl\u0259 qar\u015f\u0131la\u015fmam\u0131\u015fd\u0131r.<\/p>\n<p>Siz, h\u0259m\u00e7inin suvarma m\u0259s\u0259l\u0259sini qeyd etdiniz. Siz\u0259 dey\u0259 bil\u0259r\u0259m ki, h\u0259min m\u0259s\u0259l\u0259 infrastruktur sektorunda haz\u0131rda bizim \u0259sas prioritetimiz ola bil\u0259r, \u00e7\u00fcnki b\u00fct\u00fcn dig\u0259r infrastruktur layih\u0259l\u0259ri dem\u0259k olar ki, ba\u015fa \u00e7at\u0131b. \u00d6t\u0259n il bizd\u0259 \u00e7ox ciddi quraql\u0131q oldu. \u00c7ox ciddi quraql\u0131q bu il d\u0259 m\u00fc\u015fahid\u0259 olunur. Anbarlarda saxlan\u0131lan su h\u0259cml\u0259ri he\u00e7 vaxt g\u00f6r\u00fcnm\u0259diyi q\u0259d\u0259r azd\u0131r. \u00d6t\u0259nilki kimi quraql\u0131\u011f\u0131 h\u0259tta ya\u015fl\u0131 n\u0259sil bel\u0259 xat\u0131rlam\u0131r. Bu s\u0259b\u0259bd\u0259n suvarma \u0259n vacib infrastruktur layih\u0259sin\u0259 \u00e7evrilir. Bu m\u0259qs\u0259dl\u0259 bu yax\u0131nlarda m\u0259n d\u00f6vl\u0259t komissiyas\u0131n\u0131 yaratd\u0131m v\u0259 ona ke\u00e7mi\u015f \u0130qtisadiyyat nazirimiz, yax\u015f\u0131 tan\u0131d\u0131\u011f\u0131n\u0131z \u015eahin Mustafayev r\u0259hb\u0259rlik edir. Maliyy\u0259 naziri, \u0130qtisadiyyat naziri, Ekologiya naziri, K\u0259nd t\u0259s\u0259rr\u00fcfat\u0131 naziri, d\u00f6vl\u0259t suvarma qurumunun r\u0259hb\u0259ri bu komissiyas\u0131n\u0131n \u00fczvl\u0259ridir. \u018fvv\u0259lc\u0259 onlar bizim b\u00fct\u00fcn su ehtiyatlar\u0131m\u0131z\u0131 qiym\u0259tl\u0259ndir\u0259c\u0259kl\u0259r. Bizd\u0259 su ehtiyatlar\u0131na n\u0259zar\u0259t \u00fc\u00e7\u00fcn elektron sistemimiz olmal\u0131d\u0131r. Sonra qiym\u0259tl\u0259ndirm\u0259 infrastrukturumuz \u00fcz\u0259rind\u0259 apar\u0131lacaq. Onun \u0259ks\u0259r hiss\u0259si sovet vaxt\u0131n\u0131n miras\u0131d\u0131r. Bizd\u0259 b\u0259zi hallarda su itkil\u0259ri h\u0259tta 40-50 faiz t\u0259\u015fkil edir, \u00e7\u00fcnki h\u0259min kanallar dem\u0259k olar ki, b\u00fct\u00fcn keyfiyy\u0259tini itiribl\u0259r. Biz xarici m\u00fct\u0259x\u0259ssisl\u0259ri d\u0259v\u0259t ed\u0259c\u0259yik. H\u0259m\u00e7inin sizin d\u0259st\u0259yiniz\u0259 n\u0259inki maliyy\u0259, o c\u00fcml\u0259d\u0259n ekspert bacar\u0131qlar\u0131 bax\u0131m\u0131ndan arxalan\u0131r\u0131q ki, bizim h\u0259m q\u0131sa, h\u0259m orta perspektivd\u0259 layih\u0259l\u0259rimiz olsun. Biz uzunm\u00fcdd\u0259tli strateji plan ist\u0259mirik, \u00e7\u00fcnki bizim bu halda be\u015f il\u0259 ehtiyac\u0131m\u0131z olacaq. Biz \u00f6z resurslar\u0131m\u0131z\u0131 ay\u0131rma\u011fa haz\u0131r\u0131q. \u018flb\u0259tt\u0259 ki, bank d\u0259st\u0259k vers\u0259ydi, lap yax\u015f\u0131 olard\u0131. \u018fn vacibi is\u0259, layih\u0259nin laz\u0131mi \u015f\u0259kild\u0259 idar\u0259 edilm\u0259sidir. D\u00f6vl\u0259t m\u00fc\u0259ssis\u0259l\u0259rin\u0259 g\u0259ldikd\u0259, \u0130qtisadiyyat naziri bu m\u0259s\u0259l\u0259 \u00fcz\u0259rind\u0259 \u00e7al\u0131\u015f\u0131r. Art\u0131q qeyd edildiyi kimi, kommersiyala\u015fd\u0131rma, qism\u0259n \u00f6z\u0259ll\u0259\u015fdirm\u0259 &#8211; biz, ola bilsin, bunu sizinl\u0259 m\u00fczakir\u0259 etm\u0259liyik ki, ilkin add\u0131mlar hans\u0131lar olacaq. Biz \u0259slind\u0259 buna haz\u0131r\u0131q. Korporativ idar\u0259\u00e7ilik m\u0259s\u0259l\u0259si d\u0259 var. Haz\u0131rda biz bildiyiniz kimi, daha \u00e7ox \u0259laq\u0259l\u0259ndirm\u0259 m\u0259qs\u0259dil\u0259 ana t\u0259\u015fkilat ideyas\u0131n\u0131 m\u00fczakir\u0259 edirik. \u00c7\u00fcnki probleml\u0259rimizd\u0259n biri d\u00f6vl\u0259t \u015firk\u0259tl\u0259ri aras\u0131nda \u0259laq\u0259l\u0259ndirm\u0259nin \u00e7at\u0131\u015fmamas\u0131d\u0131r. H\u0259tta indi \u0259n perspektivli sektorlardan biri olan n\u0259qliyyat sektorunda biz g\u00f6r\u00fcr\u00fck ki, \u015firk\u0259tl\u0259rin korporativ maraqlar\u0131 d\u00f6vl\u0259t maraqlar\u0131n\u0131 \u00fcst\u0259l\u0259yir. Bu m\u0259qs\u0259dl\u0259 \u0259lav\u0259 i\u015f\u00e7i qrupu yarad\u0131lacaq&#8221;.<\/p>\n","protected":false},"excerpt":{"rendered":"<p>Haz\u0131rda iqtisadi inki\u015faf\u0131m\u0131z\u0131n \u0259sas m\u0259qs\u0259dl\u0259rind\u0259n biri k\u00f6lg\u0259 iqtisadiyyat\u0131n\u0131n miqyas\u0131n\u0131n azald\u0131lmas\u0131d\u0131r. ARANTV.AZ AZ\u018fRTAC-a istinad\u0259n bildirir ki,\u00a0bunu Az\u0259rbaycan Prezidenti \u0130lham \u018fliyev aprelin 28-d\u0259 Avropa Yenid\u0259nqurma v\u0259 \u0130nki\u015faf Bank\u0131n\u0131n prezidentinin t\u0259\u015f\u0259bb\u00fcs\u00fc il\u0259 ke\u00e7iril\u0259n videokonfransda deyib. Prezident \u0130lham \u018fliyev qeyd edib: &#8220;\u00d6t\u0259n il biz yax\u015f\u0131 ir\u0259lil\u0259yi\u015f\u0259 nail olduq. Bu il is\u0259 biz bu istiqam\u0259td\u0259 \u00e7ox u\u011furla ir\u0259lil\u0259yirik. Az\u0259rbaycanda \u00e7oxlu d\u0259yi\u015fiklikl\u0259r olub. Prezident Administrasiyas\u0131nda, h\u00f6kum\u0259td\u0259, parlamentd\u0259, yerli icra hakimiyy\u0259ti orqanlar\u0131nda d\u0259yi\u015fiklikl\u0259r ba\u015f verib. Onlar davam edir. G\u0259l\u0259c\u0259k planlara g\u0259ldikd\u0259, m\u0259n, h\u0259m\u00e7inin \u015f\u0259xs\u0259n siz\u0259, bank\u0131n r\u0259hb\u0259rliyin\u0259 Az\u0259rbaycana \u00f6n\u0259m verdiyiniz\u0259 g\u00f6r\u0259 t\u0259\u015f\u0259kk\u00fcr\u00fcm\u00fc bildirm\u0259k ist\u0259yir\u0259m. \u018fn vacib infrastruktur&hellip;<\/p>\n","protected":false},"author":2,"featured_media":155409,"comment_status":"closed","ping_status":"closed","sticky":false,"template":"","format":"standard","meta":{"om_disable_all_campaigns":false,"_monsterinsights_skip_tracking":false,"_monsterinsights_sitenote_active":false,"_monsterinsights_sitenote_note":"","_monsterinsights_sitenote_category":0},"categories":[1],"tags":[],"aioseo_notices":[],"gutentor_comment":0,"rttpg_featured_image_url":{"full":["https:\/\/arantv.az\/wp-content\/uploads\/2020\/04\/35646456436346.jpg",800,600,false],"landscape":["https:\/\/arantv.az\/wp-content\/uploads\/2020\/04\/35646456436346.jpg",800,600,false],"portraits":["https:\/\/arantv.az\/wp-content\/uploads\/2020\/04\/35646456436346.jpg",800,600,false],"thumbnail":["https:\/\/arantv.az\/wp-content\/uploads\/2020\/04\/35646456436346-150x150.jpg",150,150,true],"medium":["https:\/\/arantv.az\/wp-content\/uploads\/2020\/04\/35646456436346-300x225.jpg",300,225,true],"large":["https:\/\/arantv.az\/wp-content\/uploads\/2020\/04\/35646456436346.jpg",640,480,false],"1536x1536":["https:\/\/arantv.az\/wp-content\/uploads\/2020\/04\/35646456436346.jpg",800,600,false],"2048x2048":["https:\/\/arantv.az\/wp-content\/uploads\/2020\/04\/35646456436346.jpg",800,600,false],"post-thumbnail":["https:\/\/arantv.az\/wp-content\/uploads\/2020\/04\/35646456436346-240x172.jpg",240,172,true],"advps-thumb-one":["https:\/\/arantv.az\/wp-content\/uploads\/2020\/04\/35646456436346.jpg",800,600,false]},"rttpg_author":{"display_name":"V\u00fcsal Rafiqo\u011flu","author_link":"https:\/\/arantv.az\/?author=2"},"rttpg_comment":0,"rttpg_category":"<a href=\"https:\/\/arantv.az\/?cat=1\" rel=\"category\">C\u0259miyy\u0259t<\/a>","rttpg_excerpt":"Haz\u0131rda iqtisadi inki\u015faf\u0131m\u0131z\u0131n \u0259sas m\u0259qs\u0259dl\u0259rind\u0259n biri k\u00f6lg\u0259 iqtisadiyyat\u0131n\u0131n miqyas\u0131n\u0131n azald\u0131lmas\u0131d\u0131r. ARANTV.AZ AZ\u018fRTAC-a istinad\u0259n bildirir ki,\u00a0bunu Az\u0259rbaycan Prezidenti \u0130lham \u018fliyev aprelin 28-d\u0259 Avropa Yenid\u0259nqurma v\u0259 \u0130nki\u015faf Bank\u0131n\u0131n prezidentinin t\u0259\u015f\u0259bb\u00fcs\u00fc il\u0259 ke\u00e7iril\u0259n videokonfransda deyib. Prezident \u0130lham \u018fliyev qeyd edib: &#8220;\u00d6t\u0259n il biz yax\u015f\u0131 ir\u0259lil\u0259yi\u015f\u0259 nail olduq. Bu il is\u0259 biz bu istiqam\u0259td\u0259 \u00e7ox u\u011furla ir\u0259lil\u0259yirik. Az\u0259rbaycanda \u00e7oxlu&hellip;","_links":{"self":[{"href":"https:\/\/arantv.az\/index.php?rest_route=\/wp\/v2\/posts\/155408"}],"collection":[{"href":"https:\/\/arantv.az\/index.php?rest_route=\/wp\/v2\/posts"}],"about":[{"href":"https:\/\/arantv.az\/index.php?rest_route=\/wp\/v2\/types\/post"}],"author":[{"embeddable":true,"href":"https:\/\/arantv.az\/index.php?rest_route=\/wp\/v2\/users\/2"}],"replies":[{"embeddable":true,"href":"https:\/\/arantv.az\/index.php?rest_route=%2Fwp%2Fv2%2Fcomments&post=155408"}],"version-history":[{"count":0,"href":"https:\/\/arantv.az\/index.php?rest_route=\/wp\/v2\/posts\/155408\/revisions"}],"wp:featuredmedia":[{"embeddable":true,"href":"https:\/\/arantv.az\/index.php?rest_route=\/wp\/v2\/media\/155409"}],"wp:attachment":[{"href":"https:\/\/arantv.az\/index.php?rest_route=%2Fwp%2Fv2%2Fmedia&parent=155408"}],"wp:term":[{"taxonomy":"category","embeddable":true,"href":"https:\/\/arantv.az\/index.php?rest_route=%2Fwp%2Fv2%2Fcategories&post=155408"},{"taxonomy":"post_tag","embeddable":true,"href":"https:\/\/arantv.az\/index.php?rest_route=%2Fwp%2Fv2%2Ftags&post=155408"}],"curies":[{"name":"wp","href":"https:\/\/api.w.org\/{rel}","templated":true}]}}