{"id":155947,"date":"2020-04-29T14:37:23","date_gmt":"2020-04-29T11:37:23","guid":{"rendered":"http:\/\/arantv.az\/?p=155947"},"modified":"2020-04-29T14:37:23","modified_gmt":"2020-04-29T11:37:23","slug":"kafe-v%c9%99-restoranlarin-goz%c9%99llik-salonlarinin-f%c9%99aliyy%c9%99ti-sual-altinda-video","status":"publish","type":"post","link":"https:\/\/arantv.az\/?p=155947","title":{"rendered":"Kafe v\u0259 restoranlar\u0131n, g\u00f6z\u0259llik salonlar\u0131n\u0131n f\u0259aliyy\u0259ti sual alt\u0131nda &#8211; V\u0130DEO"},"content":{"rendered":"<article class=\"news\">\n<div class=\"news-inner\">\n<p>Karantin rejimi il\u0259 \u0259laq\u0259dar art\u0131q bir m\u00fcdd\u0259tdir ki, f\u0259aliy\u0259tin\u0259 m\u0259hdudiyy\u0259t qoyulan restoranlar \u00f6z m\u00fc\u015ft\u0259ril\u0259rini g\u00f6zl\u0259yir. Amma m\u00fc\u015ft\u0259ril\u0259rin n\u0259 vaxt g\u0259l\u0259c\u0259yi tarix h\u0259l\u0259 ki, m\u0259lum deyil.<\/p>\n<div id=\"AdviadNativeVideo0\" class=\"AdviadNativeVideo\"><\/div>\n<p>Respublikan\u0131n ba\u015f infeksionisti C\u0259lal \u0130sayev\u00a0bildirib ki, may\u0131n 4-d\u0259n sonra\u00a0v\u0259ziyy\u0259td\u0259n as\u0131l\u0131 olaraq\u00a0karantin rejiminin daha da yum\u015fald\u0131lmas\u0131 n\u0259z\u0259rd\u0259 tutulur. Bu yum\u015falma daha \u00e7ox f\u0259aliyy\u0259t sah\u0259sini \u0259hat\u0259 ed\u0259c\u0259k.<\/p>\n<p>M\u00f6vzu il\u0259 ba\u011fl\u0131 ARB TV-nin \u201cG\u00fcn\u0259 Do\u011fru\u201d proqram\u0131nda s\u00fcjet yay\u0131mlan\u0131b.<\/p>\n<div><iframe loading=\"lazy\" src=\"https:\/\/player.baku.tv\/embed\/17855\" width=\"560\" height=\"315\" frameborder=\"0\" allowfullscreen=\"allowfullscreen\" data-mce-fragment=\"1\"><\/iframe><\/div>\n<\/div>\n<\/article>\n<h2 class=\"news-share-title\"><\/h2>\n","protected":false},"excerpt":{"rendered":"<p>Karantin rejimi il\u0259 \u0259laq\u0259dar art\u0131q bir m\u00fcdd\u0259tdir ki, f\u0259aliy\u0259tin\u0259 m\u0259hdudiyy\u0259t qoyulan restoranlar \u00f6z m\u00fc\u015ft\u0259ril\u0259rini g\u00f6zl\u0259yir. Amma m\u00fc\u015ft\u0259ril\u0259rin n\u0259 vaxt g\u0259l\u0259c\u0259yi tarix h\u0259l\u0259 ki, m\u0259lum deyil. Respublikan\u0131n ba\u015f infeksionisti C\u0259lal \u0130sayev\u00a0bildirib ki, may\u0131n 4-d\u0259n sonra\u00a0v\u0259ziyy\u0259td\u0259n as\u0131l\u0131 olaraq\u00a0karantin rejiminin daha da yum\u015fald\u0131lmas\u0131 n\u0259z\u0259rd\u0259 tutulur. Bu yum\u015falma daha \u00e7ox f\u0259aliyy\u0259t sah\u0259sini \u0259hat\u0259 ed\u0259c\u0259k. M\u00f6vzu il\u0259 ba\u011fl\u0131 ARB TV-nin \u201cG\u00fcn\u0259 Do\u011fru\u201d proqram\u0131nda s\u00fcjet yay\u0131mlan\u0131b.<\/p>\n","protected":false},"author":2,"featured_media":155948,"comment_status":"closed","ping_status":"closed","sticky":false,"template":"","format":"standard","meta":{"om_disable_all_campaigns":false,"_monsterinsights_skip_tracking":false,"_monsterinsights_sitenote_active":false,"_monsterinsights_sitenote_note":"","_monsterinsights_sitenote_category":0},"categories":[26],"tags":[],"aioseo_notices":[],"gutentor_comment":0,"rttpg_featured_image_url":{"full":["https:\/\/arantv.az\/wp-content\/uploads\/2020\/04\/berber.jpg",590,393,false],"landscape":["https:\/\/arantv.az\/wp-content\/uploads\/2020\/04\/berber.jpg",590,393,false],"portraits":["https:\/\/arantv.az\/wp-content\/uploads\/2020\/04\/berber.jpg",590,393,false],"thumbnail":["https:\/\/arantv.az\/wp-content\/uploads\/2020\/04\/berber-150x150.jpg",150,150,true],"medium":["https:\/\/arantv.az\/wp-content\/uploads\/2020\/04\/berber-300x200.jpg",300,200,true],"large":["https:\/\/arantv.az\/wp-content\/uploads\/2020\/04\/berber.jpg",590,393,false],"1536x1536":["https:\/\/arantv.az\/wp-content\/uploads\/2020\/04\/berber.jpg",590,393,false],"2048x2048":["https:\/\/arantv.az\/wp-content\/uploads\/2020\/04\/berber.jpg",590,393,false],"post-thumbnail":["https:\/\/arantv.az\/wp-content\/uploads\/2020\/04\/berber-240x172.jpg",240,172,true],"advps-thumb-one":["https:\/\/arantv.az\/wp-content\/uploads\/2020\/04\/berber.jpg",590,393,false]},"rttpg_author":{"display_name":"V\u00fcsal Rafiqo\u011flu","author_link":"https:\/\/arantv.az\/?author=2"},"rttpg_comment":0,"rttpg_category":"<a href=\"https:\/\/arantv.az\/?cat=26\" rel=\"category\">Sosial<\/a>","rttpg_excerpt":"Karantin rejimi il\u0259 \u0259laq\u0259dar art\u0131q bir m\u00fcdd\u0259tdir ki, f\u0259aliy\u0259tin\u0259 m\u0259hdudiyy\u0259t qoyulan restoranlar \u00f6z m\u00fc\u015ft\u0259ril\u0259rini g\u00f6zl\u0259yir. Amma m\u00fc\u015ft\u0259ril\u0259rin n\u0259 vaxt g\u0259l\u0259c\u0259yi tarix h\u0259l\u0259 ki, m\u0259lum deyil. Respublikan\u0131n ba\u015f infeksionisti C\u0259lal \u0130sayev\u00a0bildirib ki, may\u0131n 4-d\u0259n sonra\u00a0v\u0259ziyy\u0259td\u0259n as\u0131l\u0131 olaraq\u00a0karantin rejiminin daha da yum\u015fald\u0131lmas\u0131 n\u0259z\u0259rd\u0259 tutulur. Bu yum\u015falma daha \u00e7ox f\u0259aliyy\u0259t sah\u0259sini \u0259hat\u0259 ed\u0259c\u0259k. M\u00f6vzu il\u0259 ba\u011fl\u0131 ARB TV-nin&hellip;","_links":{"self":[{"href":"https:\/\/arantv.az\/index.php?rest_route=\/wp\/v2\/posts\/155947"}],"collection":[{"href":"https:\/\/arantv.az\/index.php?rest_route=\/wp\/v2\/posts"}],"about":[{"href":"https:\/\/arantv.az\/index.php?rest_route=\/wp\/v2\/types\/post"}],"author":[{"embeddable":true,"href":"https:\/\/arantv.az\/index.php?rest_route=\/wp\/v2\/users\/2"}],"replies":[{"embeddable":true,"href":"https:\/\/arantv.az\/index.php?rest_route=%2Fwp%2Fv2%2Fcomments&post=155947"}],"version-history":[{"count":0,"href":"https:\/\/arantv.az\/index.php?rest_route=\/wp\/v2\/posts\/155947\/revisions"}],"wp:featuredmedia":[{"embeddable":true,"href":"https:\/\/arantv.az\/index.php?rest_route=\/wp\/v2\/media\/155948"}],"wp:attachment":[{"href":"https:\/\/arantv.az\/index.php?rest_route=%2Fwp%2Fv2%2Fmedia&parent=155947"}],"wp:term":[{"taxonomy":"category","embeddable":true,"href":"https:\/\/arantv.az\/index.php?rest_route=%2Fwp%2Fv2%2Fcategories&post=155947"},{"taxonomy":"post_tag","embeddable":true,"href":"https:\/\/arantv.az\/index.php?rest_route=%2Fwp%2Fv2%2Ftags&post=155947"}],"curies":[{"name":"wp","href":"https:\/\/api.w.org\/{rel}","templated":true}]}}