{"id":156011,"date":"2020-04-29T15:19:14","date_gmt":"2020-04-29T12:19:14","guid":{"rendered":"http:\/\/arantv.az\/?p=156011"},"modified":"2020-04-29T15:19:14","modified_gmt":"2020-04-29T12:19:14","slug":"bakida-agaclarin-kokun%c9%99-beton-tokdul%c9%99r-foto","status":"publish","type":"post","link":"https:\/\/arantv.az\/?p=156011","title":{"rendered":"Bak\u0131da a\u011faclar\u0131n k\u00f6k\u00fcn\u0259 beton t\u00f6kd\u00fcl\u0259r &#8211; FOTO"},"content":{"rendered":"<p>Bak\u0131 \u015f\u0259h\u0259rind\u0259 a\u011faclar\u0131n k\u00f6k\u00fcn\u0259 beton t\u00f6k\u00fcl\u00fcb.<\/p>\n<p><strong>ARANTV.AZ\u00a0<\/strong>\u00a0x\u0259b\u0259r verir ki, bu bar\u0259d\u0259 fotolar sosial \u015f\u0259b\u0259k\u0259d\u0259 payla\u015f\u0131l\u0131b.<\/p>\n<p>Fotonun paytaxt\u0131n S\u0259bail rayonu \u0259razisind\u0259 \u00e7\u0259kildiyi qeyd olunub.<\/p>\n<div id=\"AdviadNativeVideo0\" class=\"AdviadNativeVideo\"><\/div>\n<p>M\u0259s\u0259l\u0259 il\u0259 ba\u011fl\u0131 Bak\u0131 \u015e\u0259h\u0259r \u0130cra Hakimiyy\u0259tinin Ya\u015f\u0131lla\u015fd\u0131rma T\u0259s\u0259rr\u00fcfat\u0131 Birliyinin Bitkil\u0259rin m\u00fchafiz\u0259si \u015f\u00f6b\u0259sinin r\u0259isi Orxan M\u0259mm\u0259dov\u00a0Oxu.Az-a a\u00e7\u0131qlamas\u0131nda fakt\u0131 t\u0259sdiq edib.<\/p>\n<p>O bildirib ki, Birliyin \u0259m\u0259kda\u015flar\u0131 art\u0131q \u0259raziy\u0259 bax\u0131\u015f ke\u00e7iribl\u0259r:<\/p>\n<p>\u201cS\u0259bail rayonu \u0259razisind\u0259 a\u011faclar\u0131n k\u00f6kl\u0259rin\u0259\u00a0beton t\u00f6k\u00fcl\u00fcb. H\u0259min \u0259raziy\u0259 n\u00fcmay\u0259nd\u0259l\u0259r g\u00f6nd\u0259rilib. T\u0259limat verilib ki, a\u011fac g\u00f6vd\u0259l\u0259ri betondan t\u0259mizl\u0259nsin v\u0259 inki\u015faf\u0131n\u0131n t\u0259min edilm\u0259si \u00fc\u00e7\u00fcn z\u0259ruri t\u0259dbirl\u0259r g\u00f6r\u00fcls\u00fcn.<\/p>\n<p>Art\u0131q \u0259razid\u0259ki a\u011faclar\u0131n g\u00f6vd\u0259l\u0259ri beton qat\u0131ndan t\u0259mizl\u0259nib. Z\u0259ruri t\u0259dbil\u0259r h\u0259yata ke\u00e7irilib. A\u011faclar haz\u0131rda bioloji inki\u015fafdad\u0131r v\u0259\u00a0daimi olaraq m\u00fct\u0259x\u0259ssis\u00a0n\u0259zar\u0259tind\u0259 saxlan\u0131lacaq\u201d.<\/p>\n<p>Qeyd ed\u0259k ki, Birliyin n\u00fcmay\u0259nd\u0259l\u0259ri t\u0259r\u0259find\u0259n \u0259razid\u0259ki tikinti \u015firk\u0259tinin i\u015f\u00e7il\u0259ri il\u0259 profilaktik s\u00f6hb\u0259tl\u0259r apar\u0131l\u0131b. Bel\u0259 hallara yol verilm\u0259m\u0259si izah olunaraq, \u015fifahi x\u0259b\u0259rdarl\u0131q edilib.<\/p>\n<div class=\"gallery\">\n<div class=\"gallery-i\"><img src=\"https:\/\/cdn.oxu.az\/uploads\/W1siZiIsIjIwMjAvMDQvMjkvMTUvNTQvMjAvZTI2Zjk2M2ItYzdjZS00YmVkLWEwZGMtMjdmMzUyMjMyYzEzL28xLmpwZyJdLFsicCIsImVuY29kZSIsImpwZyIsIi1xdWFsaXR5IDgwIl0sWyJwIiwidGh1bWIiLCI1OTB4NTkwXHUwMDNlIl1d?sha=c52373b8d5540f35\" alt=\"\" \/><\/p>\n<div class=\"gallery-i-caption\"><\/div>\n<\/div>\n<div class=\"gallery-i\"><img src=\"https:\/\/cdn.oxu.az\/uploads\/W1siZiIsIjIwMjAvMDQvMjkvMTUvNTQvMjAvYjY0OTQwNTEtZmQxOS00NmFmLWE0NjctZmRiYjQwNTJlOTY2L28yLmpwZyJdLFsicCIsImVuY29kZSIsImpwZyIsIi1xdWFsaXR5IDgwIl0sWyJwIiwidGh1bWIiLCI1OTB4NTkwXHUwMDNlIl1d?sha=a4403cc21eaf2f83\" alt=\"\" \/><\/p>\n<div class=\"gallery-i-caption\"><\/div>\n<\/div>\n<div class=\"gallery-i\"><img src=\"https:\/\/cdn.oxu.az\/uploads\/W1siZiIsIjIwMjAvMDQvMjkvMTUvNTQvMjAvZjllODBkYzQtMDhhOS00NWUxLTlhNTEtNWI4ZTY2N2Y1NmM3L28zLmpwZyJdLFsicCIsImVuY29kZSIsImpwZyIsIi1xdWFsaXR5IDgwIl0sWyJwIiwidGh1bWIiLCI1OTB4NTkwXHUwMDNlIl1d?sha=6bcec937a617d8d6\" alt=\"\" \/><\/p>\n<div class=\"gallery-i-caption\"><\/div>\n<\/div>\n<div class=\"gallery-i\"><img src=\"https:\/\/cdn.oxu.az\/uploads\/W1siZiIsIjIwMjAvMDQvMjkvMTUvNTQvMjEvNGU0N2JhNmEtNjRkMS00NTQ5LTg4MzUtNTFjZGI3NTcyNDUxL280LmpwZyJdLFsicCIsImVuY29kZSIsImpwZyIsIi1xdWFsaXR5IDgwIl0sWyJwIiwidGh1bWIiLCI1OTB4NTkwXHUwMDNlIl1d?sha=75f2b5bdc298a9e9\" alt=\"\" \/><\/p>\n<div class=\"gallery-i-caption\"><\/div>\n<\/div>\n<div class=\"gallery-i\"><img src=\"https:\/\/cdn.oxu.az\/uploads\/W1siZiIsIjIwMjAvMDQvMjkvMTUvNTQvMjEvNjMyYjg5YzctOTFlMi00Y2NjLWI0ZmMtOTE3ODQyNWRjNGEwL281LmpwZyJdLFsicCIsImVuY29kZSIsImpwZyIsIi1xdWFsaXR5IDgwIl0sWyJwIiwidGh1bWIiLCI1OTB4NTkwXHUwMDNlIl1d?sha=50c7c702ecebca5b\" alt=\"\" \/><\/p>\n<div class=\"gallery-i-caption\"><\/div>\n<\/div>\n<div class=\"gallery-i\"><img src=\"https:\/\/cdn.oxu.az\/uploads\/W1siZiIsIjIwMjAvMDQvMjkvMTUvNTQvNTgvODY3ZjUwMzgtNTlhYi00NmY1LWFkYWYtZTVlYTlhMDc0OTZjL3l1eXUuanBnIl0sWyJwIiwiZW5jb2RlIiwianBnIiwiLXF1YWxpdHkgODAiXSxbInAiLCJ0aHVtYiIsIjU5MHg1OTBcdTAwM2UiXV0?sha=42249e9b5808459b\" alt=\"\" \/><\/p>\n<div class=\"gallery-i-caption\"><\/div>\n<\/div>\n<div class=\"gallery-i\"><img src=\"https:\/\/cdn.oxu.az\/uploads\/W1siZiIsIjIwMjAvMDQvMjkvMTUvNTQvNTgvYjRlNGQ3NzYtODMwNi00ZTFiLTgyODMtN2MwMjJjMzg2YjliL3l1eXU0LmpwZyJdLFsicCIsImVuY29kZSIsImpwZyIsIi1xdWFsaXR5IDgwIl0sWyJwIiwidGh1bWIiLCI1OTB4NTkwXHUwMDNlIl1d?sha=dfad569b90f5a6c3\" alt=\"\" \/><\/div>\n<\/div>\n","protected":false},"excerpt":{"rendered":"<p>Bak\u0131 \u015f\u0259h\u0259rind\u0259 a\u011faclar\u0131n k\u00f6k\u00fcn\u0259 beton t\u00f6k\u00fcl\u00fcb. ARANTV.AZ\u00a0\u00a0x\u0259b\u0259r verir ki, bu bar\u0259d\u0259 fotolar sosial \u015f\u0259b\u0259k\u0259d\u0259 payla\u015f\u0131l\u0131b. Fotonun paytaxt\u0131n S\u0259bail rayonu \u0259razisind\u0259 \u00e7\u0259kildiyi qeyd olunub. M\u0259s\u0259l\u0259 il\u0259 ba\u011fl\u0131 Bak\u0131 \u015e\u0259h\u0259r \u0130cra Hakimiyy\u0259tinin Ya\u015f\u0131lla\u015fd\u0131rma T\u0259s\u0259rr\u00fcfat\u0131 Birliyinin Bitkil\u0259rin m\u00fchafiz\u0259si \u015f\u00f6b\u0259sinin r\u0259isi Orxan M\u0259mm\u0259dov\u00a0Oxu.Az-a a\u00e7\u0131qlamas\u0131nda fakt\u0131 t\u0259sdiq edib. O bildirib ki, Birliyin \u0259m\u0259kda\u015flar\u0131 art\u0131q \u0259raziy\u0259 bax\u0131\u015f ke\u00e7iribl\u0259r: \u201cS\u0259bail rayonu \u0259razisind\u0259 a\u011faclar\u0131n k\u00f6kl\u0259rin\u0259\u00a0beton t\u00f6k\u00fcl\u00fcb. H\u0259min \u0259raziy\u0259 n\u00fcmay\u0259nd\u0259l\u0259r g\u00f6nd\u0259rilib. T\u0259limat verilib ki, a\u011fac g\u00f6vd\u0259l\u0259ri betondan t\u0259mizl\u0259nsin v\u0259 inki\u015faf\u0131n\u0131n t\u0259min edilm\u0259si \u00fc\u00e7\u00fcn z\u0259ruri t\u0259dbirl\u0259r g\u00f6r\u00fcls\u00fcn. Art\u0131q \u0259razid\u0259ki a\u011faclar\u0131n g\u00f6vd\u0259l\u0259ri beton qat\u0131ndan t\u0259mizl\u0259nib. Z\u0259ruri t\u0259dbil\u0259r h\u0259yata ke\u00e7irilib. A\u011faclar haz\u0131rda&hellip;<\/p>\n","protected":false},"author":2,"featured_media":156012,"comment_status":"closed","ping_status":"closed","sticky":false,"template":"","format":"standard","meta":{"om_disable_all_campaigns":false,"_monsterinsights_skip_tracking":false,"_monsterinsights_sitenote_active":false,"_monsterinsights_sitenote_note":"","_monsterinsights_sitenote_category":0},"categories":[26],"tags":[],"aioseo_notices":[],"gutentor_comment":0,"rttpg_featured_image_url":{"full":["https:\/\/arantv.az\/wp-content\/uploads\/2020\/04\/FotoJet-27.jpg",620,452,false],"landscape":["https:\/\/arantv.az\/wp-content\/uploads\/2020\/04\/FotoJet-27.jpg",620,452,false],"portraits":["https:\/\/arantv.az\/wp-content\/uploads\/2020\/04\/FotoJet-27.jpg",620,452,false],"thumbnail":["https:\/\/arantv.az\/wp-content\/uploads\/2020\/04\/FotoJet-27-150x150.jpg",150,150,true],"medium":["https:\/\/arantv.az\/wp-content\/uploads\/2020\/04\/FotoJet-27-300x219.jpg",300,219,true],"large":["https:\/\/arantv.az\/wp-content\/uploads\/2020\/04\/FotoJet-27.jpg",620,452,false],"1536x1536":["https:\/\/arantv.az\/wp-content\/uploads\/2020\/04\/FotoJet-27.jpg",620,452,false],"2048x2048":["https:\/\/arantv.az\/wp-content\/uploads\/2020\/04\/FotoJet-27.jpg",620,452,false],"post-thumbnail":["https:\/\/arantv.az\/wp-content\/uploads\/2020\/04\/FotoJet-27-240x172.jpg",240,172,true],"advps-thumb-one":["https:\/\/arantv.az\/wp-content\/uploads\/2020\/04\/FotoJet-27.jpg",620,452,false]},"rttpg_author":{"display_name":"V\u00fcsal Rafiqo\u011flu","author_link":"https:\/\/arantv.az\/?author=2"},"rttpg_comment":0,"rttpg_category":"<a href=\"https:\/\/arantv.az\/?cat=26\" rel=\"category\">Sosial<\/a>","rttpg_excerpt":"Bak\u0131 \u015f\u0259h\u0259rind\u0259 a\u011faclar\u0131n k\u00f6k\u00fcn\u0259 beton t\u00f6k\u00fcl\u00fcb. ARANTV.AZ\u00a0\u00a0x\u0259b\u0259r verir ki, bu bar\u0259d\u0259 fotolar sosial \u015f\u0259b\u0259k\u0259d\u0259 payla\u015f\u0131l\u0131b. Fotonun paytaxt\u0131n S\u0259bail rayonu \u0259razisind\u0259 \u00e7\u0259kildiyi qeyd olunub. M\u0259s\u0259l\u0259 il\u0259 ba\u011fl\u0131 Bak\u0131 \u015e\u0259h\u0259r \u0130cra Hakimiyy\u0259tinin Ya\u015f\u0131lla\u015fd\u0131rma T\u0259s\u0259rr\u00fcfat\u0131 Birliyinin Bitkil\u0259rin m\u00fchafiz\u0259si \u015f\u00f6b\u0259sinin r\u0259isi Orxan M\u0259mm\u0259dov\u00a0Oxu.Az-a a\u00e7\u0131qlamas\u0131nda fakt\u0131 t\u0259sdiq edib. O bildirib ki, Birliyin \u0259m\u0259kda\u015flar\u0131 art\u0131q \u0259raziy\u0259 bax\u0131\u015f ke\u00e7iribl\u0259r: \u201cS\u0259bail rayonu \u0259razisind\u0259&hellip;","_links":{"self":[{"href":"https:\/\/arantv.az\/index.php?rest_route=\/wp\/v2\/posts\/156011"}],"collection":[{"href":"https:\/\/arantv.az\/index.php?rest_route=\/wp\/v2\/posts"}],"about":[{"href":"https:\/\/arantv.az\/index.php?rest_route=\/wp\/v2\/types\/post"}],"author":[{"embeddable":true,"href":"https:\/\/arantv.az\/index.php?rest_route=\/wp\/v2\/users\/2"}],"replies":[{"embeddable":true,"href":"https:\/\/arantv.az\/index.php?rest_route=%2Fwp%2Fv2%2Fcomments&post=156011"}],"version-history":[{"count":0,"href":"https:\/\/arantv.az\/index.php?rest_route=\/wp\/v2\/posts\/156011\/revisions"}],"wp:featuredmedia":[{"embeddable":true,"href":"https:\/\/arantv.az\/index.php?rest_route=\/wp\/v2\/media\/156012"}],"wp:attachment":[{"href":"https:\/\/arantv.az\/index.php?rest_route=%2Fwp%2Fv2%2Fmedia&parent=156011"}],"wp:term":[{"taxonomy":"category","embeddable":true,"href":"https:\/\/arantv.az\/index.php?rest_route=%2Fwp%2Fv2%2Fcategories&post=156011"},{"taxonomy":"post_tag","embeddable":true,"href":"https:\/\/arantv.az\/index.php?rest_route=%2Fwp%2Fv2%2Ftags&post=156011"}],"curies":[{"name":"wp","href":"https:\/\/api.w.org\/{rel}","templated":true}]}}