{"id":156027,"date":"2020-04-29T15:26:51","date_gmt":"2020-04-29T12:26:51","guid":{"rendered":"http:\/\/arantv.az\/?p=156027"},"modified":"2020-04-29T15:26:51","modified_gmt":"2020-04-29T12:26:51","slug":"belaruslu-deputat-az%c9%99rbaycan-postsovet-m%c9%99kaninda-milli-inkisaf-uzr%c9%99-f%c9%99rdi-strategiya-hazirlaya-bil%c9%99n-nadir-olk%c9%99l%c9%99rd%c9%99ndir","status":"publish","type":"post","link":"https:\/\/arantv.az\/?p=156027","title":{"rendered":"Belaruslu deputat: Az\u0259rbaycan postsovet m\u0259kan\u0131nda milli inki\u015faf \u00fczr\u0259 f\u0259rdi strategiya haz\u0131rlaya bil\u0259n nadir \u00f6lk\u0259l\u0259rd\u0259ndir"},"content":{"rendered":"<p><strong>Belarus-Az\u0259rbaycan m\u00fcnasib\u0259tl\u0259ri \u00e7ox s\u0259mimi xarakter da\u015f\u0131y\u0131r.<\/strong><\/p>\n<p><strong>ARANTV.AZ<\/strong> bildirir ki, bunu\u00a0<a href=\"http:\/\/az.trend.az\/\" target=\"_blank\" rel=\"noopener\">Trend<\/a>-\u0259\u00a0Belarus parlamenti N\u00fcmay\u0259nd\u0259l\u0259r Palatas\u0131n\u0131n Beyn\u0259lxalq m\u0259s\u0259l\u0259l\u0259r \u00fczr\u0259 daimi komissiyas\u0131n\u0131n s\u0259dri Andrey Savin\u0131x deyib.<\/p>\n<p>O qeyd edib ki, Az\u0259rbaycanla Belarus aras\u0131ndak\u0131 m\u00fcnasib\u0259tl\u0259r art\u0131q t\u0259r\u0259fda\u015fl\u0131q s\u0259viyy\u0259sin\u0259 \u00e7at\u0131b v\u0259 bu, beyn\u0259lxalq f\u0259aliyy\u0259tin b\u00fct\u00fcn sah\u0259l\u0259rind\u0259 bir \u00e7ox m\u0259s\u0259l\u0259l\u0259ri h\u0259ll etm\u0259y\u0259 imkan verir:<\/p>\n<p>&#8220;Bu, h\u0259m beyn\u0259lxalq arenada, beyn\u0259lxalq t\u0259\u015fkilatlar sistemind\u0259, o c\u00fcml\u0259d\u0259n BMT-d\u0259 d\u0259st\u0259k, h\u0259m d\u0259 elmi, humanitar, s\u0259naye \u0259m\u0259kda\u015fl\u0131\u011f\u0131 \u00fczr\u0259 ikit\u0259r\u0259fli proqramlard\u0131r. M\u0259n \u0259min\u0259m ki, \u00f6lk\u0259l\u0259rimiz aras\u0131nda \u0259m\u0259kda\u015fl\u0131q h\u0259r iki \u00f6lk\u0259nin rifah\u0131 namin\u0259 konstruktiv inki\u015faf ed\u0259c\u0259k. \u018fslind\u0259, bunun ba\u015fqa izah\u0131 da var, postsovet \u00f6lk\u0259l\u0259ri aras\u0131nda m\u0259hz Belarus v\u0259 Az\u0259rbaycan milli inki\u015faf \u00fczr\u0259 f\u0259rdi strategiya haz\u0131rlaya bilib v\u0259 bu strategiyalar bir-biri il\u0259 toqqu\u015fmur, \u0259ksin\u0259 bir-birini d\u0259st\u0259kl\u0259m\u0259y\u0259 imkan verir&#8221;.<\/p>\n<p>Deputat \u0259minlikl\u0259 bildirib ki, \u00f6lk\u0259l\u0259r aras\u0131ndak\u0131 m\u00fcnasib\u0259tl\u0259ri parlaq g\u0259l\u0259c\u0259k g\u00f6zl\u0259yir:<\/p>\n<p>&#8220;Bizim bir s\u0131ra istiqam\u0259tl\u0259r \u00fczr\u0259 \u0259laq\u0259l\u0259rimiz v\u0259 \u0259m\u0259kda\u015fl\u0131\u011f\u0131m\u0131z ill\u0259r, h\u0259tta onillikl\u0259r boyunca dayan\u0131ql\u0131 inki\u015faf ed\u0259c\u0259k. M\u0259n bir ne\u00e7\u0259 sah\u0259ni vur\u011fulamaq ist\u0259rdim ki, bu sah\u0259l\u0259rd\u0259 yax\u015f\u0131 n\u0259tic\u0259l\u0259r \u0259ld\u0259 etmi\u015fik, amma h\u0259l\u0259 d\u0259 art\u0131m \u00fc\u00e7\u00fcn ciddi potensial var. \u0130lk n\u00f6vb\u0259d\u0259 bu, ma\u015f\u0131nqay\u0131rma v\u0259 tankqay\u0131rma sah\u0259l\u0259ridir. Bu sah\u0259l\u0259rd\u0259 biz \u0259m\u0259kda\u015fl\u0131q ed\u0259, birg\u0259 m\u00fc\u0259ssis\u0259l\u0259r yarada v\u0259 faktiki olaraq bir-birimizin xeyrin\u0259 i\u015fl\u0259y\u0259r\u0259k \u00f6lk\u0259l\u0259rimizin s\u0259nayesinin inki\u015faf\u0131na k\u00f6m\u0259k ed\u0259 bil\u0259rik. Belarusun Az\u0259rbaycana b\u00f6y\u00fck mara\u011f\u0131 var. \u0130lk n\u00f6vb\u0259d\u0259 \u00f6lk\u0259l\u0259rimiz yax\u0131n mentall\u0131q v\u0259 yax\u015f\u0131 qar\u015f\u0131l\u0131ql\u0131 anla\u015fma birl\u0259\u015fdirir. Bundan ba\u015fqa, Az\u0259rbaycan i\u015fg\u00fczar dair\u0259l\u0259ri Yax\u0131n \u015e\u0259rq v\u0259 C\u0259nub-\u015e\u0259rqi Asiya bazarlar\u0131na \u00e7\u0131x\u0131\u015f imkan\u0131na malikdir. Bu, Belarusun i\u015fg\u00fczar dair\u0259l\u0259ri \u00fc\u00e7\u00fcn d\u0259 c\u0259lbedicidir. Dig\u0259r maraql\u0131 istiqam\u0259t elm sah\u0259si ola bil\u0259r. Bizim elmi sisteml\u0259rimiz bir-birini tamamlay\u0131r v\u0259 \u0259min\u0259m ki, \u00f6lk\u0259l\u0259r \u00fc\u00e7\u00fcn x\u00fcsusi \u0259h\u0259miyy\u0259t k\u0259sb ed\u0259n sah\u0259l\u0259rd\u0259 birg\u0259 elmi t\u0259dqiqatlar \u00e7ox yax\u015f\u0131 perspektivl\u0259r\u0259 malikdir. Bu c\u00fcr n\u00fcmun\u0259l\u0259r \u00e7oxdur v\u0259 fikrimc\u0259, bu, g\u0259l\u0259c\u0259k inki\u015faf ed\u0259c\u0259k cox ciddi istiqam\u0259tdir&#8221;.<\/p>\n","protected":false},"excerpt":{"rendered":"<p>Belarus-Az\u0259rbaycan m\u00fcnasib\u0259tl\u0259ri \u00e7ox s\u0259mimi xarakter da\u015f\u0131y\u0131r. ARANTV.AZ bildirir ki, bunu\u00a0Trend-\u0259\u00a0Belarus parlamenti N\u00fcmay\u0259nd\u0259l\u0259r Palatas\u0131n\u0131n Beyn\u0259lxalq m\u0259s\u0259l\u0259l\u0259r \u00fczr\u0259 daimi komissiyas\u0131n\u0131n s\u0259dri Andrey Savin\u0131x deyib. O qeyd edib ki, Az\u0259rbaycanla Belarus aras\u0131ndak\u0131 m\u00fcnasib\u0259tl\u0259r art\u0131q t\u0259r\u0259fda\u015fl\u0131q s\u0259viyy\u0259sin\u0259 \u00e7at\u0131b v\u0259 bu, beyn\u0259lxalq f\u0259aliyy\u0259tin b\u00fct\u00fcn sah\u0259l\u0259rind\u0259 bir \u00e7ox m\u0259s\u0259l\u0259l\u0259ri h\u0259ll etm\u0259y\u0259 imkan verir: &#8220;Bu, h\u0259m beyn\u0259lxalq arenada, beyn\u0259lxalq t\u0259\u015fkilatlar sistemind\u0259, o c\u00fcml\u0259d\u0259n BMT-d\u0259 d\u0259st\u0259k, h\u0259m d\u0259 elmi, humanitar, s\u0259naye \u0259m\u0259kda\u015fl\u0131\u011f\u0131 \u00fczr\u0259 ikit\u0259r\u0259fli proqramlard\u0131r. M\u0259n \u0259min\u0259m ki, \u00f6lk\u0259l\u0259rimiz aras\u0131nda \u0259m\u0259kda\u015fl\u0131q h\u0259r iki \u00f6lk\u0259nin rifah\u0131 namin\u0259 konstruktiv inki\u015faf ed\u0259c\u0259k. \u018fslind\u0259, bunun ba\u015fqa izah\u0131 da var, postsovet \u00f6lk\u0259l\u0259ri aras\u0131nda&hellip;<\/p>\n","protected":false},"author":2,"featured_media":156028,"comment_status":"closed","ping_status":"closed","sticky":false,"template":"","format":"standard","meta":{"om_disable_all_campaigns":false,"_monsterinsights_skip_tracking":false,"_monsterinsights_sitenote_active":false,"_monsterinsights_sitenote_note":"","_monsterinsights_sitenote_category":0},"categories":[4],"tags":[],"aioseo_notices":[],"gutentor_comment":0,"rttpg_featured_image_url":{"full":["https:\/\/arantv.az\/wp-content\/uploads\/2020\/04\/846257.jpg",640,427,false],"landscape":["https:\/\/arantv.az\/wp-content\/uploads\/2020\/04\/846257.jpg",640,427,false],"portraits":["https:\/\/arantv.az\/wp-content\/uploads\/2020\/04\/846257.jpg",640,427,false],"thumbnail":["https:\/\/arantv.az\/wp-content\/uploads\/2020\/04\/846257-150x150.jpg",150,150,true],"medium":["https:\/\/arantv.az\/wp-content\/uploads\/2020\/04\/846257-300x200.jpg",300,200,true],"large":["https:\/\/arantv.az\/wp-content\/uploads\/2020\/04\/846257.jpg",640,427,false],"1536x1536":["https:\/\/arantv.az\/wp-content\/uploads\/2020\/04\/846257.jpg",640,427,false],"2048x2048":["https:\/\/arantv.az\/wp-content\/uploads\/2020\/04\/846257.jpg",640,427,false],"post-thumbnail":["https:\/\/arantv.az\/wp-content\/uploads\/2020\/04\/846257-240x172.jpg",240,172,true],"advps-thumb-one":["https:\/\/arantv.az\/wp-content\/uploads\/2020\/04\/846257.jpg",640,427,false]},"rttpg_author":{"display_name":"V\u00fcsal Rafiqo\u011flu","author_link":"https:\/\/arantv.az\/?author=2"},"rttpg_comment":0,"rttpg_category":"<a href=\"https:\/\/arantv.az\/?cat=4\" rel=\"category\">Siyas\u0259t<\/a>","rttpg_excerpt":"Belarus-Az\u0259rbaycan m\u00fcnasib\u0259tl\u0259ri \u00e7ox s\u0259mimi xarakter da\u015f\u0131y\u0131r. ARANTV.AZ bildirir ki, bunu\u00a0Trend-\u0259\u00a0Belarus parlamenti N\u00fcmay\u0259nd\u0259l\u0259r Palatas\u0131n\u0131n Beyn\u0259lxalq m\u0259s\u0259l\u0259l\u0259r \u00fczr\u0259 daimi komissiyas\u0131n\u0131n s\u0259dri Andrey Savin\u0131x deyib. O qeyd edib ki, Az\u0259rbaycanla Belarus aras\u0131ndak\u0131 m\u00fcnasib\u0259tl\u0259r art\u0131q t\u0259r\u0259fda\u015fl\u0131q s\u0259viyy\u0259sin\u0259 \u00e7at\u0131b v\u0259 bu, beyn\u0259lxalq f\u0259aliyy\u0259tin b\u00fct\u00fcn sah\u0259l\u0259rind\u0259 bir \u00e7ox m\u0259s\u0259l\u0259l\u0259ri h\u0259ll etm\u0259y\u0259 imkan verir: &#8220;Bu, h\u0259m beyn\u0259lxalq arenada, beyn\u0259lxalq t\u0259\u015fkilatlar sistemind\u0259, o&hellip;","_links":{"self":[{"href":"https:\/\/arantv.az\/index.php?rest_route=\/wp\/v2\/posts\/156027"}],"collection":[{"href":"https:\/\/arantv.az\/index.php?rest_route=\/wp\/v2\/posts"}],"about":[{"href":"https:\/\/arantv.az\/index.php?rest_route=\/wp\/v2\/types\/post"}],"author":[{"embeddable":true,"href":"https:\/\/arantv.az\/index.php?rest_route=\/wp\/v2\/users\/2"}],"replies":[{"embeddable":true,"href":"https:\/\/arantv.az\/index.php?rest_route=%2Fwp%2Fv2%2Fcomments&post=156027"}],"version-history":[{"count":0,"href":"https:\/\/arantv.az\/index.php?rest_route=\/wp\/v2\/posts\/156027\/revisions"}],"wp:featuredmedia":[{"embeddable":true,"href":"https:\/\/arantv.az\/index.php?rest_route=\/wp\/v2\/media\/156028"}],"wp:attachment":[{"href":"https:\/\/arantv.az\/index.php?rest_route=%2Fwp%2Fv2%2Fmedia&parent=156027"}],"wp:term":[{"taxonomy":"category","embeddable":true,"href":"https:\/\/arantv.az\/index.php?rest_route=%2Fwp%2Fv2%2Fcategories&post=156027"},{"taxonomy":"post_tag","embeddable":true,"href":"https:\/\/arantv.az\/index.php?rest_route=%2Fwp%2Fv2%2Ftags&post=156027"}],"curies":[{"name":"wp","href":"https:\/\/api.w.org\/{rel}","templated":true}]}}