{"id":156047,"date":"2020-04-29T15:39:31","date_gmt":"2020-04-29T12:39:31","guid":{"rendered":"http:\/\/arantv.az\/?p=156047"},"modified":"2020-04-29T15:39:31","modified_gmt":"2020-04-29T12:39:31","slug":"tacikistanda-soyadlarin-ruslasdirilmasi-qadagan-edildi","status":"publish","type":"post","link":"https:\/\/arantv.az\/?p=156047","title":{"rendered":"Tacikistanda soyadlar\u0131n rusla\u015fd\u0131r\u0131lmas\u0131 qada\u011fan edildi"},"content":{"rendered":"<p>Bu g\u00fcnd\u0259n etibar\u0259n Tacikistanda soyad v\u0259 ata ad\u0131n\u0131 yazark\u0259n rusla\u015fm\u0131\u015f \u201c-ov\/-ova\u201d v\u0259 \u201c-vi\u00e7 \/-ovna\u201d \u015f\u0259kil\u00e7il\u0259rinin istifad\u0259si qada\u011fand\u0131r. \u0130stisna yaln\u0131z milli azl\u0131qlar\u0131n n\u00fcmay\u0259nd\u0259l\u0259ri \u00fc\u00e7\u00fcn edilib.<\/p>\n<p>Bu bar\u0259d\u0259 \u201cSputnik\u201d x\u0259b\u0259r yay\u0131b.<\/p>\n<p>Bildirilir ki, \u00f6lk\u0259 parlamentinin aprelin 28-d\u0259 ke\u00e7irilmi\u015f\u00a0iclas\u0131nda q\u0259bul edilmi\u015f q\u0259tnam\u0259y\u0259 \u0259sas\u0259n, Tacikistan\u0131n v\u0259t\u0259nda\u015f v\u0259ziyy\u0259ti aktlar\u0131n\u0131n d\u00f6vl\u0259t qeydiyyat\u0131 haqq\u0131nda qanununa m\u00fcvafiq d\u0259yi\u015fiklikl\u0259r edilib.<\/p>\n<div id=\"AdviadNativeVideo0\" class=\"AdviadNativeVideo\"><\/div>\n<p>Qanun m\u00fc\u0259llifl\u0259ri bunun v\u0259t\u0259nda\u015flar\u0131n \u00f6z\u00fcn\u00fcd\u0259rkini art\u0131rmaq v\u0259 milli kimliyini qorumaq m\u0259qs\u0259dil\u0259 edildiyini bildirib.<\/p>\n<p>Bundan sonra soyad sonluqlar\u0131na \u201c-zoda\u201d \u201c-iyon\u201d, \u201c-purduxt\u201d , \u201c-i\u201d, \u201c-zod\u201d, \u201c-on\u201d, \u201c-yon\u201d v\u0259 sair milli sonluqlar art\u0131r\u0131lacaq.<\/p>\n<p>O da vur\u011fulan\u0131b ki, yenilik haz\u0131rda soyadlar\u0131nda \u201c-ov\/-ova\u201d sonlu\u011fu il\u0259 pasportu olanlara t\u0259tbiq edilmir.<\/p>\n","protected":false},"excerpt":{"rendered":"<p>Bu g\u00fcnd\u0259n etibar\u0259n Tacikistanda soyad v\u0259 ata ad\u0131n\u0131 yazark\u0259n rusla\u015fm\u0131\u015f \u201c-ov\/-ova\u201d v\u0259 \u201c-vi\u00e7 \/-ovna\u201d \u015f\u0259kil\u00e7il\u0259rinin istifad\u0259si qada\u011fand\u0131r. \u0130stisna yaln\u0131z milli azl\u0131qlar\u0131n n\u00fcmay\u0259nd\u0259l\u0259ri \u00fc\u00e7\u00fcn edilib. Bu bar\u0259d\u0259 \u201cSputnik\u201d x\u0259b\u0259r yay\u0131b. Bildirilir ki, \u00f6lk\u0259 parlamentinin aprelin 28-d\u0259 ke\u00e7irilmi\u015f\u00a0iclas\u0131nda q\u0259bul edilmi\u015f q\u0259tnam\u0259y\u0259 \u0259sas\u0259n, Tacikistan\u0131n v\u0259t\u0259nda\u015f v\u0259ziyy\u0259ti aktlar\u0131n\u0131n d\u00f6vl\u0259t qeydiyyat\u0131 haqq\u0131nda qanununa m\u00fcvafiq d\u0259yi\u015fiklikl\u0259r edilib. Qanun m\u00fc\u0259llifl\u0259ri bunun v\u0259t\u0259nda\u015flar\u0131n \u00f6z\u00fcn\u00fcd\u0259rkini art\u0131rmaq v\u0259 milli kimliyini qorumaq m\u0259qs\u0259dil\u0259 edildiyini bildirib. Bundan sonra soyad sonluqlar\u0131na \u201c-zoda\u201d \u201c-iyon\u201d, \u201c-purduxt\u201d , \u201c-i\u201d, \u201c-zod\u201d, \u201c-on\u201d, \u201c-yon\u201d v\u0259 sair milli sonluqlar art\u0131r\u0131lacaq. O da vur\u011fulan\u0131b ki, yenilik haz\u0131rda soyadlar\u0131nda \u201c-ov\/-ova\u201d sonlu\u011fu&hellip;<\/p>\n","protected":false},"author":2,"featured_media":156048,"comment_status":"closed","ping_status":"closed","sticky":false,"template":"","format":"standard","meta":{"om_disable_all_campaigns":false,"_monsterinsights_skip_tracking":false,"_monsterinsights_sitenote_active":false,"_monsterinsights_sitenote_note":"","_monsterinsights_sitenote_category":0},"categories":[7],"tags":[],"aioseo_notices":[],"gutentor_comment":0,"rttpg_featured_image_url":{"full":["https:\/\/arantv.az\/wp-content\/uploads\/2020\/04\/1029188326.jpg",620,335,false],"landscape":["https:\/\/arantv.az\/wp-content\/uploads\/2020\/04\/1029188326.jpg",620,335,false],"portraits":["https:\/\/arantv.az\/wp-content\/uploads\/2020\/04\/1029188326.jpg",620,335,false],"thumbnail":["https:\/\/arantv.az\/wp-content\/uploads\/2020\/04\/1029188326-150x150.jpg",150,150,true],"medium":["https:\/\/arantv.az\/wp-content\/uploads\/2020\/04\/1029188326-300x162.jpg",300,162,true],"large":["https:\/\/arantv.az\/wp-content\/uploads\/2020\/04\/1029188326.jpg",620,335,false],"1536x1536":["https:\/\/arantv.az\/wp-content\/uploads\/2020\/04\/1029188326.jpg",620,335,false],"2048x2048":["https:\/\/arantv.az\/wp-content\/uploads\/2020\/04\/1029188326.jpg",620,335,false],"post-thumbnail":["https:\/\/arantv.az\/wp-content\/uploads\/2020\/04\/1029188326-240x172.jpg",240,172,true],"advps-thumb-one":["https:\/\/arantv.az\/wp-content\/uploads\/2020\/04\/1029188326.jpg",620,335,false]},"rttpg_author":{"display_name":"V\u00fcsal Rafiqo\u011flu","author_link":"https:\/\/arantv.az\/?author=2"},"rttpg_comment":0,"rttpg_category":"<a href=\"https:\/\/arantv.az\/?cat=7\" rel=\"category\">D\u00fcnya<\/a>","rttpg_excerpt":"Bu g\u00fcnd\u0259n etibar\u0259n Tacikistanda soyad v\u0259 ata ad\u0131n\u0131 yazark\u0259n rusla\u015fm\u0131\u015f \u201c-ov\/-ova\u201d v\u0259 \u201c-vi\u00e7 \/-ovna\u201d \u015f\u0259kil\u00e7il\u0259rinin istifad\u0259si qada\u011fand\u0131r. \u0130stisna yaln\u0131z milli azl\u0131qlar\u0131n n\u00fcmay\u0259nd\u0259l\u0259ri \u00fc\u00e7\u00fcn edilib. Bu bar\u0259d\u0259 \u201cSputnik\u201d x\u0259b\u0259r yay\u0131b. Bildirilir ki, \u00f6lk\u0259 parlamentinin aprelin 28-d\u0259 ke\u00e7irilmi\u015f\u00a0iclas\u0131nda q\u0259bul edilmi\u015f q\u0259tnam\u0259y\u0259 \u0259sas\u0259n, Tacikistan\u0131n v\u0259t\u0259nda\u015f v\u0259ziyy\u0259ti aktlar\u0131n\u0131n d\u00f6vl\u0259t qeydiyyat\u0131 haqq\u0131nda qanununa m\u00fcvafiq d\u0259yi\u015fiklikl\u0259r edilib. Qanun m\u00fc\u0259llifl\u0259ri bunun v\u0259t\u0259nda\u015flar\u0131n&hellip;","_links":{"self":[{"href":"https:\/\/arantv.az\/index.php?rest_route=\/wp\/v2\/posts\/156047"}],"collection":[{"href":"https:\/\/arantv.az\/index.php?rest_route=\/wp\/v2\/posts"}],"about":[{"href":"https:\/\/arantv.az\/index.php?rest_route=\/wp\/v2\/types\/post"}],"author":[{"embeddable":true,"href":"https:\/\/arantv.az\/index.php?rest_route=\/wp\/v2\/users\/2"}],"replies":[{"embeddable":true,"href":"https:\/\/arantv.az\/index.php?rest_route=%2Fwp%2Fv2%2Fcomments&post=156047"}],"version-history":[{"count":0,"href":"https:\/\/arantv.az\/index.php?rest_route=\/wp\/v2\/posts\/156047\/revisions"}],"wp:featuredmedia":[{"embeddable":true,"href":"https:\/\/arantv.az\/index.php?rest_route=\/wp\/v2\/media\/156048"}],"wp:attachment":[{"href":"https:\/\/arantv.az\/index.php?rest_route=%2Fwp%2Fv2%2Fmedia&parent=156047"}],"wp:term":[{"taxonomy":"category","embeddable":true,"href":"https:\/\/arantv.az\/index.php?rest_route=%2Fwp%2Fv2%2Fcategories&post=156047"},{"taxonomy":"post_tag","embeddable":true,"href":"https:\/\/arantv.az\/index.php?rest_route=%2Fwp%2Fv2%2Ftags&post=156047"}],"curies":[{"name":"wp","href":"https:\/\/api.w.org\/{rel}","templated":true}]}}