{"id":156079,"date":"2020-04-29T16:07:59","date_gmt":"2020-04-29T13:07:59","guid":{"rendered":"http:\/\/arantv.az\/?p=156079"},"modified":"2020-04-29T16:07:59","modified_gmt":"2020-04-29T13:07:59","slug":"bu-olk%c9%99-d%c9%99-turizm-movsumunu-acir","status":"publish","type":"post","link":"https:\/\/arantv.az\/?p=156079","title":{"rendered":"Bu \u00f6lk\u0259 d\u0259 turizm m\u00f6vs\u00fcm\u00fcn\u00fc a\u00e7\u0131r"},"content":{"rendered":"<p>Bolqar\u0131stan\u0131n Qara d\u0259niz b\u00f6lg\u0259sind\u0259 yay turizmi m\u00f6vs\u00fcm\u00fcn\u0259 haz\u0131rl\u0131qlar iyunun 15-d\u0259n ba\u015flayacaq.<\/p>\n<p>Bununla ba\u011fl\u0131 Rus.bg portal\u0131 \u00f6lk\u0259nin Turizm naziri Nikolina Angelkovaya\u00a0istinadla m\u0259lumat yay\u0131b.<\/p>\n<div id=\"AdviadNativeVideo0\" class=\"AdviadNativeVideo\"><\/div>\n<p>Onun s\u00f6zl\u0259rin\u0259 g\u00f6r\u0259, aktiv yay m\u00f6vs\u00fcm\u00fc iyulun 1-d\u0259n ba\u015flayacaq v\u0259 turistl\u0259r \u00fc\u00e7\u00fcn a\u00e7\u0131q olacaq.<\/p>\n<p>O, h\u0259r bir \u00e7im\u0259rliyi x\u00fcsusi t\u0259hlil etdikd\u0259n sonra pulsuz stul\u00a0v\u0259 \u00e7\u0259tirl\u0259rin harada yerl\u0259\u015fdirilm\u0259si\u00a0v\u0259 simvolik qiym\u0259tl\u0259rin nec\u0259 t\u0259tbiq olunaca\u011f\u0131\u00a0il\u0259 \u0259laq\u0259dar t\u0259klifl\u0259rin veril\u0259c\u0259yini bildirib.<\/p>\n<p>Nazir qeyd edib ki, Bolqar\u0131standa turizm \u00dcDM-nin 12 faizini t\u0259\u015fkil ed\u0259r\u0259k, m\u0259\u015f\u011fullu\u011fun 11 faizini t\u0259min edir.<\/p>\n","protected":false},"excerpt":{"rendered":"<p>Bolqar\u0131stan\u0131n Qara d\u0259niz b\u00f6lg\u0259sind\u0259 yay turizmi m\u00f6vs\u00fcm\u00fcn\u0259 haz\u0131rl\u0131qlar iyunun 15-d\u0259n ba\u015flayacaq. Bununla ba\u011fl\u0131 Rus.bg portal\u0131 \u00f6lk\u0259nin Turizm naziri Nikolina Angelkovaya\u00a0istinadla m\u0259lumat yay\u0131b. Onun s\u00f6zl\u0259rin\u0259 g\u00f6r\u0259, aktiv yay m\u00f6vs\u00fcm\u00fc iyulun 1-d\u0259n ba\u015flayacaq v\u0259 turistl\u0259r \u00fc\u00e7\u00fcn a\u00e7\u0131q olacaq. O, h\u0259r bir \u00e7im\u0259rliyi x\u00fcsusi t\u0259hlil etdikd\u0259n sonra pulsuz stul\u00a0v\u0259 \u00e7\u0259tirl\u0259rin harada yerl\u0259\u015fdirilm\u0259si\u00a0v\u0259 simvolik qiym\u0259tl\u0259rin nec\u0259 t\u0259tbiq olunaca\u011f\u0131\u00a0il\u0259 \u0259laq\u0259dar t\u0259klifl\u0259rin veril\u0259c\u0259yini bildirib. Nazir qeyd edib ki, Bolqar\u0131standa turizm \u00dcDM-nin 12 faizini t\u0259\u015fkil ed\u0259r\u0259k, m\u0259\u015f\u011fullu\u011fun 11 faizini t\u0259min edir.<\/p>\n","protected":false},"author":2,"featured_media":156080,"comment_status":"closed","ping_status":"closed","sticky":false,"template":"","format":"standard","meta":{"om_disable_all_campaigns":false,"_monsterinsights_skip_tracking":false,"_monsterinsights_sitenote_active":false,"_monsterinsights_sitenote_note":"","_monsterinsights_sitenote_category":0},"categories":[7],"tags":[],"aioseo_notices":[],"gutentor_comment":0,"rttpg_featured_image_url":{"full":["https:\/\/arantv.az\/wp-content\/uploads\/2020\/04\/Suncev-Breg.jpg",600,391,false],"landscape":["https:\/\/arantv.az\/wp-content\/uploads\/2020\/04\/Suncev-Breg.jpg",600,391,false],"portraits":["https:\/\/arantv.az\/wp-content\/uploads\/2020\/04\/Suncev-Breg.jpg",600,391,false],"thumbnail":["https:\/\/arantv.az\/wp-content\/uploads\/2020\/04\/Suncev-Breg-150x150.jpg",150,150,true],"medium":["https:\/\/arantv.az\/wp-content\/uploads\/2020\/04\/Suncev-Breg-300x196.jpg",300,196,true],"large":["https:\/\/arantv.az\/wp-content\/uploads\/2020\/04\/Suncev-Breg.jpg",600,391,false],"1536x1536":["https:\/\/arantv.az\/wp-content\/uploads\/2020\/04\/Suncev-Breg.jpg",600,391,false],"2048x2048":["https:\/\/arantv.az\/wp-content\/uploads\/2020\/04\/Suncev-Breg.jpg",600,391,false],"post-thumbnail":["https:\/\/arantv.az\/wp-content\/uploads\/2020\/04\/Suncev-Breg-240x172.jpg",240,172,true],"advps-thumb-one":["https:\/\/arantv.az\/wp-content\/uploads\/2020\/04\/Suncev-Breg.jpg",600,391,false]},"rttpg_author":{"display_name":"V\u00fcsal Rafiqo\u011flu","author_link":"https:\/\/arantv.az\/?author=2"},"rttpg_comment":0,"rttpg_category":"<a href=\"https:\/\/arantv.az\/?cat=7\" rel=\"category\">D\u00fcnya<\/a>","rttpg_excerpt":"Bolqar\u0131stan\u0131n Qara d\u0259niz b\u00f6lg\u0259sind\u0259 yay turizmi m\u00f6vs\u00fcm\u00fcn\u0259 haz\u0131rl\u0131qlar iyunun 15-d\u0259n ba\u015flayacaq. Bununla ba\u011fl\u0131 Rus.bg portal\u0131 \u00f6lk\u0259nin Turizm naziri Nikolina Angelkovaya\u00a0istinadla m\u0259lumat yay\u0131b. Onun s\u00f6zl\u0259rin\u0259 g\u00f6r\u0259, aktiv yay m\u00f6vs\u00fcm\u00fc iyulun 1-d\u0259n ba\u015flayacaq v\u0259 turistl\u0259r \u00fc\u00e7\u00fcn a\u00e7\u0131q olacaq. O, h\u0259r bir \u00e7im\u0259rliyi x\u00fcsusi t\u0259hlil etdikd\u0259n sonra pulsuz stul\u00a0v\u0259 \u00e7\u0259tirl\u0259rin harada yerl\u0259\u015fdirilm\u0259si\u00a0v\u0259 simvolik qiym\u0259tl\u0259rin nec\u0259 t\u0259tbiq olunaca\u011f\u0131\u00a0il\u0259 \u0259laq\u0259dar&hellip;","_links":{"self":[{"href":"https:\/\/arantv.az\/index.php?rest_route=\/wp\/v2\/posts\/156079"}],"collection":[{"href":"https:\/\/arantv.az\/index.php?rest_route=\/wp\/v2\/posts"}],"about":[{"href":"https:\/\/arantv.az\/index.php?rest_route=\/wp\/v2\/types\/post"}],"author":[{"embeddable":true,"href":"https:\/\/arantv.az\/index.php?rest_route=\/wp\/v2\/users\/2"}],"replies":[{"embeddable":true,"href":"https:\/\/arantv.az\/index.php?rest_route=%2Fwp%2Fv2%2Fcomments&post=156079"}],"version-history":[{"count":0,"href":"https:\/\/arantv.az\/index.php?rest_route=\/wp\/v2\/posts\/156079\/revisions"}],"wp:featuredmedia":[{"embeddable":true,"href":"https:\/\/arantv.az\/index.php?rest_route=\/wp\/v2\/media\/156080"}],"wp:attachment":[{"href":"https:\/\/arantv.az\/index.php?rest_route=%2Fwp%2Fv2%2Fmedia&parent=156079"}],"wp:term":[{"taxonomy":"category","embeddable":true,"href":"https:\/\/arantv.az\/index.php?rest_route=%2Fwp%2Fv2%2Fcategories&post=156079"},{"taxonomy":"post_tag","embeddable":true,"href":"https:\/\/arantv.az\/index.php?rest_route=%2Fwp%2Fv2%2Ftags&post=156079"}],"curies":[{"name":"wp","href":"https:\/\/api.w.org\/{rel}","templated":true}]}}