{"id":156101,"date":"2020-04-29T20:10:37","date_gmt":"2020-04-29T17:10:37","guid":{"rendered":"http:\/\/arantv.az\/?p=156101"},"modified":"2020-04-29T20:10:49","modified_gmt":"2020-04-29T17:10:49","slug":"icra-bascisi-il%c9%99-birg%c9%99-saxlanilan-muavinl%c9%99ri-foto-2","status":"publish","type":"post","link":"https:\/\/arantv.az\/?p=156101","title":{"rendered":"\u0130cra ba\u015f\u00e7\u0131s\u0131 il\u0259 birg\u0259 saxlan\u0131lan m\u00fcavinl\u0259ri (FOTO)"},"content":{"rendered":"<p><strong>D\u00f6vl\u0259t T\u0259hl\u00fck\u0259sizliyi Xidm\u0259tinin (DTX) x\u00fcsusi t\u0259yinatl\u0131 d\u0259st\u0259l\u0259ri Bil\u0259suvar rayon \u0130cra Hakimiyy\u0259tinin binas\u0131nda x\u00fcsusi \u0259m\u0259liyyat ke\u00e7irib. Art\u0131q \u0130cra Hakimiyy\u0259tinin binas\u0131na giri\u015f qada\u011fan edilib.<\/strong><\/p>\n<p>Unikal.org-un m\u0259lumat\u0131na g\u00f6r\u0259, \u0259m\u0259liyyat zaman\u0131 rayon icra hakimiyy\u0259tinin ba\u015f\u00e7\u0131s\u0131 Mahir Quliyevl\u0259 birg\u0259 m\u00fcavinl\u0259ri &#8211; birinci m\u00fcavini Xanlar Bayram o\u011flu M\u0259mm\u0259dov, m\u00fcavini &#8211; sosial-iqtisadi inki\u015faf\u0131n t\u0259hlili v\u0259 proqnozla\u015fd\u0131r\u0131lmas\u0131 \u015f\u00f6b\u0259sinin m\u00fcdiri &#8211; Elsev\u0259r C\u0259mil o\u011flu H\u0259s\u0259nov, m\u00fcavini &#8211; ictimai-siyasi v\u0259 humanitar m\u0259s\u0259l\u0259l\u0259r \u015f\u00f6b\u0259sinin m\u00fcdiri L\u0259man C\u0259bray\u0131l q\u0131z\u0131 Y\u00fczba\u015fova da saxlan\u0131l\u0131b.<\/p>\n<div><\/div>\n<p>\u00a0<\/p>\n<div>\n<div class=\"form-group\"><img class=\"img-responsive\" src=\"https:\/\/a.radikal.ru\/a29\/2004\/18\/69cc87646e93.jpg\" \/><\/div>\n<\/div>\n","protected":false},"excerpt":{"rendered":"<p>D\u00f6vl\u0259t T\u0259hl\u00fck\u0259sizliyi Xidm\u0259tinin (DTX) x\u00fcsusi t\u0259yinatl\u0131 d\u0259st\u0259l\u0259ri Bil\u0259suvar rayon \u0130cra Hakimiyy\u0259tinin binas\u0131nda x\u00fcsusi \u0259m\u0259liyyat ke\u00e7irib. Art\u0131q \u0130cra Hakimiyy\u0259tinin binas\u0131na giri\u015f qada\u011fan edilib. Unikal.org-un m\u0259lumat\u0131na g\u00f6r\u0259, \u0259m\u0259liyyat zaman\u0131 rayon icra hakimiyy\u0259tinin ba\u015f\u00e7\u0131s\u0131 Mahir Quliyevl\u0259 birg\u0259 m\u00fcavinl\u0259ri &#8211; birinci m\u00fcavini Xanlar Bayram o\u011flu M\u0259mm\u0259dov, m\u00fcavini &#8211; sosial-iqtisadi inki\u015faf\u0131n t\u0259hlili v\u0259 proqnozla\u015fd\u0131r\u0131lmas\u0131 \u015f\u00f6b\u0259sinin m\u00fcdiri &#8211; Elsev\u0259r C\u0259mil o\u011flu H\u0259s\u0259nov, m\u00fcavini &#8211; ictimai-siyasi v\u0259 humanitar m\u0259s\u0259l\u0259l\u0259r \u015f\u00f6b\u0259sinin m\u00fcdiri L\u0259man C\u0259bray\u0131l q\u0131z\u0131 Y\u00fczba\u015fova da saxlan\u0131l\u0131b. \u00a0<\/p>\n","protected":false},"author":2,"featured_media":156102,"comment_status":"closed","ping_status":"closed","sticky":false,"template":"","format":"standard","meta":{"om_disable_all_campaigns":false,"_monsterinsights_skip_tracking":false,"_monsterinsights_sitenote_active":false,"_monsterinsights_sitenote_note":"","_monsterinsights_sitenote_category":0},"categories":[2],"tags":[],"aioseo_notices":[],"gutentor_comment":0,"rttpg_featured_image_url":{"full":["https:\/\/arantv.az\/wp-content\/uploads\/2020\/04\/icra-99x99.jpg",99,99,false],"landscape":["https:\/\/arantv.az\/wp-content\/uploads\/2020\/04\/icra-99x99.jpg",99,99,false],"portraits":["https:\/\/arantv.az\/wp-content\/uploads\/2020\/04\/icra-99x99.jpg",99,99,false],"thumbnail":["https:\/\/arantv.az\/wp-content\/uploads\/2020\/04\/icra-99x99.jpg",99,99,false],"medium":["https:\/\/arantv.az\/wp-content\/uploads\/2020\/04\/icra-99x99.jpg",99,99,false],"large":["https:\/\/arantv.az\/wp-content\/uploads\/2020\/04\/icra-99x99.jpg",99,99,false],"1536x1536":["https:\/\/arantv.az\/wp-content\/uploads\/2020\/04\/icra-99x99.jpg",99,99,false],"2048x2048":["https:\/\/arantv.az\/wp-content\/uploads\/2020\/04\/icra-99x99.jpg",99,99,false],"post-thumbnail":["https:\/\/arantv.az\/wp-content\/uploads\/2020\/04\/icra-99x99.jpg",99,99,false],"advps-thumb-one":["https:\/\/arantv.az\/wp-content\/uploads\/2020\/04\/icra-99x99.jpg",99,99,false]},"rttpg_author":{"display_name":"V\u00fcsal Rafiqo\u011flu","author_link":"https:\/\/arantv.az\/?author=2"},"rttpg_comment":0,"rttpg_category":"<a href=\"https:\/\/arantv.az\/?cat=2\" rel=\"category\">Region X\u0259b\u0259rl\u0259ri<\/a>","rttpg_excerpt":"D\u00f6vl\u0259t T\u0259hl\u00fck\u0259sizliyi Xidm\u0259tinin (DTX) x\u00fcsusi t\u0259yinatl\u0131 d\u0259st\u0259l\u0259ri Bil\u0259suvar rayon \u0130cra Hakimiyy\u0259tinin binas\u0131nda x\u00fcsusi \u0259m\u0259liyyat ke\u00e7irib. Art\u0131q \u0130cra Hakimiyy\u0259tinin binas\u0131na giri\u015f qada\u011fan edilib. Unikal.org-un m\u0259lumat\u0131na g\u00f6r\u0259, \u0259m\u0259liyyat zaman\u0131 rayon icra hakimiyy\u0259tinin ba\u015f\u00e7\u0131s\u0131 Mahir Quliyevl\u0259 birg\u0259 m\u00fcavinl\u0259ri &#8211; birinci m\u00fcavini Xanlar Bayram o\u011flu M\u0259mm\u0259dov, m\u00fcavini &#8211; sosial-iqtisadi inki\u015faf\u0131n t\u0259hlili v\u0259 proqnozla\u015fd\u0131r\u0131lmas\u0131 \u015f\u00f6b\u0259sinin m\u00fcdiri &#8211; Elsev\u0259r C\u0259mil o\u011flu&hellip;","_links":{"self":[{"href":"https:\/\/arantv.az\/index.php?rest_route=\/wp\/v2\/posts\/156101"}],"collection":[{"href":"https:\/\/arantv.az\/index.php?rest_route=\/wp\/v2\/posts"}],"about":[{"href":"https:\/\/arantv.az\/index.php?rest_route=\/wp\/v2\/types\/post"}],"author":[{"embeddable":true,"href":"https:\/\/arantv.az\/index.php?rest_route=\/wp\/v2\/users\/2"}],"replies":[{"embeddable":true,"href":"https:\/\/arantv.az\/index.php?rest_route=%2Fwp%2Fv2%2Fcomments&post=156101"}],"version-history":[{"count":0,"href":"https:\/\/arantv.az\/index.php?rest_route=\/wp\/v2\/posts\/156101\/revisions"}],"wp:featuredmedia":[{"embeddable":true,"href":"https:\/\/arantv.az\/index.php?rest_route=\/wp\/v2\/media\/156102"}],"wp:attachment":[{"href":"https:\/\/arantv.az\/index.php?rest_route=%2Fwp%2Fv2%2Fmedia&parent=156101"}],"wp:term":[{"taxonomy":"category","embeddable":true,"href":"https:\/\/arantv.az\/index.php?rest_route=%2Fwp%2Fv2%2Fcategories&post=156101"},{"taxonomy":"post_tag","embeddable":true,"href":"https:\/\/arantv.az\/index.php?rest_route=%2Fwp%2Fv2%2Ftags&post=156101"}],"curies":[{"name":"wp","href":"https:\/\/api.w.org\/{rel}","templated":true}]}}