{"id":156106,"date":"2020-04-29T20:12:11","date_gmt":"2020-04-29T17:12:11","guid":{"rendered":"http:\/\/arantv.az\/?p=156106"},"modified":"2020-04-29T20:12:11","modified_gmt":"2020-04-29T17:12:11","slug":"g%c9%99nc%c9%99d%c9%99-xusui-karantin-rejiminin-t%c9%99l%c9%99bl%c9%99rinin-icrasina-n%c9%99zar%c9%99t-davam-etdirilir","status":"publish","type":"post","link":"https:\/\/arantv.az\/?p=156106","title":{"rendered":"G\u0259nc\u0259d\u0259 x\u00fcsui karantin rejiminin t\u0259l\u0259bl\u0259rinin icras\u0131na n\u0259zar\u0259t davam etdirilir"},"content":{"rendered":"<p>D\u0130N-in M\u0259tbuat Xidm\u0259tinin G\u0259nc\u0259 \u015f\u0259h\u0259rind\u0259ki regional qrupundan Musavat.com-a veril\u0259n m\u0259lumata g\u00f6r\u0259 aprelin 27-d\u0259n etibar\u0259n Nazirl\u0259r Kabineti yan\u0131nda Operativ Q\u0259rargah t\u0259r\u0259find\u0259n q\u0259bul edil\u0259n x\u00fcsusi karantin rejiminin t\u0259l\u0259bl\u0259rinin bir qisminin yum\u015fald\u0131lmas\u0131na baxmayaraq G\u0259nc\u0259 \u015f\u0259h\u0259r Ba\u015f Polis \u0130dar\u0259sinin \u0259m\u0259kda\u015flar\u0131 xidm\u0259tl\u0259rini g\u00fccl\u0259ndirilmi\u015f rejimd\u0259 davam etdirir.<br \/>\nBel\u0259 ki, G\u0259nc\u0259 \u015f\u0259h\u0259r Ba\u015f Polis \u0130dar\u0259sinin v\u0259 Daxili Qo\u015funlar\u0131n \u0259m\u0259kda\u015flar\u0131 x\u00fcsusi karantin rejimi il\u0259 \u0259laq\u0259dar \u015f\u0259h\u0259r \u0259razisind\u0259 h\u0259m profilaktiki h\u0259m d\u0259 reyd xarakterli t\u0259dbirl\u0259r h\u0259yata ke\u00e7irir. T\u0259\u015fkil edil\u0259n reydl\u0259r zaman\u0131 x\u00fcsusi karantin rejiminin t\u0259l\u0259bl\u0259rini pozan \u015f\u0259xsl\u0259r a\u015fkarlanaraq bar\u0259sind\u0259 m\u00fcvafiq qanunlara uy\u011fun olaraq t\u0259dbirl\u0259r g\u00f6r\u00fcl\u00fcb. Bel\u0259 ki, ara\u015fd\u0131rmalar zaman\u0131 \u00fcmumilikd\u0259 1015 \u015f\u0259xsin x\u00fcsusi karantin rejiminin t\u0259l\u0259bl\u0259rini pozmas\u0131 a\u015fkarlan\u0131b ki, onlardan 1004-\u00fc \u0130nzibati X\u0259talar M\u0259c\u0259ll\u0259sinin 211-ci (Epidemiya \u0259leyhin\u0259 rejimin, sanitariya-gigiyena v\u0259 karantin rejiml\u0259rinin pozulmas\u0131) madd\u0259si il\u0259 c\u0259rim\u0259 edilibl\u0259r. 11 \u015f\u0259xs bar\u0259sind\u0259 aidiyy\u0259ti m\u0259hk\u0259m\u0259nin q\u0259rar\u0131 il\u0259 inzibati h\u0259bs se\u00e7ilib. Qeyd ed\u0259k ki, inzibati t\u0259dbir g\u00f6r\u00fcl\u0259n \u015f\u0259xsl\u0259rd\u0259n 22 n\u0259f\u0259ri ia\u015f\u0259 obyektl\u0259rinin sahibl\u0259ridir.<\/p>\n<p>Ke\u00e7iril\u0259n t\u0259dbirl\u0259r zaman\u0131 sakinl\u0259r\u0259 tibbi maska v\u0259 \u0259lc\u0259kl\u0259rd\u0259n istifad\u0259 etm\u0259l\u0259ri t\u00f6vsiy\u0259 olunub, olmayanlara polis \u0259m\u0259kda\u015flar\u0131 t\u0259r\u0259find\u0259n t\u0259qdim edilib.<\/p>\n<div>\n<div class=\"form-group\"><img class=\"img-responsive\" src=\"https:\/\/a.radikal.ru\/a30\/2004\/81\/13778a343668.jpg\" \/><\/div>\n<div class=\"form-group\"><img class=\"img-responsive\" src=\"https:\/\/b.radikal.ru\/b41\/2004\/e4\/2ff4699348e2.jpg\" \/><\/div>\n<\/div>\n","protected":false},"excerpt":{"rendered":"<p>D\u0130N-in M\u0259tbuat Xidm\u0259tinin G\u0259nc\u0259 \u015f\u0259h\u0259rind\u0259ki regional qrupundan Musavat.com-a veril\u0259n m\u0259lumata g\u00f6r\u0259 aprelin 27-d\u0259n etibar\u0259n Nazirl\u0259r Kabineti yan\u0131nda Operativ Q\u0259rargah t\u0259r\u0259find\u0259n q\u0259bul edil\u0259n x\u00fcsusi karantin rejiminin t\u0259l\u0259bl\u0259rinin bir qisminin yum\u015fald\u0131lmas\u0131na baxmayaraq G\u0259nc\u0259 \u015f\u0259h\u0259r Ba\u015f Polis \u0130dar\u0259sinin \u0259m\u0259kda\u015flar\u0131 xidm\u0259tl\u0259rini g\u00fccl\u0259ndirilmi\u015f rejimd\u0259 davam etdirir. Bel\u0259 ki, G\u0259nc\u0259 \u015f\u0259h\u0259r Ba\u015f Polis \u0130dar\u0259sinin v\u0259 Daxili Qo\u015funlar\u0131n \u0259m\u0259kda\u015flar\u0131 x\u00fcsusi karantin rejimi il\u0259 \u0259laq\u0259dar \u015f\u0259h\u0259r \u0259razisind\u0259 h\u0259m profilaktiki h\u0259m d\u0259 reyd xarakterli t\u0259dbirl\u0259r h\u0259yata ke\u00e7irir. T\u0259\u015fkil edil\u0259n reydl\u0259r zaman\u0131 x\u00fcsusi karantin rejiminin t\u0259l\u0259bl\u0259rini pozan \u015f\u0259xsl\u0259r a\u015fkarlanaraq bar\u0259sind\u0259 m\u00fcvafiq qanunlara uy\u011fun olaraq t\u0259dbirl\u0259r g\u00f6r\u00fcl\u00fcb. Bel\u0259 ki, ara\u015fd\u0131rmalar zaman\u0131&hellip;<\/p>\n","protected":false},"author":2,"featured_media":156107,"comment_status":"closed","ping_status":"closed","sticky":false,"template":"","format":"standard","meta":{"om_disable_all_campaigns":false,"_monsterinsights_skip_tracking":false,"_monsterinsights_sitenote_active":false,"_monsterinsights_sitenote_note":"","_monsterinsights_sitenote_category":0},"categories":[2],"tags":[],"aioseo_notices":[],"gutentor_comment":0,"rttpg_featured_image_url":{"full":["https:\/\/arantv.az\/wp-content\/uploads\/2020\/04\/0f680474b0c88c1a92ff14c55068d639.jpg",450,300,false],"landscape":["https:\/\/arantv.az\/wp-content\/uploads\/2020\/04\/0f680474b0c88c1a92ff14c55068d639.jpg",450,300,false],"portraits":["https:\/\/arantv.az\/wp-content\/uploads\/2020\/04\/0f680474b0c88c1a92ff14c55068d639.jpg",450,300,false],"thumbnail":["https:\/\/arantv.az\/wp-content\/uploads\/2020\/04\/0f680474b0c88c1a92ff14c55068d639-150x150.jpg",150,150,true],"medium":["https:\/\/arantv.az\/wp-content\/uploads\/2020\/04\/0f680474b0c88c1a92ff14c55068d639-300x200.jpg",300,200,true],"large":["https:\/\/arantv.az\/wp-content\/uploads\/2020\/04\/0f680474b0c88c1a92ff14c55068d639.jpg",450,300,false],"1536x1536":["https:\/\/arantv.az\/wp-content\/uploads\/2020\/04\/0f680474b0c88c1a92ff14c55068d639.jpg",450,300,false],"2048x2048":["https:\/\/arantv.az\/wp-content\/uploads\/2020\/04\/0f680474b0c88c1a92ff14c55068d639.jpg",450,300,false],"post-thumbnail":["https:\/\/arantv.az\/wp-content\/uploads\/2020\/04\/0f680474b0c88c1a92ff14c55068d639-240x172.jpg",240,172,true],"advps-thumb-one":["https:\/\/arantv.az\/wp-content\/uploads\/2020\/04\/0f680474b0c88c1a92ff14c55068d639.jpg",450,300,false]},"rttpg_author":{"display_name":"V\u00fcsal Rafiqo\u011flu","author_link":"https:\/\/arantv.az\/?author=2"},"rttpg_comment":0,"rttpg_category":"<a href=\"https:\/\/arantv.az\/?cat=2\" rel=\"category\">Region X\u0259b\u0259rl\u0259ri<\/a>","rttpg_excerpt":"D\u0130N-in M\u0259tbuat Xidm\u0259tinin G\u0259nc\u0259 \u015f\u0259h\u0259rind\u0259ki regional qrupundan Musavat.com-a veril\u0259n m\u0259lumata g\u00f6r\u0259 aprelin 27-d\u0259n etibar\u0259n Nazirl\u0259r Kabineti yan\u0131nda Operativ Q\u0259rargah t\u0259r\u0259find\u0259n q\u0259bul edil\u0259n x\u00fcsusi karantin rejiminin t\u0259l\u0259bl\u0259rinin bir qisminin yum\u015fald\u0131lmas\u0131na baxmayaraq G\u0259nc\u0259 \u015f\u0259h\u0259r Ba\u015f Polis \u0130dar\u0259sinin \u0259m\u0259kda\u015flar\u0131 xidm\u0259tl\u0259rini g\u00fccl\u0259ndirilmi\u015f rejimd\u0259 davam etdirir. Bel\u0259 ki, G\u0259nc\u0259 \u015f\u0259h\u0259r Ba\u015f Polis \u0130dar\u0259sinin v\u0259 Daxili Qo\u015funlar\u0131n \u0259m\u0259kda\u015flar\u0131 x\u00fcsusi karantin rejimi&hellip;","_links":{"self":[{"href":"https:\/\/arantv.az\/index.php?rest_route=\/wp\/v2\/posts\/156106"}],"collection":[{"href":"https:\/\/arantv.az\/index.php?rest_route=\/wp\/v2\/posts"}],"about":[{"href":"https:\/\/arantv.az\/index.php?rest_route=\/wp\/v2\/types\/post"}],"author":[{"embeddable":true,"href":"https:\/\/arantv.az\/index.php?rest_route=\/wp\/v2\/users\/2"}],"replies":[{"embeddable":true,"href":"https:\/\/arantv.az\/index.php?rest_route=%2Fwp%2Fv2%2Fcomments&post=156106"}],"version-history":[{"count":0,"href":"https:\/\/arantv.az\/index.php?rest_route=\/wp\/v2\/posts\/156106\/revisions"}],"wp:featuredmedia":[{"embeddable":true,"href":"https:\/\/arantv.az\/index.php?rest_route=\/wp\/v2\/media\/156107"}],"wp:attachment":[{"href":"https:\/\/arantv.az\/index.php?rest_route=%2Fwp%2Fv2%2Fmedia&parent=156106"}],"wp:term":[{"taxonomy":"category","embeddable":true,"href":"https:\/\/arantv.az\/index.php?rest_route=%2Fwp%2Fv2%2Fcategories&post=156106"},{"taxonomy":"post_tag","embeddable":true,"href":"https:\/\/arantv.az\/index.php?rest_route=%2Fwp%2Fv2%2Ftags&post=156106"}],"curies":[{"name":"wp","href":"https:\/\/api.w.org\/{rel}","templated":true}]}}