{"id":156114,"date":"2020-04-29T20:18:52","date_gmt":"2020-04-29T17:18:52","guid":{"rendered":"http:\/\/arantv.az\/?p=156114"},"modified":"2020-04-29T20:18:52","modified_gmt":"2020-04-29T17:18:52","slug":"mayin-4-d%c9%99n-bakiya-boyuk-donus-baslayir-video","status":"publish","type":"post","link":"https:\/\/arantv.az\/?p=156114","title":{"rendered":"May\u0131n 4-d\u0259n Bak\u0131ya \u201cb\u00f6y\u00fck d\u00f6n\u00fc\u015f\u201d ba\u015flay\u0131r? &#8211; V\u0130DEO"},"content":{"rendered":"<article class=\"news\">\n<div class=\"news-inner\">\n<p>Bu g\u00fcnd\u0259n etibar\u0259n Bak\u0131-Sumqay\u0131t istiqam\u0259tind\u0259 s\u0259rni\u015fin ax\u0131n\u0131n\u0131n artmas\u0131 n\u0259z\u0259r\u0259 al\u0131naraq, b\u00fct\u00fcn avtobuslar x\u0259tt\u0259 \u00e7\u0131xar\u0131l\u0131b.<\/p>\n<p>Eyni zamanda, \u015f\u0259h\u0259rl\u0259raras\u0131 da\u015f\u0131malar\u0131n b\u0259rpas\u0131na dair f\u0259aliyy\u0259t plan\u0131 D\u00f6vl\u0259t Avtomobil N\u0259qliyyat\u0131 Xidm\u0259ti t\u0259r\u0259find\u0259n haz\u0131rlanaraq, Nazirl\u0259r Kabinetin\u0259 t\u0259hvil verilib.<\/p>\n<div id=\"AdviadNativeVideo0\" class=\"AdviadNativeVideo\"><\/div>\n<p>Plana \u0259sas\u0259n, karantin rejiminin g\u00fccl\u0259ndirilm\u0259sin\u0259 g\u00f6r\u0259 regionlardan qay\u0131da bilm\u0259y\u0259n Bak\u0131 v\u0259 Sumqay\u0131t \u015f\u0259h\u0259ri \u00fczr\u0259 qeydiyyat\u0131 olan v\u0259 paytaxtdan qeydiyyatda oldu\u011fu regionlara qay\u0131da bilm\u0259y\u0259n s\u0259rni\u015finl\u0259rin, i\u015f yerl\u0259ri paytaxtda olan, ancaq region qeydiyyat\u0131nda olan s\u0259rni\u015finl\u0259rin da\u015f\u0131nmas\u0131 \u00fc\u00e7\u00fcn b\u00fct\u00fcn z\u0259ruri t\u0259dbirl\u0259r g\u00f6r\u00fcl\u00fcb.<\/p>\n<p>Daha \u0259trafl\u0131 Baku TV-nin videos\u00fcjetind\u0259:<\/p>\n<div><iframe loading=\"lazy\" src=\"https:\/\/player.baku.tv\/embed\/17863?fbclid=IwAR0sbOwcYiKDf2qKYg3M4YGrzRRDm6nBq6oMEp1BMA9h1cYQbv4V48WJN-Y\" width=\"560\" height=\"315\" frameborder=\"0\" allowfullscreen=\"allowfullscreen\" data-mce-fragment=\"1\"><\/iframe><\/div>\n<\/div>\n<\/article>\n<h2 class=\"news-share-title\"><\/h2>\n","protected":false},"excerpt":{"rendered":"<p>Bu g\u00fcnd\u0259n etibar\u0259n Bak\u0131-Sumqay\u0131t istiqam\u0259tind\u0259 s\u0259rni\u015fin ax\u0131n\u0131n\u0131n artmas\u0131 n\u0259z\u0259r\u0259 al\u0131naraq, b\u00fct\u00fcn avtobuslar x\u0259tt\u0259 \u00e7\u0131xar\u0131l\u0131b. Eyni zamanda, \u015f\u0259h\u0259rl\u0259raras\u0131 da\u015f\u0131malar\u0131n b\u0259rpas\u0131na dair f\u0259aliyy\u0259t plan\u0131 D\u00f6vl\u0259t Avtomobil N\u0259qliyyat\u0131 Xidm\u0259ti t\u0259r\u0259find\u0259n haz\u0131rlanaraq, Nazirl\u0259r Kabinetin\u0259 t\u0259hvil verilib. Plana \u0259sas\u0259n, karantin rejiminin g\u00fccl\u0259ndirilm\u0259sin\u0259 g\u00f6r\u0259 regionlardan qay\u0131da bilm\u0259y\u0259n Bak\u0131 v\u0259 Sumqay\u0131t \u015f\u0259h\u0259ri \u00fczr\u0259 qeydiyyat\u0131 olan v\u0259 paytaxtdan qeydiyyatda oldu\u011fu regionlara qay\u0131da bilm\u0259y\u0259n s\u0259rni\u015finl\u0259rin, i\u015f yerl\u0259ri paytaxtda olan, ancaq region qeydiyyat\u0131nda olan s\u0259rni\u015finl\u0259rin da\u015f\u0131nmas\u0131 \u00fc\u00e7\u00fcn b\u00fct\u00fcn z\u0259ruri t\u0259dbirl\u0259r g\u00f6r\u00fcl\u00fcb. Daha \u0259trafl\u0131 Baku TV-nin videos\u00fcjetind\u0259:<\/p>\n","protected":false},"author":2,"featured_media":156115,"comment_status":"closed","ping_status":"closed","sticky":false,"template":"","format":"standard","meta":{"om_disable_all_campaigns":false,"_monsterinsights_skip_tracking":false,"_monsterinsights_sitenote_active":false,"_monsterinsights_sitenote_note":"","_monsterinsights_sitenote_category":0},"categories":[26],"tags":[],"aioseo_notices":[],"gutentor_comment":0,"rttpg_featured_image_url":{"full":["https:\/\/arantv.az\/wp-content\/uploads\/2020\/04\/yol.jpg",620,349,false],"landscape":["https:\/\/arantv.az\/wp-content\/uploads\/2020\/04\/yol.jpg",620,349,false],"portraits":["https:\/\/arantv.az\/wp-content\/uploads\/2020\/04\/yol.jpg",620,349,false],"thumbnail":["https:\/\/arantv.az\/wp-content\/uploads\/2020\/04\/yol-150x150.jpg",150,150,true],"medium":["https:\/\/arantv.az\/wp-content\/uploads\/2020\/04\/yol-300x169.jpg",300,169,true],"large":["https:\/\/arantv.az\/wp-content\/uploads\/2020\/04\/yol.jpg",620,349,false],"1536x1536":["https:\/\/arantv.az\/wp-content\/uploads\/2020\/04\/yol.jpg",620,349,false],"2048x2048":["https:\/\/arantv.az\/wp-content\/uploads\/2020\/04\/yol.jpg",620,349,false],"post-thumbnail":["https:\/\/arantv.az\/wp-content\/uploads\/2020\/04\/yol-240x172.jpg",240,172,true],"advps-thumb-one":["https:\/\/arantv.az\/wp-content\/uploads\/2020\/04\/yol.jpg",620,349,false]},"rttpg_author":{"display_name":"V\u00fcsal Rafiqo\u011flu","author_link":"https:\/\/arantv.az\/?author=2"},"rttpg_comment":0,"rttpg_category":"<a href=\"https:\/\/arantv.az\/?cat=26\" rel=\"category\">Sosial<\/a>","rttpg_excerpt":"Bu g\u00fcnd\u0259n etibar\u0259n Bak\u0131-Sumqay\u0131t istiqam\u0259tind\u0259 s\u0259rni\u015fin ax\u0131n\u0131n\u0131n artmas\u0131 n\u0259z\u0259r\u0259 al\u0131naraq, b\u00fct\u00fcn avtobuslar x\u0259tt\u0259 \u00e7\u0131xar\u0131l\u0131b. Eyni zamanda, \u015f\u0259h\u0259rl\u0259raras\u0131 da\u015f\u0131malar\u0131n b\u0259rpas\u0131na dair f\u0259aliyy\u0259t plan\u0131 D\u00f6vl\u0259t Avtomobil N\u0259qliyyat\u0131 Xidm\u0259ti t\u0259r\u0259find\u0259n haz\u0131rlanaraq, Nazirl\u0259r Kabinetin\u0259 t\u0259hvil verilib. Plana \u0259sas\u0259n, karantin rejiminin g\u00fccl\u0259ndirilm\u0259sin\u0259 g\u00f6r\u0259 regionlardan qay\u0131da bilm\u0259y\u0259n Bak\u0131 v\u0259 Sumqay\u0131t \u015f\u0259h\u0259ri \u00fczr\u0259 qeydiyyat\u0131 olan v\u0259 paytaxtdan qeydiyyatda oldu\u011fu regionlara qay\u0131da bilm\u0259y\u0259n&hellip;","_links":{"self":[{"href":"https:\/\/arantv.az\/index.php?rest_route=\/wp\/v2\/posts\/156114"}],"collection":[{"href":"https:\/\/arantv.az\/index.php?rest_route=\/wp\/v2\/posts"}],"about":[{"href":"https:\/\/arantv.az\/index.php?rest_route=\/wp\/v2\/types\/post"}],"author":[{"embeddable":true,"href":"https:\/\/arantv.az\/index.php?rest_route=\/wp\/v2\/users\/2"}],"replies":[{"embeddable":true,"href":"https:\/\/arantv.az\/index.php?rest_route=%2Fwp%2Fv2%2Fcomments&post=156114"}],"version-history":[{"count":0,"href":"https:\/\/arantv.az\/index.php?rest_route=\/wp\/v2\/posts\/156114\/revisions"}],"wp:featuredmedia":[{"embeddable":true,"href":"https:\/\/arantv.az\/index.php?rest_route=\/wp\/v2\/media\/156115"}],"wp:attachment":[{"href":"https:\/\/arantv.az\/index.php?rest_route=%2Fwp%2Fv2%2Fmedia&parent=156114"}],"wp:term":[{"taxonomy":"category","embeddable":true,"href":"https:\/\/arantv.az\/index.php?rest_route=%2Fwp%2Fv2%2Fcategories&post=156114"},{"taxonomy":"post_tag","embeddable":true,"href":"https:\/\/arantv.az\/index.php?rest_route=%2Fwp%2Fv2%2Ftags&post=156114"}],"curies":[{"name":"wp","href":"https:\/\/api.w.org\/{rel}","templated":true}]}}