{"id":156130,"date":"2020-04-29T21:21:35","date_gmt":"2020-04-29T18:21:35","guid":{"rendered":"http:\/\/arantv.az\/?p=156130"},"modified":"2020-04-29T21:21:35","modified_gmt":"2020-04-29T18:21:35","slug":"abseronda-19-yasli-oglan-itkin-dusub-foto","status":"publish","type":"post","link":"https:\/\/arantv.az\/?p=156130","title":{"rendered":"Ab\u015feronda 19 ya\u015fl\u0131 o\u011flan itkin d\u00fc\u015f\u00fcb &#8211; FOTO"},"content":{"rendered":"<article class=\"news\">\n<div class=\"news-inner\">\n<p>Ab\u015feron rayonunda g\u0259nc o\u011flan itkin d\u00fc\u015f\u00fcb.<\/p>\n<p>X\u0131rdalan \u015f\u0259h\u0259ri, Qu\u015f\u00e7uluq ya\u015fay\u0131\u015f massivi k\u00fc\u00e7\u0259 9, ev 22 \u00fcnvan\u0131nda ya\u015fayan 2001-ci il t\u0259v\u0259ll\u00fcdl\u00fc Abd\u0131yev Amin Ramin o\u011flu 25.04.2020 tarixind\u0259 evd\u0259n \u00e7\u0131x\u0131b v\u0259 bir daha geri qay\u0131tmay\u0131b.<\/p>\n<p>19 ya\u015fl\u0131 g\u0259nc evd\u0259n \u00e7\u0131xark\u0259n \u0259ynind\u0259 idman kostyumu, q\u0131saqol k\u00f6yn\u0259k v\u0259 q\u0131rm\u0131z\u0131 r\u0259ngli idman ayaqqab\u0131s\u0131 olub.<\/p>\n<div id=\"AdviadNativeVideo0\" class=\"AdviadNativeVideo\"><\/div>\n<p>Ab\u015feron Rayon Polis \u0130dar\u0259sinin \u0259m\u0259kda\u015flar\u0131 Amin Abd\u0131yevin yax\u0131nlar\u0131n\u0131n m\u00fcraci\u0259ti \u0259sas\u0131nda t\u0259cili v\u0259 t\u0259xir\u0259sal\u0131nmaz \u0259m\u0259liyyat-axtar\u0131\u015f t\u0259dbirl\u0259ri apar\u0131r.<\/p>\n<p>Onu tan\u0131yan v\u0259 g\u00f6r\u0259nl\u0259rd\u0259n h\u00fcquq m\u00fchafiz\u0259 orqanlar\u0131na v\u0259 a\u015fa\u011f\u0131dak\u0131 n\u00f6mr\u0259l\u0259r\u0259 m\u00fcraci\u0259t etm\u0259l\u0259ri xahi\u015f olunur: (055) 792-06-06 v\u0259 (070) 618-15-48<\/p>\n<div class=\"gallery\">\n<div class=\"gallery-i\"><img src=\"https:\/\/cdn.oxu.az\/uploads\/W1siZiIsIjIwMjAvMDQvMjkvMjEvNTcvNTEvYjkyNTFkY2QtMWZmNy00ZTUzLTgwOGMtNjA5YTVjNTJlMGZiLzk1NTYyODk0XzY2MDc1NjA3MTE0MDEwNl80Njg4Mjc5NjAwNDQxMDY1NDcyX24uanBnIl0sWyJwIiwiZW5jb2RlIiwianBnIiwiLXF1YWxpdHkgODAiXSxbInAiLCJ0aHVtYiIsIjU5MHg1OTBcdTAwM2UiXV0?sha=be6b081326f717b1\" alt=\"\" \/><\/p>\n<div class=\"gallery-i-caption\"><\/div>\n<\/div>\n<div class=\"gallery-i\"><img src=\"https:\/\/cdn.oxu.az\/uploads\/W1siZiIsIjIwMjAvMDQvMjkvMjEvNTcvNTIvNTg2MmRjMDgtMzk1MS00ZTI0LTg1ODAtYzU2ZDc5ODYzYzgwLzk1MTQ2MjQyXzMyMzcxODUxMTkzODQ1N183NTIwMDc1MTkwODAyMzE3MzEyX24uanBnIl0sWyJwIiwiZW5jb2RlIiwianBnIiwiLXF1YWxpdHkgODAiXSxbInAiLCJ0aHVtYiIsIjU5MHg1OTBcdTAwM2UiXV0?sha=c314e4c34e3efd44\" alt=\"\" \/><\/p>\n<div class=\"gallery-i-caption\"><\/div>\n<\/div>\n<div class=\"gallery-i\"><img src=\"https:\/\/cdn.oxu.az\/uploads\/W1siZiIsIjIwMjAvMDQvMjkvMjEvNTcvNTIvZjBmMWQxNTktYjM5ZS00YjIyLTk5NmUtOGYyMWYwZTNmNzk2Lzk1MjUyMzg5XzI0MzM5Nzk5MDM0OTY1N18zNTk5ODY5MDkzMDMwNjU4MDQ4X24uanBnIl0sWyJwIiwiZW5jb2RlIiwianBnIiwiLXF1YWxpdHkgODAiXSxbInAiLCJ0aHVtYiIsIjU5MHg1OTBcdTAwM2UiXV0?sha=0cfccc8b476b45d9\" alt=\"\" \/><\/p>\n<div class=\"gallery-i-caption\"><\/div>\n<\/div>\n<\/div>\n<\/div>\n<\/article>\n","protected":false},"excerpt":{"rendered":"<p>Ab\u015feron rayonunda g\u0259nc o\u011flan itkin d\u00fc\u015f\u00fcb. X\u0131rdalan \u015f\u0259h\u0259ri, Qu\u015f\u00e7uluq ya\u015fay\u0131\u015f massivi k\u00fc\u00e7\u0259 9, ev 22 \u00fcnvan\u0131nda ya\u015fayan 2001-ci il t\u0259v\u0259ll\u00fcdl\u00fc Abd\u0131yev Amin Ramin o\u011flu 25.04.2020 tarixind\u0259 evd\u0259n \u00e7\u0131x\u0131b v\u0259 bir daha geri qay\u0131tmay\u0131b. 19 ya\u015fl\u0131 g\u0259nc evd\u0259n \u00e7\u0131xark\u0259n \u0259ynind\u0259 idman kostyumu, q\u0131saqol k\u00f6yn\u0259k v\u0259 q\u0131rm\u0131z\u0131 r\u0259ngli idman ayaqqab\u0131s\u0131 olub. Ab\u015feron Rayon Polis \u0130dar\u0259sinin \u0259m\u0259kda\u015flar\u0131 Amin Abd\u0131yevin yax\u0131nlar\u0131n\u0131n m\u00fcraci\u0259ti \u0259sas\u0131nda t\u0259cili v\u0259 t\u0259xir\u0259sal\u0131nmaz \u0259m\u0259liyyat-axtar\u0131\u015f t\u0259dbirl\u0259ri apar\u0131r. Onu tan\u0131yan v\u0259 g\u00f6r\u0259nl\u0259rd\u0259n h\u00fcquq m\u00fchafiz\u0259 orqanlar\u0131na v\u0259 a\u015fa\u011f\u0131dak\u0131 n\u00f6mr\u0259l\u0259r\u0259 m\u00fcraci\u0259t etm\u0259l\u0259ri xahi\u015f olunur: (055) 792-06-06 v\u0259 (070) 618-15-48<\/p>\n","protected":false},"author":2,"featured_media":156131,"comment_status":"closed","ping_status":"closed","sticky":false,"template":"","format":"standard","meta":{"om_disable_all_campaigns":false,"_monsterinsights_skip_tracking":false,"_monsterinsights_sitenote_active":false,"_monsterinsights_sitenote_note":"","_monsterinsights_sitenote_category":0},"categories":[5],"tags":[],"aioseo_notices":[],"gutentor_comment":0,"rttpg_featured_image_url":{"full":["https:\/\/arantv.az\/wp-content\/uploads\/2020\/04\/95321874_3301063886571888_9052572238443708416_n.jpg",465,465,false],"landscape":["https:\/\/arantv.az\/wp-content\/uploads\/2020\/04\/95321874_3301063886571888_9052572238443708416_n.jpg",465,465,false],"portraits":["https:\/\/arantv.az\/wp-content\/uploads\/2020\/04\/95321874_3301063886571888_9052572238443708416_n.jpg",465,465,false],"thumbnail":["https:\/\/arantv.az\/wp-content\/uploads\/2020\/04\/95321874_3301063886571888_9052572238443708416_n-150x150.jpg",150,150,true],"medium":["https:\/\/arantv.az\/wp-content\/uploads\/2020\/04\/95321874_3301063886571888_9052572238443708416_n-300x300.jpg",300,300,true],"large":["https:\/\/arantv.az\/wp-content\/uploads\/2020\/04\/95321874_3301063886571888_9052572238443708416_n.jpg",465,465,false],"1536x1536":["https:\/\/arantv.az\/wp-content\/uploads\/2020\/04\/95321874_3301063886571888_9052572238443708416_n.jpg",465,465,false],"2048x2048":["https:\/\/arantv.az\/wp-content\/uploads\/2020\/04\/95321874_3301063886571888_9052572238443708416_n.jpg",465,465,false],"post-thumbnail":["https:\/\/arantv.az\/wp-content\/uploads\/2020\/04\/95321874_3301063886571888_9052572238443708416_n-240x172.jpg",240,172,true],"advps-thumb-one":["https:\/\/arantv.az\/wp-content\/uploads\/2020\/04\/95321874_3301063886571888_9052572238443708416_n.jpg",465,465,false]},"rttpg_author":{"display_name":"V\u00fcsal Rafiqo\u011flu","author_link":"https:\/\/arantv.az\/?author=2"},"rttpg_comment":0,"rttpg_category":"<a href=\"https:\/\/arantv.az\/?cat=5\" rel=\"category\">Hadis\u0259<\/a>","rttpg_excerpt":"Ab\u015feron rayonunda g\u0259nc o\u011flan itkin d\u00fc\u015f\u00fcb. X\u0131rdalan \u015f\u0259h\u0259ri, Qu\u015f\u00e7uluq ya\u015fay\u0131\u015f massivi k\u00fc\u00e7\u0259 9, ev 22 \u00fcnvan\u0131nda ya\u015fayan 2001-ci il t\u0259v\u0259ll\u00fcdl\u00fc Abd\u0131yev Amin Ramin o\u011flu 25.04.2020 tarixind\u0259 evd\u0259n \u00e7\u0131x\u0131b v\u0259 bir daha geri qay\u0131tmay\u0131b. 19 ya\u015fl\u0131 g\u0259nc evd\u0259n \u00e7\u0131xark\u0259n \u0259ynind\u0259 idman kostyumu, q\u0131saqol k\u00f6yn\u0259k v\u0259 q\u0131rm\u0131z\u0131 r\u0259ngli idman ayaqqab\u0131s\u0131 olub. Ab\u015feron Rayon Polis \u0130dar\u0259sinin \u0259m\u0259kda\u015flar\u0131 Amin&hellip;","_links":{"self":[{"href":"https:\/\/arantv.az\/index.php?rest_route=\/wp\/v2\/posts\/156130"}],"collection":[{"href":"https:\/\/arantv.az\/index.php?rest_route=\/wp\/v2\/posts"}],"about":[{"href":"https:\/\/arantv.az\/index.php?rest_route=\/wp\/v2\/types\/post"}],"author":[{"embeddable":true,"href":"https:\/\/arantv.az\/index.php?rest_route=\/wp\/v2\/users\/2"}],"replies":[{"embeddable":true,"href":"https:\/\/arantv.az\/index.php?rest_route=%2Fwp%2Fv2%2Fcomments&post=156130"}],"version-history":[{"count":0,"href":"https:\/\/arantv.az\/index.php?rest_route=\/wp\/v2\/posts\/156130\/revisions"}],"wp:featuredmedia":[{"embeddable":true,"href":"https:\/\/arantv.az\/index.php?rest_route=\/wp\/v2\/media\/156131"}],"wp:attachment":[{"href":"https:\/\/arantv.az\/index.php?rest_route=%2Fwp%2Fv2%2Fmedia&parent=156130"}],"wp:term":[{"taxonomy":"category","embeddable":true,"href":"https:\/\/arantv.az\/index.php?rest_route=%2Fwp%2Fv2%2Fcategories&post=156130"},{"taxonomy":"post_tag","embeddable":true,"href":"https:\/\/arantv.az\/index.php?rest_route=%2Fwp%2Fv2%2Ftags&post=156130"}],"curies":[{"name":"wp","href":"https:\/\/api.w.org\/{rel}","templated":true}]}}