{"id":156134,"date":"2020-04-29T21:23:07","date_gmt":"2020-04-29T18:23:07","guid":{"rendered":"http:\/\/arantv.az\/?p=156134"},"modified":"2020-04-29T21:23:07","modified_gmt":"2020-04-29T18:23:07","slug":"milli-m%c9%99clisin-yeni-bas-prokuroru-t%c9%99sdiql%c9%99y%c9%99c%c9%99yi-vaxt-m%c9%99lum-oldu","status":"publish","type":"post","link":"https:\/\/arantv.az\/?p=156134","title":{"rendered":"Milli M\u0259clisin yeni Ba\u015f prokuroru t\u0259sdiql\u0259y\u0259c\u0259yi vaxt m\u0259lum oldu"},"content":{"rendered":"<p>\u201cAz\u0259rbaycan Respublikas\u0131n\u0131n Ba\u015f prokuroru v\u0259zif\u0259sin\u0259 t\u0259yin olunmas\u0131na raz\u0131l\u0131q verilm\u0259si haqq\u0131nda\u201d m\u0259s\u0259l\u0259nin Milli M\u0259clisd\u0259 m\u00fczakir\u0259 olunaca\u011f\u0131 vaxt a\u00e7\u0131qlan\u0131b.<\/p>\n<div id=\"AdviadNativeVideo0\" class=\"AdviadNativeVideo\"><\/div>\n<p><a href=\"https:\/\/report.az\/milli-meclis\/milli-meclisin-yeni-bas-prokuroru-tesdiqleyeceyi-vaxt-melum-oldu\/\" target=\"_blank\" rel=\"noopener\">Report<\/a>-un x\u0259b\u0259rin\u0259 g\u00f6r\u0259, m\u0259s\u0259l\u0259 parlamentin may\u0131n 1-i ke\u00e7iril\u0259c\u0259k plenar iclas\u0131nda m\u00fczakir\u0259y\u0259 \u00e7\u0131xar\u0131lacaq.<\/p>\n<p>Qeyd ed\u0259k ki, Az\u0259rbaycan Prezidenti \u0130lham \u018fliyevin t\u0259qdimat\u0131na \u0259sas\u0259n, Ba\u015f prokuror v\u0259zif\u0259sin\u0259 Ba\u015f prokurorun m\u00fcavini &#8211; Az\u0259rbaycan Respublikas\u0131n\u0131n Ba\u015f prokuroru yan\u0131nda Korrupsiyaya qar\u015f\u0131 M\u00fcbariz\u0259 idar\u0259sinin r\u0259isi Kamran \u018fliyevin namiz\u0259dliyi ir\u0259li s\u00fcr\u00fcl\u00fcb.<\/p>\n","protected":false},"excerpt":{"rendered":"<p>\u201cAz\u0259rbaycan Respublikas\u0131n\u0131n Ba\u015f prokuroru v\u0259zif\u0259sin\u0259 t\u0259yin olunmas\u0131na raz\u0131l\u0131q verilm\u0259si haqq\u0131nda\u201d m\u0259s\u0259l\u0259nin Milli M\u0259clisd\u0259 m\u00fczakir\u0259 olunaca\u011f\u0131 vaxt a\u00e7\u0131qlan\u0131b. Report-un x\u0259b\u0259rin\u0259 g\u00f6r\u0259, m\u0259s\u0259l\u0259 parlamentin may\u0131n 1-i ke\u00e7iril\u0259c\u0259k plenar iclas\u0131nda m\u00fczakir\u0259y\u0259 \u00e7\u0131xar\u0131lacaq. Qeyd ed\u0259k ki, Az\u0259rbaycan Prezidenti \u0130lham \u018fliyevin t\u0259qdimat\u0131na \u0259sas\u0259n, Ba\u015f prokuror v\u0259zif\u0259sin\u0259 Ba\u015f prokurorun m\u00fcavini &#8211; Az\u0259rbaycan Respublikas\u0131n\u0131n Ba\u015f prokuroru yan\u0131nda Korrupsiyaya qar\u015f\u0131 M\u00fcbariz\u0259 idar\u0259sinin r\u0259isi Kamran \u018fliyevin namiz\u0259dliyi ir\u0259li s\u00fcr\u00fcl\u00fcb.<\/p>\n","protected":false},"author":2,"featured_media":156135,"comment_status":"closed","ping_status":"closed","sticky":false,"template":"","format":"standard","meta":{"om_disable_all_campaigns":false,"_monsterinsights_skip_tracking":false,"_monsterinsights_sitenote_active":false,"_monsterinsights_sitenote_note":"","_monsterinsights_sitenote_category":0},"categories":[19],"tags":[],"aioseo_notices":[],"gutentor_comment":0,"rttpg_featured_image_url":{"full":["https:\/\/arantv.az\/wp-content\/uploads\/2020\/04\/milli.jpg",620,413,false],"landscape":["https:\/\/arantv.az\/wp-content\/uploads\/2020\/04\/milli.jpg",620,413,false],"portraits":["https:\/\/arantv.az\/wp-content\/uploads\/2020\/04\/milli.jpg",620,413,false],"thumbnail":["https:\/\/arantv.az\/wp-content\/uploads\/2020\/04\/milli-150x150.jpg",150,150,true],"medium":["https:\/\/arantv.az\/wp-content\/uploads\/2020\/04\/milli-300x200.jpg",300,200,true],"large":["https:\/\/arantv.az\/wp-content\/uploads\/2020\/04\/milli.jpg",620,413,false],"1536x1536":["https:\/\/arantv.az\/wp-content\/uploads\/2020\/04\/milli.jpg",620,413,false],"2048x2048":["https:\/\/arantv.az\/wp-content\/uploads\/2020\/04\/milli.jpg",620,413,false],"post-thumbnail":["https:\/\/arantv.az\/wp-content\/uploads\/2020\/04\/milli-240x172.jpg",240,172,true],"advps-thumb-one":["https:\/\/arantv.az\/wp-content\/uploads\/2020\/04\/milli.jpg",620,413,false]},"rttpg_author":{"display_name":"V\u00fcsal Rafiqo\u011flu","author_link":"https:\/\/arantv.az\/?author=2"},"rttpg_comment":0,"rttpg_category":"<a href=\"https:\/\/arantv.az\/?cat=19\" rel=\"category\">G\u00fcnd\u0259m<\/a>","rttpg_excerpt":"\u201cAz\u0259rbaycan Respublikas\u0131n\u0131n Ba\u015f prokuroru v\u0259zif\u0259sin\u0259 t\u0259yin olunmas\u0131na raz\u0131l\u0131q verilm\u0259si haqq\u0131nda\u201d m\u0259s\u0259l\u0259nin Milli M\u0259clisd\u0259 m\u00fczakir\u0259 olunaca\u011f\u0131 vaxt a\u00e7\u0131qlan\u0131b. Report-un x\u0259b\u0259rin\u0259 g\u00f6r\u0259, m\u0259s\u0259l\u0259 parlamentin may\u0131n 1-i ke\u00e7iril\u0259c\u0259k plenar iclas\u0131nda m\u00fczakir\u0259y\u0259 \u00e7\u0131xar\u0131lacaq. Qeyd ed\u0259k ki, Az\u0259rbaycan Prezidenti \u0130lham \u018fliyevin t\u0259qdimat\u0131na \u0259sas\u0259n, Ba\u015f prokuror v\u0259zif\u0259sin\u0259 Ba\u015f prokurorun m\u00fcavini &#8211; Az\u0259rbaycan Respublikas\u0131n\u0131n Ba\u015f prokuroru yan\u0131nda Korrupsiyaya qar\u015f\u0131 M\u00fcbariz\u0259 idar\u0259sinin r\u0259isi&hellip;","_links":{"self":[{"href":"https:\/\/arantv.az\/index.php?rest_route=\/wp\/v2\/posts\/156134"}],"collection":[{"href":"https:\/\/arantv.az\/index.php?rest_route=\/wp\/v2\/posts"}],"about":[{"href":"https:\/\/arantv.az\/index.php?rest_route=\/wp\/v2\/types\/post"}],"author":[{"embeddable":true,"href":"https:\/\/arantv.az\/index.php?rest_route=\/wp\/v2\/users\/2"}],"replies":[{"embeddable":true,"href":"https:\/\/arantv.az\/index.php?rest_route=%2Fwp%2Fv2%2Fcomments&post=156134"}],"version-history":[{"count":0,"href":"https:\/\/arantv.az\/index.php?rest_route=\/wp\/v2\/posts\/156134\/revisions"}],"wp:featuredmedia":[{"embeddable":true,"href":"https:\/\/arantv.az\/index.php?rest_route=\/wp\/v2\/media\/156135"}],"wp:attachment":[{"href":"https:\/\/arantv.az\/index.php?rest_route=%2Fwp%2Fv2%2Fmedia&parent=156134"}],"wp:term":[{"taxonomy":"category","embeddable":true,"href":"https:\/\/arantv.az\/index.php?rest_route=%2Fwp%2Fv2%2Fcategories&post=156134"},{"taxonomy":"post_tag","embeddable":true,"href":"https:\/\/arantv.az\/index.php?rest_route=%2Fwp%2Fv2%2Ftags&post=156134"}],"curies":[{"name":"wp","href":"https:\/\/api.w.org\/{rel}","templated":true}]}}