{"id":156160,"date":"2020-04-29T23:04:23","date_gmt":"2020-04-29T20:04:23","guid":{"rendered":"http:\/\/arantv.az\/?p=156160"},"modified":"2020-04-29T23:04:23","modified_gmt":"2020-04-29T20:04:23","slug":"ceyhun-bayramovdan-yeni-t%c9%99yinat-2","status":"publish","type":"post","link":"https:\/\/arantv.az\/?p=156160","title":{"rendered":"Ceyhun Bayramovdan yeni t\u0259yinat"},"content":{"rendered":"<p>Yevlax rayon T\u0259hsil \u015f\u00f6b\u0259sin\u0259 yeni m\u00fcdir t\u0259yinat\u0131 olub.<\/p>\n<p><strong>ARANTV.AZ<\/strong> qafqazinfo-ya istinad\u0259n x\u0259b\u0259r verir ki, T\u0259hsil naziri Ceyhun Bayramovun \u0259mri il\u0259 bu v\u0259zif\u0259y\u0259 Namid\u0259 Abbasova g\u0259tirilib.<\/p>\n<p>Yeni r\u0259hb\u0259r bu t\u0259yinata q\u0259d\u0259r Yevlax rayon \u018f.Yol\u00e7uyev ad\u0131na Hac\u0131selli k\u0259nd tam orta m\u0259kt\u0259bin direktoru v\u0259zif\u0259sini tutub.<\/p>\n<p>Qeyd ed\u0259k ki, N.Abbasovadan \u0259vv\u0259l Yevlax T\u0259hsil \u015e\u00f6b\u0259sinin m\u00fcdiri v\u0259zif\u0259sini Xal\u0259ddin Nift\u0259liyev tuturdu.<\/p>\n","protected":false},"excerpt":{"rendered":"<p>Yevlax rayon T\u0259hsil \u015f\u00f6b\u0259sin\u0259 yeni m\u00fcdir t\u0259yinat\u0131 olub. ARANTV.AZ qafqazinfo-ya istinad\u0259n x\u0259b\u0259r verir ki, T\u0259hsil naziri Ceyhun Bayramovun \u0259mri il\u0259 bu v\u0259zif\u0259y\u0259 Namid\u0259 Abbasova g\u0259tirilib. Yeni r\u0259hb\u0259r bu t\u0259yinata q\u0259d\u0259r Yevlax rayon \u018f.Yol\u00e7uyev ad\u0131na Hac\u0131selli k\u0259nd tam orta m\u0259kt\u0259bin direktoru v\u0259zif\u0259sini tutub. Qeyd ed\u0259k ki, N.Abbasovadan \u0259vv\u0259l Yevlax T\u0259hsil \u015e\u00f6b\u0259sinin m\u00fcdiri v\u0259zif\u0259sini Xal\u0259ddin Nift\u0259liyev tuturdu.<\/p>\n","protected":false},"author":2,"featured_media":156161,"comment_status":"closed","ping_status":"closed","sticky":false,"template":"","format":"standard","meta":{"om_disable_all_campaigns":false,"_monsterinsights_skip_tracking":false,"_monsterinsights_sitenote_active":false,"_monsterinsights_sitenote_note":"","_monsterinsights_sitenote_category":0},"categories":[23],"tags":[],"aioseo_notices":[],"gutentor_comment":0,"rttpg_featured_image_url":{"full":["https:\/\/arantv.az\/wp-content\/uploads\/2020\/04\/846371.jpg",800,550,false],"landscape":["https:\/\/arantv.az\/wp-content\/uploads\/2020\/04\/846371.jpg",800,550,false],"portraits":["https:\/\/arantv.az\/wp-content\/uploads\/2020\/04\/846371.jpg",800,550,false],"thumbnail":["https:\/\/arantv.az\/wp-content\/uploads\/2020\/04\/846371-150x150.jpg",150,150,true],"medium":["https:\/\/arantv.az\/wp-content\/uploads\/2020\/04\/846371-300x206.jpg",300,206,true],"large":["https:\/\/arantv.az\/wp-content\/uploads\/2020\/04\/846371.jpg",640,440,false],"1536x1536":["https:\/\/arantv.az\/wp-content\/uploads\/2020\/04\/846371.jpg",800,550,false],"2048x2048":["https:\/\/arantv.az\/wp-content\/uploads\/2020\/04\/846371.jpg",800,550,false],"post-thumbnail":["https:\/\/arantv.az\/wp-content\/uploads\/2020\/04\/846371-240x172.jpg",240,172,true],"advps-thumb-one":["https:\/\/arantv.az\/wp-content\/uploads\/2020\/04\/846371.jpg",800,550,false]},"rttpg_author":{"display_name":"V\u00fcsal Rafiqo\u011flu","author_link":"https:\/\/arantv.az\/?author=2"},"rttpg_comment":0,"rttpg_category":"<a href=\"https:\/\/arantv.az\/?cat=23\" rel=\"category\">T\u0259hsil<\/a>","rttpg_excerpt":"Yevlax rayon T\u0259hsil \u015f\u00f6b\u0259sin\u0259 yeni m\u00fcdir t\u0259yinat\u0131 olub. ARANTV.AZ qafqazinfo-ya istinad\u0259n x\u0259b\u0259r verir ki, T\u0259hsil naziri Ceyhun Bayramovun \u0259mri il\u0259 bu v\u0259zif\u0259y\u0259 Namid\u0259 Abbasova g\u0259tirilib. Yeni r\u0259hb\u0259r bu t\u0259yinata q\u0259d\u0259r Yevlax rayon \u018f.Yol\u00e7uyev ad\u0131na Hac\u0131selli k\u0259nd tam orta m\u0259kt\u0259bin direktoru v\u0259zif\u0259sini tutub. Qeyd ed\u0259k ki, N.Abbasovadan \u0259vv\u0259l Yevlax T\u0259hsil \u015e\u00f6b\u0259sinin m\u00fcdiri v\u0259zif\u0259sini Xal\u0259ddin Nift\u0259liyev tuturdu.","_links":{"self":[{"href":"https:\/\/arantv.az\/index.php?rest_route=\/wp\/v2\/posts\/156160"}],"collection":[{"href":"https:\/\/arantv.az\/index.php?rest_route=\/wp\/v2\/posts"}],"about":[{"href":"https:\/\/arantv.az\/index.php?rest_route=\/wp\/v2\/types\/post"}],"author":[{"embeddable":true,"href":"https:\/\/arantv.az\/index.php?rest_route=\/wp\/v2\/users\/2"}],"replies":[{"embeddable":true,"href":"https:\/\/arantv.az\/index.php?rest_route=%2Fwp%2Fv2%2Fcomments&post=156160"}],"version-history":[{"count":0,"href":"https:\/\/arantv.az\/index.php?rest_route=\/wp\/v2\/posts\/156160\/revisions"}],"wp:featuredmedia":[{"embeddable":true,"href":"https:\/\/arantv.az\/index.php?rest_route=\/wp\/v2\/media\/156161"}],"wp:attachment":[{"href":"https:\/\/arantv.az\/index.php?rest_route=%2Fwp%2Fv2%2Fmedia&parent=156160"}],"wp:term":[{"taxonomy":"category","embeddable":true,"href":"https:\/\/arantv.az\/index.php?rest_route=%2Fwp%2Fv2%2Fcategories&post=156160"},{"taxonomy":"post_tag","embeddable":true,"href":"https:\/\/arantv.az\/index.php?rest_route=%2Fwp%2Fv2%2Ftags&post=156160"}],"curies":[{"name":"wp","href":"https:\/\/api.w.org\/{rel}","templated":true}]}}