{"id":156179,"date":"2020-04-30T07:50:19","date_gmt":"2020-04-30T04:50:19","guid":{"rendered":"http:\/\/arantv.az\/?p=156179"},"modified":"2020-04-30T07:50:19","modified_gmt":"2020-04-30T04:50:19","slug":"qazaxistanda-4-jurnalistd%c9%99-koronavirus-askarlanib","status":"publish","type":"post","link":"https:\/\/arantv.az\/?p=156179","title":{"rendered":"Qazax\u0131standa 4 jurnalistd\u0259 koronavirus a\u015fkarlan\u0131b"},"content":{"rendered":"<p>Qazax\u0131stan indiy\u0259d\u0259k qeyd\u0259 al\u0131nm\u0131\u015f yoluxma hallar\u0131n\u0131n say\u0131 3138-\u0259 \u00e7at\u0131b.<\/p>\n<p><strong>ARANTV.AZ<\/strong>\u00a0<a href=\"http:\/\/azertag.az\/\" target=\"_blank\" rel=\"noopener\">AZ\u018fRTAC<\/a>-a istinad\u0259n bildirir ki,\u00a0bu bar\u0259d\u0259 m\u0259lumat\u0131 D\u00f6vl\u0259t Komissiyas\u0131 yan\u0131nda f\u00f6vq\u0259lad\u0259 v\u0259ziyy\u0259t rejiminin t\u0259min edilm\u0259si \u00fczr\u0259 Operativ Q\u0259rargah yay\u0131b. Qeyd olunub ki, \u00f6lk\u0259 \u00fczr\u0259 COVID-19-dan sa\u011falanlar\u0131n say\u0131 819 olub, son bir ne\u00e7\u0259 g\u00fcnd\u0259 is\u0259 \u00f6l\u00fcm hadis\u0259si qeyd\u0259 al\u0131nmay\u0131b.<\/p>\n<p>Qazax\u0131standa koronavirus x\u0259st\u0259l\u0259ri il\u0259 t\u0259masda olan 4 jurnalistd\u0259 yoluxma hal\u0131 t\u0259sdiql\u0259nib.<\/p>\n<p>\u00d6lk\u0259nin ba\u015f d\u00f6vl\u0259t sanitar h\u0259kimi Ayjan Yesmaqambetova Qazax\u0131standa koronavirus infeksiyas\u0131n\u0131n ikinci dal\u011fas\u0131n\u0131 g\u00f6zl\u0259dikl\u0259rini bildirib.<\/p>\n","protected":false},"excerpt":{"rendered":"<p>Qazax\u0131stan indiy\u0259d\u0259k qeyd\u0259 al\u0131nm\u0131\u015f yoluxma hallar\u0131n\u0131n say\u0131 3138-\u0259 \u00e7at\u0131b. ARANTV.AZ\u00a0AZ\u018fRTAC-a istinad\u0259n bildirir ki,\u00a0bu bar\u0259d\u0259 m\u0259lumat\u0131 D\u00f6vl\u0259t Komissiyas\u0131 yan\u0131nda f\u00f6vq\u0259lad\u0259 v\u0259ziyy\u0259t rejiminin t\u0259min edilm\u0259si \u00fczr\u0259 Operativ Q\u0259rargah yay\u0131b. Qeyd olunub ki, \u00f6lk\u0259 \u00fczr\u0259 COVID-19-dan sa\u011falanlar\u0131n say\u0131 819 olub, son bir ne\u00e7\u0259 g\u00fcnd\u0259 is\u0259 \u00f6l\u00fcm hadis\u0259si qeyd\u0259 al\u0131nmay\u0131b. Qazax\u0131standa koronavirus x\u0259st\u0259l\u0259ri il\u0259 t\u0259masda olan 4 jurnalistd\u0259 yoluxma hal\u0131 t\u0259sdiql\u0259nib. \u00d6lk\u0259nin ba\u015f d\u00f6vl\u0259t sanitar h\u0259kimi Ayjan Yesmaqambetova Qazax\u0131standa koronavirus infeksiyas\u0131n\u0131n ikinci dal\u011fas\u0131n\u0131 g\u00f6zl\u0259dikl\u0259rini bildirib.<\/p>\n","protected":false},"author":2,"featured_media":156180,"comment_status":"closed","ping_status":"closed","sticky":false,"template":"","format":"standard","meta":{"om_disable_all_campaigns":false,"_monsterinsights_skip_tracking":false,"_monsterinsights_sitenote_active":false,"_monsterinsights_sitenote_note":"","_monsterinsights_sitenote_category":0},"categories":[7],"tags":[],"aioseo_notices":[],"gutentor_comment":0,"rttpg_featured_image_url":{"full":["https:\/\/arantv.az\/wp-content\/uploads\/2020\/04\/koronavirus_0898-1.jpg",800,600,false],"landscape":["https:\/\/arantv.az\/wp-content\/uploads\/2020\/04\/koronavirus_0898-1.jpg",800,600,false],"portraits":["https:\/\/arantv.az\/wp-content\/uploads\/2020\/04\/koronavirus_0898-1.jpg",800,600,false],"thumbnail":["https:\/\/arantv.az\/wp-content\/uploads\/2020\/04\/koronavirus_0898-1-150x150.jpg",150,150,true],"medium":["https:\/\/arantv.az\/wp-content\/uploads\/2020\/04\/koronavirus_0898-1-300x225.jpg",300,225,true],"large":["https:\/\/arantv.az\/wp-content\/uploads\/2020\/04\/koronavirus_0898-1.jpg",640,480,false],"1536x1536":["https:\/\/arantv.az\/wp-content\/uploads\/2020\/04\/koronavirus_0898-1.jpg",800,600,false],"2048x2048":["https:\/\/arantv.az\/wp-content\/uploads\/2020\/04\/koronavirus_0898-1.jpg",800,600,false],"post-thumbnail":["https:\/\/arantv.az\/wp-content\/uploads\/2020\/04\/koronavirus_0898-1-240x172.jpg",240,172,true],"advps-thumb-one":["https:\/\/arantv.az\/wp-content\/uploads\/2020\/04\/koronavirus_0898-1.jpg",800,600,false]},"rttpg_author":{"display_name":"V\u00fcsal Rafiqo\u011flu","author_link":"https:\/\/arantv.az\/?author=2"},"rttpg_comment":0,"rttpg_category":"<a href=\"https:\/\/arantv.az\/?cat=7\" rel=\"category\">D\u00fcnya<\/a>","rttpg_excerpt":"Qazax\u0131stan indiy\u0259d\u0259k qeyd\u0259 al\u0131nm\u0131\u015f yoluxma hallar\u0131n\u0131n say\u0131 3138-\u0259 \u00e7at\u0131b. ARANTV.AZ\u00a0AZ\u018fRTAC-a istinad\u0259n bildirir ki,\u00a0bu bar\u0259d\u0259 m\u0259lumat\u0131 D\u00f6vl\u0259t Komissiyas\u0131 yan\u0131nda f\u00f6vq\u0259lad\u0259 v\u0259ziyy\u0259t rejiminin t\u0259min edilm\u0259si \u00fczr\u0259 Operativ Q\u0259rargah yay\u0131b. Qeyd olunub ki, \u00f6lk\u0259 \u00fczr\u0259 COVID-19-dan sa\u011falanlar\u0131n say\u0131 819 olub, son bir ne\u00e7\u0259 g\u00fcnd\u0259 is\u0259 \u00f6l\u00fcm hadis\u0259si qeyd\u0259 al\u0131nmay\u0131b. Qazax\u0131standa koronavirus x\u0259st\u0259l\u0259ri il\u0259 t\u0259masda olan 4 jurnalistd\u0259 yoluxma&hellip;","_links":{"self":[{"href":"https:\/\/arantv.az\/index.php?rest_route=\/wp\/v2\/posts\/156179"}],"collection":[{"href":"https:\/\/arantv.az\/index.php?rest_route=\/wp\/v2\/posts"}],"about":[{"href":"https:\/\/arantv.az\/index.php?rest_route=\/wp\/v2\/types\/post"}],"author":[{"embeddable":true,"href":"https:\/\/arantv.az\/index.php?rest_route=\/wp\/v2\/users\/2"}],"replies":[{"embeddable":true,"href":"https:\/\/arantv.az\/index.php?rest_route=%2Fwp%2Fv2%2Fcomments&post=156179"}],"version-history":[{"count":0,"href":"https:\/\/arantv.az\/index.php?rest_route=\/wp\/v2\/posts\/156179\/revisions"}],"wp:featuredmedia":[{"embeddable":true,"href":"https:\/\/arantv.az\/index.php?rest_route=\/wp\/v2\/media\/156180"}],"wp:attachment":[{"href":"https:\/\/arantv.az\/index.php?rest_route=%2Fwp%2Fv2%2Fmedia&parent=156179"}],"wp:term":[{"taxonomy":"category","embeddable":true,"href":"https:\/\/arantv.az\/index.php?rest_route=%2Fwp%2Fv2%2Fcategories&post=156179"},{"taxonomy":"post_tag","embeddable":true,"href":"https:\/\/arantv.az\/index.php?rest_route=%2Fwp%2Fv2%2Ftags&post=156179"}],"curies":[{"name":"wp","href":"https:\/\/api.w.org\/{rel}","templated":true}]}}