{"id":156662,"date":"2020-04-30T15:31:39","date_gmt":"2020-04-30T12:31:39","guid":{"rendered":"http:\/\/arantv.az\/?p=156662"},"modified":"2020-04-30T15:31:39","modified_gmt":"2020-04-30T12:31:39","slug":"az%c9%99rbaycanda-bir-nec%c9%99-hakim-v%c9%99zif%c9%99sind%c9%99n-azad-edil%c9%99c%c9%99k-oz%c9%99l","status":"publish","type":"post","link":"https:\/\/arantv.az\/?p=156662","title":{"rendered":"Az\u0259rbaycanda bir ne\u00e7\u0259 hakim v\u0259zif\u0259sind\u0259n azad edil\u0259c\u0259k &#8211; \u00d6Z\u018fL"},"content":{"rendered":"<p>Az\u0259rbaycan Ali M\u0259hk\u0259m\u0259sin\u0259 hakiml\u0259r t\u0259yin olunacaq.<\/p>\n<p><b>ARANTV.AZ<\/b>-\u0131n m\u0259lumat\u0131na g\u00f6r\u0259, bununla ba\u011fl\u0131 t\u0259qdimat Milli M\u0259clis\u0259 daxil olub.<\/p>\n<div id=\"AdviadNativeVideo0\" class=\"AdviadNativeVideo\"><\/div>\n<p>H\u0259m\u00e7inin, parlamentd\u0259 Bak\u0131 Apellyasiya M\u0259hk\u0259m\u0259si hakiml\u0259rinin t\u0259yin edilm\u0259si haqq\u0131nda da m\u0259s\u0259l\u0259y\u0259 bax\u0131lacaq.<\/p>\n<p>Bununla yana\u015f\u0131, bir s\u0131ra m\u0259hk\u0259m\u0259l\u0259rin hakiml\u0259rinin v\u0259zif\u0259d\u0259n azad edilm\u0259si m\u0259s\u0259l\u0259si m\u00fczakir\u0259y\u0259 \u00e7\u0131xar\u0131lacaq.Oxu.Az<\/p>\n","protected":false},"excerpt":{"rendered":"<p>Az\u0259rbaycan Ali M\u0259hk\u0259m\u0259sin\u0259 hakiml\u0259r t\u0259yin olunacaq. ARANTV.AZ-\u0131n m\u0259lumat\u0131na g\u00f6r\u0259, bununla ba\u011fl\u0131 t\u0259qdimat Milli M\u0259clis\u0259 daxil olub. H\u0259m\u00e7inin, parlamentd\u0259 Bak\u0131 Apellyasiya M\u0259hk\u0259m\u0259si hakiml\u0259rinin t\u0259yin edilm\u0259si haqq\u0131nda da m\u0259s\u0259l\u0259y\u0259 bax\u0131lacaq. Bununla yana\u015f\u0131, bir s\u0131ra m\u0259hk\u0259m\u0259l\u0259rin hakiml\u0259rinin v\u0259zif\u0259d\u0259n azad edilm\u0259si m\u0259s\u0259l\u0259si m\u00fczakir\u0259y\u0259 \u00e7\u0131xar\u0131lacaq.Oxu.Az<\/p>\n","protected":false},"author":2,"featured_media":156663,"comment_status":"closed","ping_status":"closed","sticky":false,"template":"","format":"standard","meta":{"om_disable_all_campaigns":false,"_monsterinsights_skip_tracking":false,"_monsterinsights_sitenote_active":false,"_monsterinsights_sitenote_note":"","_monsterinsights_sitenote_category":0},"categories":[5],"tags":[],"aioseo_notices":[],"gutentor_comment":0,"rttpg_featured_image_url":{"full":["https:\/\/arantv.az\/wp-content\/uploads\/2020\/04\/news_20190517114422.jpg",620,354,false],"landscape":["https:\/\/arantv.az\/wp-content\/uploads\/2020\/04\/news_20190517114422.jpg",620,354,false],"portraits":["https:\/\/arantv.az\/wp-content\/uploads\/2020\/04\/news_20190517114422.jpg",620,354,false],"thumbnail":["https:\/\/arantv.az\/wp-content\/uploads\/2020\/04\/news_20190517114422-150x150.jpg",150,150,true],"medium":["https:\/\/arantv.az\/wp-content\/uploads\/2020\/04\/news_20190517114422-300x171.jpg",300,171,true],"large":["https:\/\/arantv.az\/wp-content\/uploads\/2020\/04\/news_20190517114422.jpg",620,354,false],"1536x1536":["https:\/\/arantv.az\/wp-content\/uploads\/2020\/04\/news_20190517114422.jpg",620,354,false],"2048x2048":["https:\/\/arantv.az\/wp-content\/uploads\/2020\/04\/news_20190517114422.jpg",620,354,false],"post-thumbnail":["https:\/\/arantv.az\/wp-content\/uploads\/2020\/04\/news_20190517114422-240x172.jpg",240,172,true],"advps-thumb-one":["https:\/\/arantv.az\/wp-content\/uploads\/2020\/04\/news_20190517114422.jpg",620,354,false]},"rttpg_author":{"display_name":"V\u00fcsal Rafiqo\u011flu","author_link":"https:\/\/arantv.az\/?author=2"},"rttpg_comment":0,"rttpg_category":"<a href=\"https:\/\/arantv.az\/?cat=5\" rel=\"category\">Hadis\u0259<\/a>","rttpg_excerpt":"Az\u0259rbaycan Ali M\u0259hk\u0259m\u0259sin\u0259 hakiml\u0259r t\u0259yin olunacaq. ARANTV.AZ-\u0131n m\u0259lumat\u0131na g\u00f6r\u0259, bununla ba\u011fl\u0131 t\u0259qdimat Milli M\u0259clis\u0259 daxil olub. H\u0259m\u00e7inin, parlamentd\u0259 Bak\u0131 Apellyasiya M\u0259hk\u0259m\u0259si hakiml\u0259rinin t\u0259yin edilm\u0259si haqq\u0131nda da m\u0259s\u0259l\u0259y\u0259 bax\u0131lacaq. Bununla yana\u015f\u0131, bir s\u0131ra m\u0259hk\u0259m\u0259l\u0259rin hakiml\u0259rinin v\u0259zif\u0259d\u0259n azad edilm\u0259si m\u0259s\u0259l\u0259si m\u00fczakir\u0259y\u0259 \u00e7\u0131xar\u0131lacaq.Oxu.Az","_links":{"self":[{"href":"https:\/\/arantv.az\/index.php?rest_route=\/wp\/v2\/posts\/156662"}],"collection":[{"href":"https:\/\/arantv.az\/index.php?rest_route=\/wp\/v2\/posts"}],"about":[{"href":"https:\/\/arantv.az\/index.php?rest_route=\/wp\/v2\/types\/post"}],"author":[{"embeddable":true,"href":"https:\/\/arantv.az\/index.php?rest_route=\/wp\/v2\/users\/2"}],"replies":[{"embeddable":true,"href":"https:\/\/arantv.az\/index.php?rest_route=%2Fwp%2Fv2%2Fcomments&post=156662"}],"version-history":[{"count":0,"href":"https:\/\/arantv.az\/index.php?rest_route=\/wp\/v2\/posts\/156662\/revisions"}],"wp:featuredmedia":[{"embeddable":true,"href":"https:\/\/arantv.az\/index.php?rest_route=\/wp\/v2\/media\/156663"}],"wp:attachment":[{"href":"https:\/\/arantv.az\/index.php?rest_route=%2Fwp%2Fv2%2Fmedia&parent=156662"}],"wp:term":[{"taxonomy":"category","embeddable":true,"href":"https:\/\/arantv.az\/index.php?rest_route=%2Fwp%2Fv2%2Fcategories&post=156662"},{"taxonomy":"post_tag","embeddable":true,"href":"https:\/\/arantv.az\/index.php?rest_route=%2Fwp%2Fv2%2Ftags&post=156662"}],"curies":[{"name":"wp","href":"https:\/\/api.w.org\/{rel}","templated":true}]}}