{"id":156733,"date":"2020-04-30T16:24:00","date_gmt":"2020-04-30T13:24:00","guid":{"rendered":"http:\/\/arantv.az\/?p=156733"},"modified":"2020-04-30T16:24:00","modified_gmt":"2020-04-30T13:24:00","slug":"ilham-%c9%99liyev-inkisaf-m%c9%99qs%c9%99dimizdir-coxcildliyinin-99-cu-kitabi-capdan-cixib","status":"publish","type":"post","link":"https:\/\/arantv.az\/?p=156733","title":{"rendered":"\u201c\u0130lham \u018fliyev. \u0130nki\u015faf &#8211; m\u0259qs\u0259dimizdir\u201d \u00e7oxcildliyinin 99-cu kitab\u0131 \u00e7apdan \u00e7\u0131x\u0131b"},"content":{"rendered":"<p>Sosial t\u0259minat bizim \u00fc\u00e7\u00fcn \u0259n ba\u015fl\u0131ca v\u0259zif\u0259dir. Buna nail olmaq \u00fc\u00e7\u00fcn bizim iqtisadi imkanlar\u0131m\u0131z olmal\u0131d\u0131r. \u0130qtisadi inki\u015faf n\u0259 q\u0259d\u0259r y\u00fcks\u0259k templ\u0259rl\u0259 artsa, sosial t\u0259minat da bir o q\u0259d\u0259r yax\u015f\u0131la\u015facaq, maa\u015flar, pensiyalar artacaqd\u0131r. Bu g\u00fcn \u00f6lk\u0259mizd\u0259 apar\u0131lan islahatlar bu m\u0259qs\u0259di g\u00fcd\u00fcr. \u0130lk n\u00f6vb\u0259d\u0259, sosial sah\u0259d\u0259 daha b\u00f6y\u00fck nailiyy\u0259tl\u0259r\u0259 nail olmaq \u00fc\u00e7\u00fcn biz iqtisadi sah\u0259d\u0259 i\u015fimizi d\u00fczg\u00fcn prinsipl\u0259r \u0259sas\u0131nda qurmal\u0131y\u0131q. \u015e\u0259ffafl\u0131q, d\u00fcr\u00fcstl\u00fck, korrupsiya v\u0259 r\u00fc\u015fv\u0259txorluqla m\u00fcbariz\u0259, iqtisadi islahatlar, struktur islahatlar\u0131 &#8211; b\u00fct\u00fcn bunlar \u00f6lk\u0259miz\u0259 b\u00f6y\u00fck canlanma g\u0259tirir.<\/p>\n<p><strong>ARANTV.AZ\u00a0\u00a0<\/strong><a href=\"https:\/\/azertag.az\/\" target=\"_blank\" rel=\"noopener\">AZ\u018fRTAC<\/a>-a istinad\u0259n x\u0259b\u0259r verir ki, &#8220;\u0130lham \u018fliyev. \u0130nki\u015faf &#8211; m\u0259qs\u0259dimizdir&#8221; \u00e7oxcildliyinin yenic\u0259 \u00e7apdan \u00e7\u0131xm\u0131\u015f 99-cu kitab\u0131nda yer alan bu fikirl\u0259ri d\u00f6vl\u0259timizin ba\u015f\u00e7\u0131s\u0131 \u00f6t\u0259n il dekabr\u0131n 24-d\u0259 Bak\u0131n\u0131n Nizami rayonunda \u015f\u0259hid ail\u0259l\u0259ri v\u0259 Qaraba\u011f m\u00fcharib\u0259si \u0259lill\u0259ri \u00fc\u00e7\u00fcn in\u015fa olunmu\u015f ya\u015fay\u0131\u015f binas\u0131nda m\u0259nzill\u0259rin v\u0259 Qaraba\u011f m\u00fcharib\u0259si \u0259lill\u0259rin\u0259 avtomobill\u0259rin t\u0259qdim olunmas\u0131 m\u0259rasimind\u0259 s\u00f6yl\u0259yib.<\/p>\n<p>Akademik Ramiz Mehdiyevin burax\u0131l\u0131\u015f\u0131na m\u0259sul oldu\u011fu \u00e7oxcildliyin n\u00f6vb\u0259ti kitab\u0131ndak\u0131 materiallar 2019-cu ilin dekabr v\u0259 bu ilin yanvar aylar\u0131n\u0131 \u0259hat\u0259 edir.<\/p>\n<p>\u00c7oxcildliyin 99-cu kitab\u0131nda Prezident \u0130lham \u018fliyevin Rusiya Federasiyas\u0131na s\u0259f\u0259ri, Az\u0259rbaycana g\u0259lmi\u015f \u00d6zb\u0259kistan Respublikas\u0131 Ali M\u0259clisi Senat\u0131n\u0131n, T\u00fcrkiy\u0259 B\u00f6y\u00fck Mill\u0259t M\u0259clisinin, Qazax\u0131stan Respublikas\u0131 Parlament M\u0259clisinin s\u0259drl\u0259ri il\u0259 g\u00f6r\u00fc\u015fl\u0259ri, el\u0259c\u0259 d\u0259 bir s\u0131ra d\u00f6vl\u0259tl\u0259rin y\u00fcks\u0259kv\u0259zif\u0259li n\u00fcmay\u0259nd\u0259l\u0259rini q\u0259bul etm\u0259si haqq\u0131nda informasiyalar toplan\u0131b.<\/p>\n<p>Az\u0259rbaycan Prezidentinin b\u00fct\u00fcn g\u00f6r\u00fc\u015f v\u0259 dan\u0131\u015f\u0131qlar\u0131nda Erm\u0259nistan-Az\u0259rbaycan Da\u011fl\u0131q Qaraba\u011f m\u00fcnaqi\u015f\u0259sinin beyn\u0259lxalq h\u00fcquq normalar\u0131 v\u0259 Az\u0259rbaycan\u0131n \u0259razi b\u00fct\u00f6vl\u00fcy\u00fc \u00e7\u0259r\u00e7iv\u0259sind\u0259 h\u0259lli yollar\u0131 prioritet m\u0259s\u0259l\u0259 kimi qald\u0131r\u0131l\u0131r ki, bu da h\u0259r cildd\u0259 \u00f6z \u0259ksini tap\u0131r.<\/p>\n<p>Kitabda oxuculara d\u00f6vl\u0259timizin ba\u015f\u00e7\u0131s\u0131n\u0131n Bak\u0131n\u0131n X\u0259z\u0259r rayonunda 2 sayl\u0131 DOST M\u0259rk\u0259zinin, Bak\u0131 &#8220;A\u011f \u015f\u0259h\u0259r&#8221;d\u0259 M\u0259rk\u0259zi Bulvar k\u00fc\u00e7\u0259sinin a\u00e7\u0131l\u0131\u015f m\u0259rasiml\u0259rind\u0259 i\u015ftirak\u0131, Bak\u0131-Quba-Rusiya Federasiyas\u0131 d\u00f6vl\u0259t s\u0259rh\u0259di yeni avtomobil yolunun tikintisi, &#8220;\u015eahda\u011f&#8221; Turizm M\u0259rk\u0259zind\u0259 g\u00f6r\u00fclm\u00fc\u015f i\u015fl\u0259rl\u0259 tan\u0131\u015fl\u0131\u011f\u0131na dair m\u0259lumatlar da t\u0259qdim edilib.<\/p>\n<p>D\u00f6vl\u0259timizin ba\u015f\u00e7\u0131s\u0131n\u0131n 2019-cu ilin yekunlar\u0131na h\u0259sr olunmu\u015f m\u00fc\u015favir\u0259d\u0259 s\u00f6yl\u0259diyi geni\u015f nitqin, ilin yekunlar\u0131 il\u0259 ba\u011fl\u0131 jurnalistl\u0259r\u0259, h\u0259m\u00e7inin Rusiyan\u0131n &#8220;Rossiya-24&#8221; kanal\u0131na m\u00fcsahib\u0259l\u0259rinin m\u0259tnl\u0259ri d\u0259 bu n\u0259\u015frd\u0259 yer al\u0131b.<\/p>\n<p>Yeni kitaba Prezident \u0130lham \u018fliyevin D\u00fcnya Az\u0259rbaycanl\u0131lar\u0131n\u0131n H\u0259mr\u0259ylik G\u00fcn\u00fc v\u0259 Yeni il m\u00fcnasib\u0259til\u0259 Az\u0259rbaycan xalq\u0131na, Milad bayram\u0131 m\u00fcnasib\u0259til\u0259 Az\u0259rbaycan\u0131n Pravoslav icmas\u0131na t\u0259brik m\u0259ktublar\u0131 v\u0259 dig\u0259r m\u0259ktublar\u0131 daxil edilib.<\/p>\n<p>Kitabda &#8220;Qeydl\u0259r&#8221;, &#8220;\u015e\u0259xsi adlar&#8221;, &#8220;Co\u011frafi adlar&#8221; g\u00f6st\u0259ricil\u0259ri verilib.<\/p>\n<p>&#8220;Az\u0259rn\u0259\u015fr&#8221; t\u0259r\u0259find\u0259n burax\u0131lan 99-cu kitab\u0131n haz\u0131rlanmas\u0131nda Az\u0259rbaycan D\u00f6vl\u0259t \u0130nformasiya Agentliyinin materiallar\u0131ndan istifad\u0259 olunub.<\/p>\n","protected":false},"excerpt":{"rendered":"<p>Sosial t\u0259minat bizim \u00fc\u00e7\u00fcn \u0259n ba\u015fl\u0131ca v\u0259zif\u0259dir. Buna nail olmaq \u00fc\u00e7\u00fcn bizim iqtisadi imkanlar\u0131m\u0131z olmal\u0131d\u0131r. \u0130qtisadi inki\u015faf n\u0259 q\u0259d\u0259r y\u00fcks\u0259k templ\u0259rl\u0259 artsa, sosial t\u0259minat da bir o q\u0259d\u0259r yax\u015f\u0131la\u015facaq, maa\u015flar, pensiyalar artacaqd\u0131r. Bu g\u00fcn \u00f6lk\u0259mizd\u0259 apar\u0131lan islahatlar bu m\u0259qs\u0259di g\u00fcd\u00fcr. \u0130lk n\u00f6vb\u0259d\u0259, sosial sah\u0259d\u0259 daha b\u00f6y\u00fck nailiyy\u0259tl\u0259r\u0259 nail olmaq \u00fc\u00e7\u00fcn biz iqtisadi sah\u0259d\u0259 i\u015fimizi d\u00fczg\u00fcn prinsipl\u0259r \u0259sas\u0131nda qurmal\u0131y\u0131q. \u015e\u0259ffafl\u0131q, d\u00fcr\u00fcstl\u00fck, korrupsiya v\u0259 r\u00fc\u015fv\u0259txorluqla m\u00fcbariz\u0259, iqtisadi islahatlar, struktur islahatlar\u0131 &#8211; b\u00fct\u00fcn bunlar \u00f6lk\u0259miz\u0259 b\u00f6y\u00fck canlanma g\u0259tirir. ARANTV.AZ\u00a0\u00a0AZ\u018fRTAC-a istinad\u0259n x\u0259b\u0259r verir ki, &#8220;\u0130lham \u018fliyev. \u0130nki\u015faf &#8211; m\u0259qs\u0259dimizdir&#8221; \u00e7oxcildliyinin yenic\u0259 \u00e7apdan \u00e7\u0131xm\u0131\u015f 99-cu&hellip;<\/p>\n","protected":false},"author":2,"featured_media":156734,"comment_status":"closed","ping_status":"closed","sticky":false,"template":"","format":"standard","meta":{"om_disable_all_campaigns":false,"_monsterinsights_skip_tracking":false,"_monsterinsights_sitenote_active":false,"_monsterinsights_sitenote_note":"","_monsterinsights_sitenote_category":0},"categories":[4],"tags":[],"aioseo_notices":[],"gutentor_comment":0,"rttpg_featured_image_url":{"full":["https:\/\/arantv.az\/wp-content\/uploads\/2020\/04\/846609.jpg",800,600,false],"landscape":["https:\/\/arantv.az\/wp-content\/uploads\/2020\/04\/846609.jpg",800,600,false],"portraits":["https:\/\/arantv.az\/wp-content\/uploads\/2020\/04\/846609.jpg",800,600,false],"thumbnail":["https:\/\/arantv.az\/wp-content\/uploads\/2020\/04\/846609-150x150.jpg",150,150,true],"medium":["https:\/\/arantv.az\/wp-content\/uploads\/2020\/04\/846609-300x225.jpg",300,225,true],"large":["https:\/\/arantv.az\/wp-content\/uploads\/2020\/04\/846609.jpg",640,480,false],"1536x1536":["https:\/\/arantv.az\/wp-content\/uploads\/2020\/04\/846609.jpg",800,600,false],"2048x2048":["https:\/\/arantv.az\/wp-content\/uploads\/2020\/04\/846609.jpg",800,600,false],"post-thumbnail":["https:\/\/arantv.az\/wp-content\/uploads\/2020\/04\/846609-240x172.jpg",240,172,true],"advps-thumb-one":["https:\/\/arantv.az\/wp-content\/uploads\/2020\/04\/846609.jpg",800,600,false]},"rttpg_author":{"display_name":"V\u00fcsal Rafiqo\u011flu","author_link":"https:\/\/arantv.az\/?author=2"},"rttpg_comment":0,"rttpg_category":"<a href=\"https:\/\/arantv.az\/?cat=4\" rel=\"category\">Siyas\u0259t<\/a>","rttpg_excerpt":"Sosial t\u0259minat bizim \u00fc\u00e7\u00fcn \u0259n ba\u015fl\u0131ca v\u0259zif\u0259dir. Buna nail olmaq \u00fc\u00e7\u00fcn bizim iqtisadi imkanlar\u0131m\u0131z olmal\u0131d\u0131r. \u0130qtisadi inki\u015faf n\u0259 q\u0259d\u0259r y\u00fcks\u0259k templ\u0259rl\u0259 artsa, sosial t\u0259minat da bir o q\u0259d\u0259r yax\u015f\u0131la\u015facaq, maa\u015flar, pensiyalar artacaqd\u0131r. Bu g\u00fcn \u00f6lk\u0259mizd\u0259 apar\u0131lan islahatlar bu m\u0259qs\u0259di g\u00fcd\u00fcr. \u0130lk n\u00f6vb\u0259d\u0259, sosial sah\u0259d\u0259 daha b\u00f6y\u00fck nailiyy\u0259tl\u0259r\u0259 nail olmaq \u00fc\u00e7\u00fcn biz iqtisadi sah\u0259d\u0259 i\u015fimizi d\u00fczg\u00fcn&hellip;","_links":{"self":[{"href":"https:\/\/arantv.az\/index.php?rest_route=\/wp\/v2\/posts\/156733"}],"collection":[{"href":"https:\/\/arantv.az\/index.php?rest_route=\/wp\/v2\/posts"}],"about":[{"href":"https:\/\/arantv.az\/index.php?rest_route=\/wp\/v2\/types\/post"}],"author":[{"embeddable":true,"href":"https:\/\/arantv.az\/index.php?rest_route=\/wp\/v2\/users\/2"}],"replies":[{"embeddable":true,"href":"https:\/\/arantv.az\/index.php?rest_route=%2Fwp%2Fv2%2Fcomments&post=156733"}],"version-history":[{"count":0,"href":"https:\/\/arantv.az\/index.php?rest_route=\/wp\/v2\/posts\/156733\/revisions"}],"wp:featuredmedia":[{"embeddable":true,"href":"https:\/\/arantv.az\/index.php?rest_route=\/wp\/v2\/media\/156734"}],"wp:attachment":[{"href":"https:\/\/arantv.az\/index.php?rest_route=%2Fwp%2Fv2%2Fmedia&parent=156733"}],"wp:term":[{"taxonomy":"category","embeddable":true,"href":"https:\/\/arantv.az\/index.php?rest_route=%2Fwp%2Fv2%2Fcategories&post=156733"},{"taxonomy":"post_tag","embeddable":true,"href":"https:\/\/arantv.az\/index.php?rest_route=%2Fwp%2Fv2%2Ftags&post=156733"}],"curies":[{"name":"wp","href":"https:\/\/api.w.org\/{rel}","templated":true}]}}