{"id":156737,"date":"2020-04-30T16:27:58","date_gmt":"2020-04-30T13:27:58","guid":{"rendered":"http:\/\/arantv.az\/?p=156737"},"modified":"2020-04-30T16:27:58","modified_gmt":"2020-04-30T13:27:58","slug":"az%c9%99rbaycanda-m%c9%99k%c9%99m%c9%99-prosesl%c9%99ri-onlayn-kecirilm%c9%99y%c9%99-baslanib","status":"publish","type":"post","link":"https:\/\/arantv.az\/?p=156737","title":{"rendered":"Az\u0259rbaycanda m\u0259k\u0259m\u0259 prosesl\u0259ri onlayn ke\u00e7irilm\u0259y\u0259 ba\u015flan\u0131b"},"content":{"rendered":"<p>&#8220;M\u0259hk\u0259m\u0259 prosesinin videokonfrans \u015f\u0259klind\u0259 ke\u00e7irilm\u0259si t\u0259\u015fkil olunur&#8221;.<\/p>\n<p><strong>ARANTV.AZ\u00a0<\/strong><a href=\"https:\/\/az.trend.az\/\" target=\"_blank\" rel=\"noopener\">Trend<\/a>-\u0259 istinad\u0259n x\u0259b\u0259r verir ki, bunu bu g\u00fcn \u018fdliyy\u0259 Nazirliyinin ke\u00e7irdiyi &#8220;Pandemiya d\u00f6vr\u00fcnd\u0259 \u0259dliyy\u0259y\u0259 \u0259l\u00e7atanl\u0131q&#8221; m\u00f6vzusunda onlayn m\u0259tbuat konfrans\u0131nda Yasamal Rayon M\u0259hk\u0259m\u0259sinin hakimi Ramin Qurbanov bildirib.<\/p>\n<p>O qeyd edib ki, \u00f6lk\u0259d\u0259 t\u0259tbiq edil\u0259n x\u00fcsusi karantin rejimi il\u0259 \u0259laq\u0259dar &#8220;Elektron m\u0259hk\u0259m\u0259&#8221; informasiya sistemind\u0259 yarad\u0131lm\u0131\u015f yeni proqram vasit\u0259sil\u0259 m\u0259hk\u0259m\u0259 prosesl\u0259rinin onlayn rejimd\u0259, videokonfrans format\u0131nda h\u0259yata ke\u00e7irilm\u0259si, h\u0259m\u00e7inin iclas\u0131n avtomatla\u015fd\u0131r\u0131lm\u0131\u015f rejimd\u0259 audio v\u0259 video yaz\u0131l\u0131\u015f\u0131n\u0131n apar\u0131lmas\u0131na ba\u015flan\u0131l\u0131b:<\/p>\n<p>&#8220;\u0130ndiki pandemiya \u015f\u0259raitind\u0259 v\u0259t\u0259nda\u015flar\u0131n t\u0259hl\u00fck\u0259sizliyinin qorunmas\u0131 v\u0259 onlar\u0131n h\u00fcquqlar\u0131n\u0131n m\u0259hk\u0259m\u0259 m\u00fcdafi\u0259sinin t\u0259min olunmas\u0131 m\u0259qs\u0259dil\u0259 Bak\u0131 \u015f\u0259h\u0259ri Yasamal Rayon M\u0259hk\u0259m\u0259sind\u0259 h\u0259min proqram t\u0259minat\u0131 u\u011furla t\u0259tbiq olunaraq m\u0259hk\u0259m\u0259 prosesl\u0259ri videokonfrans \u015f\u0259klind\u0259, onlayn qaydada ke\u00e7irilib v\u0259 yekun q\u0259rarlar \u00e7\u0131xar\u0131l\u0131b.<\/p>\n<div>\n<div id=\"AdviadNativeVideo0\" class=\"AdviadNativeVideo\"><\/div>\n<\/div>\n<p>V\u0259r\u0259nda\u015flar\u0131n m\u0259hk\u0259m\u0259l\u0259r\u0259 m\u00fcraci\u0259t imkanlar\u0131n\u0131n v\u0259 \u0259dal\u0259t m\u00fchakim\u0259sin\u0259 \u0259l\u00e7atanl\u0131\u011f\u0131n asanla\u015fd\u0131r\u0131lmas\u0131 m\u0259qs\u0259dil\u0259 \u018fdliyy\u0259 Nazirliyi t\u0259r\u0259find\u0259n m\u0259hk\u0259m\u0259l\u0259rin f\u0259aliyy\u0259tind\u0259 m\u00fcasir \u0130KT-l\u0259rin v\u0259 innovasiyalar\u0131n t\u0259tbiqinin geni\u015fl\u0259ndirilm\u0259si \u00fczr\u0259 t\u0259dbirl\u0259r davam etdirilir&#8221;.<\/p>\n","protected":false},"excerpt":{"rendered":"<p>&#8220;M\u0259hk\u0259m\u0259 prosesinin videokonfrans \u015f\u0259klind\u0259 ke\u00e7irilm\u0259si t\u0259\u015fkil olunur&#8221;. ARANTV.AZ\u00a0Trend-\u0259 istinad\u0259n x\u0259b\u0259r verir ki, bunu bu g\u00fcn \u018fdliyy\u0259 Nazirliyinin ke\u00e7irdiyi &#8220;Pandemiya d\u00f6vr\u00fcnd\u0259 \u0259dliyy\u0259y\u0259 \u0259l\u00e7atanl\u0131q&#8221; m\u00f6vzusunda onlayn m\u0259tbuat konfrans\u0131nda Yasamal Rayon M\u0259hk\u0259m\u0259sinin hakimi Ramin Qurbanov bildirib. O qeyd edib ki, \u00f6lk\u0259d\u0259 t\u0259tbiq edil\u0259n x\u00fcsusi karantin rejimi il\u0259 \u0259laq\u0259dar &#8220;Elektron m\u0259hk\u0259m\u0259&#8221; informasiya sistemind\u0259 yarad\u0131lm\u0131\u015f yeni proqram vasit\u0259sil\u0259 m\u0259hk\u0259m\u0259 prosesl\u0259rinin onlayn rejimd\u0259, videokonfrans format\u0131nda h\u0259yata ke\u00e7irilm\u0259si, h\u0259m\u00e7inin iclas\u0131n avtomatla\u015fd\u0131r\u0131lm\u0131\u015f rejimd\u0259 audio v\u0259 video yaz\u0131l\u0131\u015f\u0131n\u0131n apar\u0131lmas\u0131na ba\u015flan\u0131l\u0131b: &#8220;\u0130ndiki pandemiya \u015f\u0259raitind\u0259 v\u0259t\u0259nda\u015flar\u0131n t\u0259hl\u00fck\u0259sizliyinin qorunmas\u0131 v\u0259 onlar\u0131n h\u00fcquqlar\u0131n\u0131n m\u0259hk\u0259m\u0259 m\u00fcdafi\u0259sinin t\u0259min olunmas\u0131 m\u0259qs\u0259dil\u0259 Bak\u0131 \u015f\u0259h\u0259ri Yasamal Rayon M\u0259hk\u0259m\u0259sind\u0259&hellip;<\/p>\n","protected":false},"author":2,"featured_media":156738,"comment_status":"closed","ping_status":"closed","sticky":false,"template":"","format":"standard","meta":{"om_disable_all_campaigns":false,"_monsterinsights_skip_tracking":false,"_monsterinsights_sitenote_active":false,"_monsterinsights_sitenote_note":"","_monsterinsights_sitenote_category":0},"categories":[26],"tags":[],"aioseo_notices":[],"gutentor_comment":0,"rttpg_featured_image_url":{"full":["https:\/\/arantv.az\/wp-content\/uploads\/2020\/04\/846621.jpg",800,600,false],"landscape":["https:\/\/arantv.az\/wp-content\/uploads\/2020\/04\/846621.jpg",800,600,false],"portraits":["https:\/\/arantv.az\/wp-content\/uploads\/2020\/04\/846621.jpg",800,600,false],"thumbnail":["https:\/\/arantv.az\/wp-content\/uploads\/2020\/04\/846621-150x150.jpg",150,150,true],"medium":["https:\/\/arantv.az\/wp-content\/uploads\/2020\/04\/846621-300x225.jpg",300,225,true],"large":["https:\/\/arantv.az\/wp-content\/uploads\/2020\/04\/846621.jpg",640,480,false],"1536x1536":["https:\/\/arantv.az\/wp-content\/uploads\/2020\/04\/846621.jpg",800,600,false],"2048x2048":["https:\/\/arantv.az\/wp-content\/uploads\/2020\/04\/846621.jpg",800,600,false],"post-thumbnail":["https:\/\/arantv.az\/wp-content\/uploads\/2020\/04\/846621-240x172.jpg",240,172,true],"advps-thumb-one":["https:\/\/arantv.az\/wp-content\/uploads\/2020\/04\/846621.jpg",800,600,false]},"rttpg_author":{"display_name":"V\u00fcsal Rafiqo\u011flu","author_link":"https:\/\/arantv.az\/?author=2"},"rttpg_comment":0,"rttpg_category":"<a href=\"https:\/\/arantv.az\/?cat=26\" rel=\"category\">Sosial<\/a>","rttpg_excerpt":"&#8220;M\u0259hk\u0259m\u0259 prosesinin videokonfrans \u015f\u0259klind\u0259 ke\u00e7irilm\u0259si t\u0259\u015fkil olunur&#8221;. ARANTV.AZ\u00a0Trend-\u0259 istinad\u0259n x\u0259b\u0259r verir ki, bunu bu g\u00fcn \u018fdliyy\u0259 Nazirliyinin ke\u00e7irdiyi &#8220;Pandemiya d\u00f6vr\u00fcnd\u0259 \u0259dliyy\u0259y\u0259 \u0259l\u00e7atanl\u0131q&#8221; m\u00f6vzusunda onlayn m\u0259tbuat konfrans\u0131nda Yasamal Rayon M\u0259hk\u0259m\u0259sinin hakimi Ramin Qurbanov bildirib. O qeyd edib ki, \u00f6lk\u0259d\u0259 t\u0259tbiq edil\u0259n x\u00fcsusi karantin rejimi il\u0259 \u0259laq\u0259dar &#8220;Elektron m\u0259hk\u0259m\u0259&#8221; informasiya sistemind\u0259 yarad\u0131lm\u0131\u015f yeni proqram vasit\u0259sil\u0259 m\u0259hk\u0259m\u0259 prosesl\u0259rinin&hellip;","_links":{"self":[{"href":"https:\/\/arantv.az\/index.php?rest_route=\/wp\/v2\/posts\/156737"}],"collection":[{"href":"https:\/\/arantv.az\/index.php?rest_route=\/wp\/v2\/posts"}],"about":[{"href":"https:\/\/arantv.az\/index.php?rest_route=\/wp\/v2\/types\/post"}],"author":[{"embeddable":true,"href":"https:\/\/arantv.az\/index.php?rest_route=\/wp\/v2\/users\/2"}],"replies":[{"embeddable":true,"href":"https:\/\/arantv.az\/index.php?rest_route=%2Fwp%2Fv2%2Fcomments&post=156737"}],"version-history":[{"count":0,"href":"https:\/\/arantv.az\/index.php?rest_route=\/wp\/v2\/posts\/156737\/revisions"}],"wp:featuredmedia":[{"embeddable":true,"href":"https:\/\/arantv.az\/index.php?rest_route=\/wp\/v2\/media\/156738"}],"wp:attachment":[{"href":"https:\/\/arantv.az\/index.php?rest_route=%2Fwp%2Fv2%2Fmedia&parent=156737"}],"wp:term":[{"taxonomy":"category","embeddable":true,"href":"https:\/\/arantv.az\/index.php?rest_route=%2Fwp%2Fv2%2Fcategories&post=156737"},{"taxonomy":"post_tag","embeddable":true,"href":"https:\/\/arantv.az\/index.php?rest_route=%2Fwp%2Fv2%2Ftags&post=156737"}],"curies":[{"name":"wp","href":"https:\/\/api.w.org\/{rel}","templated":true}]}}