{"id":156751,"date":"2020-04-30T16:40:12","date_gmt":"2020-04-30T13:40:12","guid":{"rendered":"http:\/\/arantv.az\/?p=156751"},"modified":"2020-04-30T16:40:12","modified_gmt":"2020-04-30T13:40:12","slug":"az%c9%99rbaycan-%c9%99razisind%c9%99n-52-min-beyn%c9%99lxalq-avtomobil-dasima-olub-r%c9%99smi","status":"publish","type":"post","link":"https:\/\/arantv.az\/?p=156751","title":{"rendered":"Az\u0259rbaycan \u0259razisind\u0259n 52 min beyn\u0259lxalq avtomobil da\u015f\u0131ma olub &#8211; R\u018fSM\u0130"},"content":{"rendered":"<p>\u201cCari ilin I r\u00fcb\u00fcnd\u0259 Az\u0259rbaycan\u00a0\u0259razisind\u0259n 52 min 405 \u0259d\u0259d, o c\u00fcml\u0259d\u0259n tranzit olaraq 20 min 819 \u0259d\u0259d xarici \u00f6lk\u0259l\u0259rin n\u0259qliyyat vasit\u0259l\u0259ri ikit\u0259r\u0259fli v\u0259 Beyn\u0259lxalq N\u0259qliyyat Forumunun \u00e7oxt\u0259r\u0259fli icaz\u0259l\u0259ri il\u0259 s\u0259rh\u0259dd\u0259 icaz\u0259 almaqla, beyn\u0259lxalq avtomobil da\u015f\u0131malar\u0131n\u0131 yerin\u0259 yetirib\u201d.<\/p>\n<p><b>ARANTV.AZ\u00a0<\/b> x\u0259b\u0259r verir ki, bu bar\u0259d\u0259 N\u0259qliyyat, Rabit\u0259 v\u0259 Y\u00fcks\u0259k Texnologiyalar naziri Ramin Quluzad\u0259 Az\u0259rbaycan\u0131n s\u0259drliyi il\u0259 T\u00fcrkdilli D\u00f6vl\u0259tl\u0259rin \u018fm\u0259kda\u015fl\u0131q \u015euras\u0131na \u00fczv \u00f6lk\u0259l\u0259r aras\u0131nda ke\u00e7iril\u0259n videokonfransda n\u0259qliyyat m\u0259s\u0259l\u0259l\u0259rinin m\u00fczakir\u0259si zaman\u0131 m\u0259lumat verib.<\/p>\n<div id=\"AdviadNativeVideo0\" class=\"AdviadNativeVideo\"><\/div>\n<p>Onun s\u00f6zl\u0259rin\u0259 g\u00f6r\u0259, beyn\u0259lxalq y\u00fck da\u015f\u0131malar\u0131n\u0131n h\u0259yata ke\u00e7irilm\u0259sin\u0259 \u00f6lk\u0259mizd\u0259 he\u00e7 bir m\u0259hdudiyy\u0259t qoyulmay\u0131b:<\/p>\n<p>\u201cStatistik m\u0259lumatlar\u0131n m\u00fcqayis\u0259si g\u00f6st\u0259rir ki, bu ilin I r\u00fcb\u00fcnd\u0259 \u00f6t\u0259n ilin m\u00fcvafiq d\u00f6vr\u00fcn\u0259 nisb\u0259t\u0259n Az\u0259rbaycan \u0259razisind\u0259n beyn\u0259lxalq avtomobil da\u015f\u0131malar\u0131n\u0131 yerin\u0259 yetir\u0259n xarici \u00f6lk\u0259l\u0259rin n\u0259qliyyat vasit\u0259l\u0259rinin say\u0131 24 faiz, tranzit da\u015f\u0131malar\u0131n say\u0131 is\u0259 32 faiz art\u0131b\u201d.Oxu.Az<\/p>\n","protected":false},"excerpt":{"rendered":"<p>\u201cCari ilin I r\u00fcb\u00fcnd\u0259 Az\u0259rbaycan\u00a0\u0259razisind\u0259n 52 min 405 \u0259d\u0259d, o c\u00fcml\u0259d\u0259n tranzit olaraq 20 min 819 \u0259d\u0259d xarici \u00f6lk\u0259l\u0259rin n\u0259qliyyat vasit\u0259l\u0259ri ikit\u0259r\u0259fli v\u0259 Beyn\u0259lxalq N\u0259qliyyat Forumunun \u00e7oxt\u0259r\u0259fli icaz\u0259l\u0259ri il\u0259 s\u0259rh\u0259dd\u0259 icaz\u0259 almaqla, beyn\u0259lxalq avtomobil da\u015f\u0131malar\u0131n\u0131 yerin\u0259 yetirib\u201d. ARANTV.AZ\u00a0 x\u0259b\u0259r verir ki, bu bar\u0259d\u0259 N\u0259qliyyat, Rabit\u0259 v\u0259 Y\u00fcks\u0259k Texnologiyalar naziri Ramin Quluzad\u0259 Az\u0259rbaycan\u0131n s\u0259drliyi il\u0259 T\u00fcrkdilli D\u00f6vl\u0259tl\u0259rin \u018fm\u0259kda\u015fl\u0131q \u015euras\u0131na \u00fczv \u00f6lk\u0259l\u0259r aras\u0131nda ke\u00e7iril\u0259n videokonfransda n\u0259qliyyat m\u0259s\u0259l\u0259l\u0259rinin m\u00fczakir\u0259si zaman\u0131 m\u0259lumat verib. Onun s\u00f6zl\u0259rin\u0259 g\u00f6r\u0259, beyn\u0259lxalq y\u00fck da\u015f\u0131malar\u0131n\u0131n h\u0259yata ke\u00e7irilm\u0259sin\u0259 \u00f6lk\u0259mizd\u0259 he\u00e7 bir m\u0259hdudiyy\u0259t qoyulmay\u0131b: \u201cStatistik m\u0259lumatlar\u0131n m\u00fcqayis\u0259si g\u00f6st\u0259rir ki, bu ilin I&hellip;<\/p>\n","protected":false},"author":2,"featured_media":156752,"comment_status":"closed","ping_status":"closed","sticky":false,"template":"","format":"standard","meta":{"om_disable_all_campaigns":false,"_monsterinsights_skip_tracking":false,"_monsterinsights_sitenote_active":false,"_monsterinsights_sitenote_note":"","_monsterinsights_sitenote_category":0},"categories":[26],"tags":[],"aioseo_notices":[],"gutentor_comment":0,"rttpg_featured_image_url":{"full":["https:\/\/arantv.az\/wp-content\/uploads\/2020\/04\/FotoJet-31.jpg",620,377,false],"landscape":["https:\/\/arantv.az\/wp-content\/uploads\/2020\/04\/FotoJet-31.jpg",620,377,false],"portraits":["https:\/\/arantv.az\/wp-content\/uploads\/2020\/04\/FotoJet-31.jpg",620,377,false],"thumbnail":["https:\/\/arantv.az\/wp-content\/uploads\/2020\/04\/FotoJet-31-150x150.jpg",150,150,true],"medium":["https:\/\/arantv.az\/wp-content\/uploads\/2020\/04\/FotoJet-31-300x182.jpg",300,182,true],"large":["https:\/\/arantv.az\/wp-content\/uploads\/2020\/04\/FotoJet-31.jpg",620,377,false],"1536x1536":["https:\/\/arantv.az\/wp-content\/uploads\/2020\/04\/FotoJet-31.jpg",620,377,false],"2048x2048":["https:\/\/arantv.az\/wp-content\/uploads\/2020\/04\/FotoJet-31.jpg",620,377,false],"post-thumbnail":["https:\/\/arantv.az\/wp-content\/uploads\/2020\/04\/FotoJet-31-240x172.jpg",240,172,true],"advps-thumb-one":["https:\/\/arantv.az\/wp-content\/uploads\/2020\/04\/FotoJet-31.jpg",620,377,false]},"rttpg_author":{"display_name":"V\u00fcsal Rafiqo\u011flu","author_link":"https:\/\/arantv.az\/?author=2"},"rttpg_comment":0,"rttpg_category":"<a href=\"https:\/\/arantv.az\/?cat=26\" rel=\"category\">Sosial<\/a>","rttpg_excerpt":"\u201cCari ilin I r\u00fcb\u00fcnd\u0259 Az\u0259rbaycan\u00a0\u0259razisind\u0259n 52 min 405 \u0259d\u0259d, o c\u00fcml\u0259d\u0259n tranzit olaraq 20 min 819 \u0259d\u0259d xarici \u00f6lk\u0259l\u0259rin n\u0259qliyyat vasit\u0259l\u0259ri ikit\u0259r\u0259fli v\u0259 Beyn\u0259lxalq N\u0259qliyyat Forumunun \u00e7oxt\u0259r\u0259fli icaz\u0259l\u0259ri il\u0259 s\u0259rh\u0259dd\u0259 icaz\u0259 almaqla, beyn\u0259lxalq avtomobil da\u015f\u0131malar\u0131n\u0131 yerin\u0259 yetirib\u201d. ARANTV.AZ\u00a0 x\u0259b\u0259r verir ki, bu bar\u0259d\u0259 N\u0259qliyyat, Rabit\u0259 v\u0259 Y\u00fcks\u0259k Texnologiyalar naziri Ramin Quluzad\u0259 Az\u0259rbaycan\u0131n s\u0259drliyi il\u0259 T\u00fcrkdilli&hellip;","_links":{"self":[{"href":"https:\/\/arantv.az\/index.php?rest_route=\/wp\/v2\/posts\/156751"}],"collection":[{"href":"https:\/\/arantv.az\/index.php?rest_route=\/wp\/v2\/posts"}],"about":[{"href":"https:\/\/arantv.az\/index.php?rest_route=\/wp\/v2\/types\/post"}],"author":[{"embeddable":true,"href":"https:\/\/arantv.az\/index.php?rest_route=\/wp\/v2\/users\/2"}],"replies":[{"embeddable":true,"href":"https:\/\/arantv.az\/index.php?rest_route=%2Fwp%2Fv2%2Fcomments&post=156751"}],"version-history":[{"count":0,"href":"https:\/\/arantv.az\/index.php?rest_route=\/wp\/v2\/posts\/156751\/revisions"}],"wp:featuredmedia":[{"embeddable":true,"href":"https:\/\/arantv.az\/index.php?rest_route=\/wp\/v2\/media\/156752"}],"wp:attachment":[{"href":"https:\/\/arantv.az\/index.php?rest_route=%2Fwp%2Fv2%2Fmedia&parent=156751"}],"wp:term":[{"taxonomy":"category","embeddable":true,"href":"https:\/\/arantv.az\/index.php?rest_route=%2Fwp%2Fv2%2Fcategories&post=156751"},{"taxonomy":"post_tag","embeddable":true,"href":"https:\/\/arantv.az\/index.php?rest_route=%2Fwp%2Fv2%2Ftags&post=156751"}],"curies":[{"name":"wp","href":"https:\/\/api.w.org\/{rel}","templated":true}]}}