{"id":156755,"date":"2020-04-30T16:41:13","date_gmt":"2020-04-30T13:41:13","guid":{"rendered":"http:\/\/arantv.az\/?p=156755"},"modified":"2020-04-30T16:41:13","modified_gmt":"2020-04-30T13:41:13","slug":"nazir-az%c9%99rbaycanda-koronavirusa-qarsi-gorul%c9%99n-t%c9%99dbirl%c9%99rd%c9%99n-danisdi","status":"publish","type":"post","link":"https:\/\/arantv.az\/?p=156755","title":{"rendered":"Nazir Az\u0259rbaycanda koronavirusa qar\u015f\u0131 g\u00f6r\u00fcl\u0259n t\u0259dbirl\u0259rd\u0259n dan\u0131\u015fd\u0131"},"content":{"rendered":"<p>\u201cKoronavirusun yay\u0131lmas\u0131n\u0131n qar\u015f\u0131s\u0131n\u0131 almaq m\u0259qs\u0259dil\u0259 \u00f6lk\u0259d\u0259 \u015f\u0259h\u0259rl\u0259raras\u0131, rayonlararas\u0131 n\u0259qliyyat\u0131n f\u0259aliyy\u0259ti tam dayand\u0131r\u0131l\u0131b\u201d.<\/p>\n<p><b>ARANTV.AZ<\/b> x\u0259b\u0259r verir ki, bu bar\u0259d\u0259 N\u0259qliyyat, Rabit\u0259 v\u0259 Y\u00fcks\u0259k Texnologiyalar naziri Ramin Quluzad\u0259 Az\u0259rbaycan\u0131n s\u0259drliyi il\u0259 T\u00fcrkdilli D\u00f6vl\u0259tl\u0259rin \u018fm\u0259kda\u015fl\u0131q \u015euras\u0131na (T\u00fcrk \u015euras\u0131) \u00fczv \u00f6lk\u0259l\u0259r aras\u0131nda ke\u00e7iril\u0259n videokonfransda pandemiya il\u0259 ba\u011fl\u0131 g\u00f6r\u00fcl\u0259n t\u0259dbirl\u0259rin m\u00fczakir\u0259si zaman\u0131 m\u0259lumat verib.<\/p>\n<div id=\"AdviadNativeVideo0\" class=\"AdviadNativeVideo\"><\/div>\n<p>O bildirib ki, Az\u0259rbaycan \u0259razisind\u0259 koronavirusun yay\u0131lmas\u0131n\u0131n qar\u015f\u0131s\u0131n\u0131 almaq m\u0259qs\u0259dil\u0259 h\u0259r sah\u0259 \u00fczr\u0259 beyn\u0259lxalq t\u0259cr\u00fcb\u0259y\u0259 \u0259saslanan t\u0259dbirl\u0259r g\u00f6r\u00fcl\u00fcr:<\/p>\n<p>\u201c\u00d6lk\u0259nin b\u00fct\u00fcn s\u0259rh\u0259dl\u0259ri s\u0259rni\u015fin da\u015f\u0131malar\u0131na ba\u011flan\u0131b. Xarici \u00f6lk\u0259l\u0259rd\u0259 olan 15 mind\u0259n art\u0131q v\u0259t\u0259nda\u015f\u0131m\u0131z \u00e7arter t\u0259yyar\u0259 reysl\u0259ri il\u0259 \u00f6lk\u0259y\u0259 g\u0259tirilib. \u00d6lk\u0259d\u0259 \u015f\u0259h\u0259rl\u0259raras\u0131, rayonlararas\u0131 n\u0259qliyyat\u0131n v\u0259 Bak\u0131 Metropoliteninin f\u0259aliyy\u0259ti tam dayand\u0131r\u0131l\u0131b\u201d.Oxu.Az<\/p>\n","protected":false},"excerpt":{"rendered":"<p>\u201cKoronavirusun yay\u0131lmas\u0131n\u0131n qar\u015f\u0131s\u0131n\u0131 almaq m\u0259qs\u0259dil\u0259 \u00f6lk\u0259d\u0259 \u015f\u0259h\u0259rl\u0259raras\u0131, rayonlararas\u0131 n\u0259qliyyat\u0131n f\u0259aliyy\u0259ti tam dayand\u0131r\u0131l\u0131b\u201d. ARANTV.AZ x\u0259b\u0259r verir ki, bu bar\u0259d\u0259 N\u0259qliyyat, Rabit\u0259 v\u0259 Y\u00fcks\u0259k Texnologiyalar naziri Ramin Quluzad\u0259 Az\u0259rbaycan\u0131n s\u0259drliyi il\u0259 T\u00fcrkdilli D\u00f6vl\u0259tl\u0259rin \u018fm\u0259kda\u015fl\u0131q \u015euras\u0131na (T\u00fcrk \u015euras\u0131) \u00fczv \u00f6lk\u0259l\u0259r aras\u0131nda ke\u00e7iril\u0259n videokonfransda pandemiya il\u0259 ba\u011fl\u0131 g\u00f6r\u00fcl\u0259n t\u0259dbirl\u0259rin m\u00fczakir\u0259si zaman\u0131 m\u0259lumat verib. O bildirib ki, Az\u0259rbaycan \u0259razisind\u0259 koronavirusun yay\u0131lmas\u0131n\u0131n qar\u015f\u0131s\u0131n\u0131 almaq m\u0259qs\u0259dil\u0259 h\u0259r sah\u0259 \u00fczr\u0259 beyn\u0259lxalq t\u0259cr\u00fcb\u0259y\u0259 \u0259saslanan t\u0259dbirl\u0259r g\u00f6r\u00fcl\u00fcr: \u201c\u00d6lk\u0259nin b\u00fct\u00fcn s\u0259rh\u0259dl\u0259ri s\u0259rni\u015fin da\u015f\u0131malar\u0131na ba\u011flan\u0131b. Xarici \u00f6lk\u0259l\u0259rd\u0259 olan 15 mind\u0259n art\u0131q v\u0259t\u0259nda\u015f\u0131m\u0131z \u00e7arter t\u0259yyar\u0259 reysl\u0259ri il\u0259 \u00f6lk\u0259y\u0259 g\u0259tirilib. \u00d6lk\u0259d\u0259 \u015f\u0259h\u0259rl\u0259raras\u0131, rayonlararas\u0131 n\u0259qliyyat\u0131n&hellip;<\/p>\n","protected":false},"author":2,"featured_media":156756,"comment_status":"closed","ping_status":"closed","sticky":false,"template":"","format":"standard","meta":{"om_disable_all_campaigns":false,"_monsterinsights_skip_tracking":false,"_monsterinsights_sitenote_active":false,"_monsterinsights_sitenote_note":"","_monsterinsights_sitenote_category":0},"categories":[26],"tags":[],"aioseo_notices":[],"gutentor_comment":0,"rttpg_featured_image_url":{"full":["https:\/\/arantv.az\/wp-content\/uploads\/2020\/04\/nazir2.jpg",620,413,false],"landscape":["https:\/\/arantv.az\/wp-content\/uploads\/2020\/04\/nazir2.jpg",620,413,false],"portraits":["https:\/\/arantv.az\/wp-content\/uploads\/2020\/04\/nazir2.jpg",620,413,false],"thumbnail":["https:\/\/arantv.az\/wp-content\/uploads\/2020\/04\/nazir2-150x150.jpg",150,150,true],"medium":["https:\/\/arantv.az\/wp-content\/uploads\/2020\/04\/nazir2-300x200.jpg",300,200,true],"large":["https:\/\/arantv.az\/wp-content\/uploads\/2020\/04\/nazir2.jpg",620,413,false],"1536x1536":["https:\/\/arantv.az\/wp-content\/uploads\/2020\/04\/nazir2.jpg",620,413,false],"2048x2048":["https:\/\/arantv.az\/wp-content\/uploads\/2020\/04\/nazir2.jpg",620,413,false],"post-thumbnail":["https:\/\/arantv.az\/wp-content\/uploads\/2020\/04\/nazir2-240x172.jpg",240,172,true],"advps-thumb-one":["https:\/\/arantv.az\/wp-content\/uploads\/2020\/04\/nazir2.jpg",620,413,false]},"rttpg_author":{"display_name":"V\u00fcsal Rafiqo\u011flu","author_link":"https:\/\/arantv.az\/?author=2"},"rttpg_comment":0,"rttpg_category":"<a href=\"https:\/\/arantv.az\/?cat=26\" rel=\"category\">Sosial<\/a>","rttpg_excerpt":"\u201cKoronavirusun yay\u0131lmas\u0131n\u0131n qar\u015f\u0131s\u0131n\u0131 almaq m\u0259qs\u0259dil\u0259 \u00f6lk\u0259d\u0259 \u015f\u0259h\u0259rl\u0259raras\u0131, rayonlararas\u0131 n\u0259qliyyat\u0131n f\u0259aliyy\u0259ti tam dayand\u0131r\u0131l\u0131b\u201d. ARANTV.AZ x\u0259b\u0259r verir ki, bu bar\u0259d\u0259 N\u0259qliyyat, Rabit\u0259 v\u0259 Y\u00fcks\u0259k Texnologiyalar naziri Ramin Quluzad\u0259 Az\u0259rbaycan\u0131n s\u0259drliyi il\u0259 T\u00fcrkdilli D\u00f6vl\u0259tl\u0259rin \u018fm\u0259kda\u015fl\u0131q \u015euras\u0131na (T\u00fcrk \u015euras\u0131) \u00fczv \u00f6lk\u0259l\u0259r aras\u0131nda ke\u00e7iril\u0259n videokonfransda pandemiya il\u0259 ba\u011fl\u0131 g\u00f6r\u00fcl\u0259n t\u0259dbirl\u0259rin m\u00fczakir\u0259si zaman\u0131 m\u0259lumat verib. O bildirib ki, Az\u0259rbaycan \u0259razisind\u0259 koronavirusun&hellip;","_links":{"self":[{"href":"https:\/\/arantv.az\/index.php?rest_route=\/wp\/v2\/posts\/156755"}],"collection":[{"href":"https:\/\/arantv.az\/index.php?rest_route=\/wp\/v2\/posts"}],"about":[{"href":"https:\/\/arantv.az\/index.php?rest_route=\/wp\/v2\/types\/post"}],"author":[{"embeddable":true,"href":"https:\/\/arantv.az\/index.php?rest_route=\/wp\/v2\/users\/2"}],"replies":[{"embeddable":true,"href":"https:\/\/arantv.az\/index.php?rest_route=%2Fwp%2Fv2%2Fcomments&post=156755"}],"version-history":[{"count":0,"href":"https:\/\/arantv.az\/index.php?rest_route=\/wp\/v2\/posts\/156755\/revisions"}],"wp:featuredmedia":[{"embeddable":true,"href":"https:\/\/arantv.az\/index.php?rest_route=\/wp\/v2\/media\/156756"}],"wp:attachment":[{"href":"https:\/\/arantv.az\/index.php?rest_route=%2Fwp%2Fv2%2Fmedia&parent=156755"}],"wp:term":[{"taxonomy":"category","embeddable":true,"href":"https:\/\/arantv.az\/index.php?rest_route=%2Fwp%2Fv2%2Fcategories&post=156755"},{"taxonomy":"post_tag","embeddable":true,"href":"https:\/\/arantv.az\/index.php?rest_route=%2Fwp%2Fv2%2Ftags&post=156755"}],"curies":[{"name":"wp","href":"https:\/\/api.w.org\/{rel}","templated":true}]}}